{"id":123487,"date":"2021-02-12T21:40:41","date_gmt":"2021-02-13T00:40:41","guid":{"rendered":"https:\/\/historiadofutebol.com\/blog\/?p=123487"},"modified":"2021-02-12T21:43:43","modified_gmt":"2021-02-13T00:43:43","slug":"centro-esportivo-acuense-municipio-de-assu-rn-fundado-na-decada-40","status":"publish","type":"post","link":"https:\/\/historiadofutebol.com\/blog\/?p=123487","title":{"rendered":"Centro Esportivo A\u00e7uense &#8211; Munic\u00edpio de Assu (RN): Fundado na d\u00e9cada 40"},"content":{"rendered":"\n<div class=\"wp-block-image\"><figure class=\"aligncenter size-large\"><img loading=\"lazy\" decoding=\"async\" width=\"500\" height=\"327\" src=\"https:\/\/historiadofutebol.com\/blog\/wp-content\/uploads\/2021\/02\/CE-Acuense-Assu-500x327.jpg\" alt=\"\" class=\"wp-image-123488\" srcset=\"https:\/\/historiadofutebol.com\/blog\/wp-content\/uploads\/2021\/02\/CE-Acuense-Assu-500x327.jpg 500w, https:\/\/historiadofutebol.com\/blog\/wp-content\/uploads\/2021\/02\/CE-Acuense-Assu-300x196.jpg 300w, https:\/\/historiadofutebol.com\/blog\/wp-content\/uploads\/2021\/02\/CE-Acuense-Assu-624x408.jpg 624w, https:\/\/historiadofutebol.com\/blog\/wp-content\/uploads\/2021\/02\/CE-Acuense-Assu.jpg 700w\" sizes=\"auto, (max-width: 500px) 100vw, 500px\" \/><\/figure><\/div>\n\n\n\n<p>O <strong>Centro Esportivo A\u00e7uense<\/strong> foi uma agremia\u00e7\u00e3o do Munic\u00edpio de Assu (RN). O <strong><em>rubro-negro assuense<\/em><\/strong> ou <strong><em>CEA<\/em><\/strong> foi <strong><em>Fundado na d\u00e9cada 40<\/em><\/strong>, pelo prefeito da \u00e9poca de Assu, <em>Sr. Arcelino Costa Leit\u00e3o<\/em> <em>(que depois foi presidente do <strong>Fortaleza<\/strong>-CE)<\/em>.<\/p>\n\n\n\n<p>Durante a sua exist\u00eancia h\u00e1 registros de jogos contra grandes do futebol nordestino: <strong><em>ABC de Natal<\/em><\/strong><em> (tr\u00eas jogos)<\/em>, <strong><em>Am\u00e9rica de Natal<\/em><\/strong> <em>(dois jogos)<\/em>, <strong><em>Fortaleza-CE<\/em><\/strong>, <strong><em>Caic\u00f3 Esporte Clube<\/em><\/strong> e <strong><em>Cruzeiro de Maca\u00edba<\/em><\/strong> (um encontro).<\/p>\n\n\n\n<p><strong>Inaugura\u00e7\u00e3o do 1\u00ba Est\u00e1dio de Assu, e goleada em cima do Caic\u00f3 E.C.<\/strong><\/p>\n\n\n\n<p>O <strong><em>Est\u00e1dio Senador Jo\u00e3o C\u00e2mara<\/em><\/strong>, no munic\u00edpio de Assu, foi inaugurado <em>na tarde de s\u00e1bado, \u00e0s 16 horas, do dia 19 de Novembro de 1949<\/em>. A partida entre <strong>Centro Esportivo A\u00e7uense<\/strong> e <strong><em>Caic\u00f3 Esporte Clube<\/em><\/strong>, da cidade de Caic\u00f3, marcou a estreia do campo.<\/p>\n\n\n\n<p>Com uma <strong><em>Renda<\/em><\/strong> de <em>10 mil cruzeiros<\/em>, o <strong>A\u00e7uense<\/strong> goleou o <strong><em>Caic\u00f3 <\/em><\/strong>pelo placar de <strong><em>5 a 0<\/em><\/strong>. Uma curiosidade sobre a peleja, \u00e9 que a partida foi transmitida para Assu, pela rede de auto-falantes da amplificadora &#8220;<strong><em>Voz do Munic\u00edpio<\/em><\/strong>&#8220;.<\/p>\n\n\n\n<div class=\"wp-block-image\"><figure class=\"aligncenter size-large\"><img loading=\"lazy\" decoding=\"async\" width=\"500\" height=\"366\" src=\"https:\/\/historiadofutebol.com\/blog\/wp-content\/uploads\/2021\/02\/Centro-Esportivo-Acuense-11-500x366.jpg\" alt=\"\" class=\"wp-image-123489\" srcset=\"https:\/\/historiadofutebol.com\/blog\/wp-content\/uploads\/2021\/02\/Centro-Esportivo-Acuense-11-500x366.jpg 500w, https:\/\/historiadofutebol.com\/blog\/wp-content\/uploads\/2021\/02\/Centro-Esportivo-Acuense-11-300x220.jpg 300w, https:\/\/historiadofutebol.com\/blog\/wp-content\/uploads\/2021\/02\/Centro-Esportivo-Acuense-11-624x457.jpg 624w, https:\/\/historiadofutebol.com\/blog\/wp-content\/uploads\/2021\/02\/Centro-Esportivo-Acuense-11.jpg 720w\" sizes=\"auto, (max-width: 500px) 100vw, 500px\" \/><\/figure><\/div>\n\n\n\n<p><\/p>\n\n\n\n<p><strong>A\u00e7uense enfrentou o ABC, em Natal<\/strong><\/p>\n\n\n\n<p><em>Na tarde de domingo, do dia 13 de Agosto de 1950<\/em>, o <strong><em>ABC<\/em><\/strong> bateu o <strong><em>A\u00e7uense<\/em><\/strong> por <strong><em>4 a 2<\/em><\/strong>, no <em>Est\u00e1dio Juvenal Lamartine<\/em>, na Avenida Hermes da Fonseca, no bairro do Tirol, em Natal.<\/p>\n\n\n\n<p>Os ingressos foram vendidos a 15 cruzeiros (arquibancada) e 10 cruzeiros (populares) e tr\u00eas cruzeiros (Geral). O atacante <em>Jorginho<\/em> abriu o placar para o <strong><em>ABC<\/em><\/strong> aos 14 minutos. <em>Lino<\/em> empatou para os <strong><em>assuenses<\/em><\/strong> aos 24 minutos. Por\u00e9m, <em>Paulo Isidro<\/em> voltou a colocar o <strong><em>alvinegro<\/em><\/strong> em vantagem aos 42 minutos do 1\u00ba tempo.<\/p>\n\n\n\n<p>Na etapa final, <em>Paulo Isidro<\/em> ampliou logo aos 2 minutos e <em>Albano<\/em> transformou em goleada aos 15 minutos. O atacante <em>Valdir<\/em> diminuiu aos 30 minutos, dando n\u00fameros finais ao jogo.<\/p>\n\n\n\n<p class=\"has-text-align-center\"><strong>ABC de Natal &nbsp;&nbsp;&nbsp;&nbsp;&nbsp;&nbsp;&nbsp;&nbsp; 4&nbsp;&nbsp;&nbsp;&nbsp;&nbsp;&nbsp;&nbsp;&nbsp;&nbsp; x&nbsp;&nbsp;&nbsp;&nbsp;&nbsp;&nbsp;&nbsp;&nbsp;&nbsp; 2&nbsp;&nbsp;&nbsp;&nbsp;&nbsp;&nbsp;&nbsp;&nbsp;&nbsp; A\u00c7UENSE<\/strong><\/p>\n\n\n\n<figure class=\"wp-block-table\"><table><tbody><tr><td><strong>LOCAL<\/strong><\/td><td>Est\u00e1dio Juvenal Lamartine, na Av. Hermes da Fonseca, no bairro do Tirol, em Natal<\/td><\/tr><tr><td><strong>CAR\u00c1TER<\/strong><\/td><td>Amistoso estadual<\/td><\/tr><tr><td><strong>DATA<\/strong><\/td><td>Domingo, do dia 13 de Agosto de 1950<\/td><\/tr><tr><td><strong>RENDA<\/strong><\/td><td>6.546 cruzeiros<\/td><\/tr><tr><td><strong>\u00c1BITRO<\/strong><\/td><td>Jo\u00e3o Bezerra Lira<\/td><\/tr><tr><td><strong>AUXLIARES<\/strong><\/td><td>Silva e Argemiro Bertino<\/td><\/tr><tr><td><strong>ABC <\/strong><\/td><td>Zome; Tor\u00e9 e Paulo; Rom\u00e3o, Gonzaga e Dico; Pageu (Caveirinha e depois Z\u00e9 Domingos), Jorginho, Gon\u00e7alves, Albano e Paulo Isidro.<\/td><\/tr><tr><td><strong>A\u00c7UENSE<\/strong><\/td><td>Maninho; Dedito e Regalado (Baiano); Carmelito, Edson e Melado; Lino (Mundoca), Jo\u00e3o de &#8220;Seu N\u00e9&#8221;, Cachorrinho (Nen\u00e9m), Mundoca (Cachorrinho) e Valdir.<\/td><\/tr><tr><td><strong>GOLS<\/strong><\/td><td>Jorginho aos 14 minutos (ABC); Lino aos 24 minutos (A\u00e7uense); Paulo Isidro aos 42 minutos (ABC); no 1\u00ba tempo. Paulo Isidro aos dois minutos (ABC); Albano aos 15 minutos (ABC); Valdir aos 30 minutos (A\u00e7uense), no 2\u00ba tempo.<\/td><\/tr><\/tbody><\/table><\/figure>\n\n\n\n<p><strong>Amistoso em Assu, diante do ABC de Natal<\/strong><\/p>\n\n\n\n<div class=\"wp-block-image\"><figure class=\"aligncenter size-large\"><img loading=\"lazy\" decoding=\"async\" width=\"500\" height=\"400\" src=\"https:\/\/historiadofutebol.com\/blog\/wp-content\/uploads\/2021\/02\/Centro-Esportivo-Acuense-22-500x400.jpg\" alt=\"\" class=\"wp-image-123490\" srcset=\"https:\/\/historiadofutebol.com\/blog\/wp-content\/uploads\/2021\/02\/Centro-Esportivo-Acuense-22-500x400.jpg 500w, https:\/\/historiadofutebol.com\/blog\/wp-content\/uploads\/2021\/02\/Centro-Esportivo-Acuense-22-300x240.jpg 300w, https:\/\/historiadofutebol.com\/blog\/wp-content\/uploads\/2021\/02\/Centro-Esportivo-Acuense-22-624x499.jpg 624w, https:\/\/historiadofutebol.com\/blog\/wp-content\/uploads\/2021\/02\/Centro-Esportivo-Acuense-22.jpg 720w\" sizes=\"auto, (max-width: 500px) 100vw, 500px\" \/><\/figure><\/div>\n\n\n\n<p><em>No domingo, do dia 14 de Janeiro de 1951<\/em>, O <strong><em>A\u00e7uense<\/em><\/strong> foi derrotado pelo <strong><em>ABC de Natal<\/em><\/strong> por <strong><em>2 a 0,<\/em><\/strong> no Est\u00e1dio Senador Jo\u00e3o C\u00e2mara, em Assu. Os gols sa\u00edram no segundo tempo. <em>Para\u00edba<\/em> de p\u00eanalti, abriu o placar para os visitantes aos 32 minutos. Depois, novamente <em>Para\u00edba<\/em> aproveitando um cruzamento da direita marcou de cabe\u00e7a, o \u00faltimo gol do jogo. <em>Claudionor Pacheco, o Nono<\/em> foi o \u00e1rbitro.<\/p>\n\n\n\n<p><strong>Excurs\u00e3o \u00e0 Natal para enfrentar Am\u00e9rica e ABC<\/strong><\/p>\n\n\n\n<p><em>Na noite de s\u00e1bado, do dia 26 de Maio de 1951<\/em>, o <strong><em>ABC<\/em><\/strong> recebeu e venceu o <strong><em>A\u00e7uense<\/em><\/strong> por <strong><em>3 a 0<\/em><\/strong>, no <em>Est\u00e1dio Juvenal Lamartine<\/em>, na Avenida Hermes da Fonseca, no bairro do Tirol, em Natal. Os gols foram de <em>Jorginho<\/em> aos 6 minutos no primeiro tempo; de novo, <em>Jorginho<\/em> aos 7 minutos e <em>Tid\u00e3o<\/em> aos 27 minutos do segundo tempo.<\/p>\n\n\n\n<p class=\"has-text-align-center\"><strong>ABC de Natal &nbsp;&nbsp;&nbsp;&nbsp;&nbsp;&nbsp;&nbsp;&nbsp; 3&nbsp;&nbsp;&nbsp;&nbsp;&nbsp;&nbsp;&nbsp;&nbsp;&nbsp; x&nbsp;&nbsp;&nbsp;&nbsp;&nbsp;&nbsp;&nbsp;&nbsp;&nbsp; 0&nbsp;&nbsp;&nbsp;&nbsp;&nbsp;&nbsp;&nbsp;&nbsp;&nbsp; A\u00c7UENSE<\/strong><\/p>\n\n\n\n<figure class=\"wp-block-table\"><table><tbody><tr><td><strong>LOCAL<\/strong><\/td><td>Est\u00e1dio Juvenal Lamartine, na Av. Hermes da Fonseca, no bairro do Tirol, em Natal<\/td><\/tr><tr><td><strong>CAR\u00c1TER<\/strong><\/td><td>Amistoso estadual<\/td><\/tr><tr><td><strong>DATA<\/strong><\/td><td>S\u00e1bado, do dia 26 de Maio de 1951<\/td><\/tr><tr><td><strong>RENDA<\/strong><\/td><td>N\u00e3o divulgado<\/td><\/tr><tr><td><strong>\u00c1BITRO<\/strong><\/td><td>Francisco Lamas<\/td><\/tr><tr><td><strong>AUXLIARES<\/strong><\/td><td>Edval Cavalcanti e Geraldo Cabral<\/td><\/tr><tr><td><strong>ABC <\/strong><\/td><td>Ribamar; Dico e Rom\u00e3o; Arlindo, Tor\u00e9 e Gonzaga; Albano (Cachorinho), Jorginho, Tid\u00e3o (Gon\u00e7alves), Tico (Albano) e Paulo Isidro.<\/td><\/tr><tr><td><strong>A\u00c7UENSE<\/strong><\/td><td>Jairo; Mimi e Saraiva; Zezinho, Edson (Piolho) e Z\u00e9 de Zezinho (Edson); Mundoca (Lino), Jo\u00e3o de &#8220;Seu N\u00e9&#8221;, Juarez, Piolho (Z\u00e9 de Zezinho) e Valdir.<\/td><\/tr><tr><td><strong>GOLS<\/strong><\/td><td>Jorginho aos seis minutos (ABC); no 1\u00ba tempo. Jorginho aos sete minutos (ABC); Tid\u00e3o aos 27 minutos (ABC), no 2\u00ba tempo.<\/td><\/tr><\/tbody><\/table><\/figure>\n\n\n\n<p><em>Na noite de segunda-feira, do dia 28 de Maio de 1951<\/em>, o <strong><em>Am\u00e9rica<\/em><\/strong> venceu o <strong>A\u00e7uense<\/strong> por <strong><em>3 a 1<\/em><\/strong>, no <em>Est\u00e1dio Juvenal Lamartine<\/em>, na Avenida Hermes da Fonseca, no bairro do Tirol, em Natal.<\/p>\n\n\n\n<p>No 1\u00ba tempo, <em>Franklin<\/em>, de cabe\u00e7a, deixou o <strong><em>Mec\u00e3o<\/em><\/strong> em vantagem aos 30 minutos. Na etapa final, <em>Pernambuco<\/em> ampliou aos 9 minutos. Dois minutos depois, <em>Melado<\/em> diminuiu para <strong><em>A\u00e7uense<\/em><\/strong>. Mas aos 15 minutos, &nbsp;<em>Franklin<\/em> deu n\u00fameros finais a peleja.<\/p>\n\n\n\n<p class=\"has-text-align-center\"><strong>Am\u00e9rica de Natal &nbsp; 3&nbsp;&nbsp;&nbsp;&nbsp;&nbsp;&nbsp;&nbsp;&nbsp;&nbsp; x&nbsp;&nbsp;&nbsp;&nbsp;&nbsp;&nbsp;&nbsp;&nbsp;&nbsp; 1&nbsp;&nbsp;&nbsp;&nbsp;&nbsp;&nbsp;&nbsp;&nbsp;&nbsp; A\u00c7UENSE<\/strong><\/p>\n\n\n\n<figure class=\"wp-block-table\"><table><tbody><tr><td><strong>LOCAL<\/strong><\/td><td>Est\u00e1dio Juvenal Lamartine, na Av. Hermes da Fonseca, no bairro do Tirol, em Natal<\/td><\/tr><tr><td><strong>CAR\u00c1TER<\/strong><\/td><td>Amistoso estadual<\/td><\/tr><tr><td><strong>DATA<\/strong><\/td><td>Segunda-feira, do dia 28 de Maio de 1951<\/td><\/tr><tr><td><strong>RENDA<\/strong><\/td><td>N\u00e3o divulgado<\/td><\/tr><tr><td><strong>\u00c1BITRO<\/strong><\/td><td>Eugenio Silva<\/td><\/tr><tr><td><strong>Am\u00e9rica <\/strong><\/td><td>Gerim; Artemio e Barbosa; Ozi, Pretinha e Ernani; Gilvan, Diebe, Franklin, Pernambuco (Tido) e Gilvandro.<\/td><\/tr><tr><td><strong>A\u00c7UENSE<\/strong><\/td><td>Jairo; Mimi e Saraiva; Z\u00e9 de Zezinho, Edson (Carlos) e Dedito; Bira (Mundoca e depois Lino), Melado (Seu N\u00e9), Juarez, Piolho e Valdir.<\/td><\/tr><tr><td><strong>GOLS<\/strong><\/td><td>Franklin aos 30 minutos (Am\u00e9rica); no 1\u00ba tempo. Pernambuco aos 9 minutos (Am\u00e9rica); Melado aos 11 minutos (A\u00e7uense); Franklin aos 15 minutos (Am\u00e9rica), no 2\u00ba tempo. &nbsp;<\/td><\/tr><\/tbody><\/table><\/figure>\n\n\n\n<p>Ap\u00f3s a excurs\u00e3o, o <strong><em>ABC de Natal<\/em><\/strong> acabou contratando o atacante <em>Juarez<\/em>, enquanto o <strong><em>Santa Cruz<\/em><\/strong>, tamb\u00e9m da capital potiguar contratou o goleiro <em>Jairo<\/em>, ambos do <strong><em>A\u00e7uense<\/em><\/strong>.<\/p>\n\n\n\n<p><strong>A\u00e7uense bate o Am\u00e9rica de Natal<\/strong><\/p>\n\n\n\n<p><em>Na tarde de domingo, do dia 09 de Setembro de 1951<\/em>, o <strong><em>A\u00e7uense<\/em><\/strong> recebeu o <strong><em>Am\u00e9rica de Natal<\/em><\/strong>, e devolveu o placar, vencendo por <strong><em>3 a 1<\/em><\/strong>, no <strong><em>Est\u00e1dio Senador Jo\u00e3o C\u00e2mara<\/em><\/strong>, no munic\u00edpio de Assu.<\/p>\n\n\n\n<p><strong>Em jogo de seis gols, A\u00e7uense e Fortaleza (CE) empatam<\/strong><\/p>\n\n\n\n<p>Uma das partidas mais sensacionais aconteceu <em>no domingo, 16 de novembro de 1952<\/em>, quando o <strong>A\u00e7uense <\/strong>empatou em <strong><em>3 a 3<\/em><\/strong> com o <strong><em>Fortaleza<\/em><\/strong>, o famoso <strong><em>tricolor da capital cearense<\/em><\/strong>. O embate ocorreu no <strong><em>Est\u00e1dio Senador Jo\u00e3o C\u00e2mara<\/em><\/strong>, assim denominado em homenagem ao pol\u00edtico norte norte-rio-grandense morto quatro anos antes.<\/p>\n\n\n\n<p>Certamente o jogo do <strong><em>CEA<\/em><\/strong> com o <strong><em>Le\u00e3o do Pici<\/em><\/strong> teve o endosso do paraibano radicado em Assu, <em>Arcelino Costa Leit\u00e3o<\/em>, que, na \u00e9poca, chegou a presidente do clube da capital do Cear\u00e1, e, nos anos 60, prefeito no munic\u00edpio a\u00e7uense.<\/p>\n\n\n\n<p>O jogo foi noticiado, sem mais detalhes <em>(exceto placar, data e local)<\/em> no jornal di\u00e1rio vespertino cat\u00f3lico&nbsp;<em>A Ordem<\/em>, na p\u00e1gina 3, edi\u00e7\u00e3o da segunda-feira. Em meio ao informe do \u2018<em>Domingo esportivo \u2013 Os jogos disputados no Brasil<\/em>\u2019.<\/p>\n\n\n\n<p><strong>Inaugura\u00e7\u00e3o do Est\u00e1dio Dr. Jos\u00e9 Jorge Maciel, em Maca\u00edba<\/strong><\/p>\n\n\n\n<p>O <strong>A\u00e7uense<\/strong> fez parte dos festejos da inaugura\u00e7\u00e3o do <strong><em>Est\u00e1dio do Cruzeiro Futebol Clube<\/em><\/strong>, da cidade de Maca\u00edba (RN). Ap\u00f3s ter sido derrotado duas vezes pelo <strong><em>rubro-negro assuense<\/em><\/strong>, a diretoria do <strong><em>Cruzeiro<\/em><\/strong> escolheu o advers\u00e1rio para inaugurar <em>no domingo, do dia 6 de dezembro de 1953<\/em>, \u00e0s 15h30min.,e tentar uma revanche. Infelizmente, o resultado n\u00e3o foi noticiado.<\/p>\n\n\n\n<div class=\"wp-block-image\"><figure class=\"aligncenter size-large\"><img loading=\"lazy\" decoding=\"async\" width=\"500\" height=\"500\" src=\"https:\/\/historiadofutebol.com\/blog\/wp-content\/uploads\/2021\/02\/Estadio-Senador-Joao-Camara-Assu-1949-500x500.jpg\" alt=\"\" class=\"wp-image-123491\" srcset=\"https:\/\/historiadofutebol.com\/blog\/wp-content\/uploads\/2021\/02\/Estadio-Senador-Joao-Camara-Assu-1949-500x500.jpg 500w, https:\/\/historiadofutebol.com\/blog\/wp-content\/uploads\/2021\/02\/Estadio-Senador-Joao-Camara-Assu-1949-300x300.jpg 300w, https:\/\/historiadofutebol.com\/blog\/wp-content\/uploads\/2021\/02\/Estadio-Senador-Joao-Camara-Assu-1949-150x150.jpg 150w, https:\/\/historiadofutebol.com\/blog\/wp-content\/uploads\/2021\/02\/Estadio-Senador-Joao-Camara-Assu-1949-624x624.jpg 624w, https:\/\/historiadofutebol.com\/blog\/wp-content\/uploads\/2021\/02\/Estadio-Senador-Joao-Camara-Assu-1949.jpg 646w\" sizes=\"auto, (max-width: 500px) 100vw, 500px\" \/><\/figure><\/div>\n\n\n\n<p><strong>Curiosidades:<\/strong> D\u00e9cadas  depois, o <strong>Est\u00e1dio Senador Jo\u00e3o C\u00e2mara<\/strong> foi demolido para assentar a antiga <strong><em>CIBRAZEN<\/em><\/strong>, atual <em><strong>CONAB<\/strong><\/em>. No local, al\u00e9m de casas resid\u00eancias, foram erguidas lojas comerciais. Outro aspecto interessante \u00e9 que o <strong>Est\u00e1dio Senador Jo\u00e3o C\u00e2mara<\/strong> foi o 1\u00ba campo de futebol em Assu.<\/p>\n\n\n\n<p><em><strong><\/strong><strong><em><u>Colaborou<\/u>:<\/em><\/strong><\/em><em>  <\/em><em>Adeilton Alves<\/em><\/p>\n\n\n\n<p><strong><em><u>FONTES<\/u><\/em><\/strong><strong><em>:<\/em><\/strong><em> Blog Tatutom Sports &#8211; A Ordem (RN) &#8211; Di\u00e1rio de Natal (RN) &#8211; Blog Assu na Ponta da L\u00edngua &#8211; Jornal da Grande Natal<\/em><em><\/em><\/p>\n","protected":false},"excerpt":{"rendered":"<p>O Centro Esportivo A\u00e7uense foi uma agremia\u00e7\u00e3o do Munic\u00edpio de Assu (RN). O rubro-negro assuense ou CEA foi Fundado na d\u00e9cada 40, pelo prefeito da \u00e9poca de Assu, Sr. Arcelino Costa Leit\u00e3o (que depois foi presidente do Fortaleza-CE). Durante a sua exist\u00eancia h\u00e1 registros de jogos contra grandes do futebol nordestino: ABC de Natal (tr\u00eas [&hellip;]<\/p>\n","protected":false},"author":55,"featured_media":0,"comment_status":"open","ping_status":"closed","sticky":false,"template":"","format":"standard","meta":{"footnotes":""},"categories":[203,531,32,83,59,75,345,3,45],"tags":[],"class_list":["post-123487","post","type-post","status-publish","format-standard","hentry","category-sergio-mello","category-carencias","category-ceara","category-x9-curiosidades","category-escudos","category-x3-estadios","category-fotos-historicas","category-historia-do-futebol","category-rg-do-norte"],"_links":{"self":[{"href":"https:\/\/historiadofutebol.com\/blog\/index.php?rest_route=\/wp\/v2\/posts\/123487","targetHints":{"allow":["GET"]}}],"collection":[{"href":"https:\/\/historiadofutebol.com\/blog\/index.php?rest_route=\/wp\/v2\/posts"}],"about":[{"href":"https:\/\/historiadofutebol.com\/blog\/index.php?rest_route=\/wp\/v2\/types\/post"}],"author":[{"embeddable":true,"href":"https:\/\/historiadofutebol.com\/blog\/index.php?rest_route=\/wp\/v2\/users\/55"}],"replies":[{"embeddable":true,"href":"https:\/\/historiadofutebol.com\/blog\/index.php?rest_route=%2Fwp%2Fv2%2Fcomments&post=123487"}],"version-history":[{"count":4,"href":"https:\/\/historiadofutebol.com\/blog\/index.php?rest_route=\/wp\/v2\/posts\/123487\/revisions"}],"predecessor-version":[{"id":123496,"href":"https:\/\/historiadofutebol.com\/blog\/index.php?rest_route=\/wp\/v2\/posts\/123487\/revisions\/123496"}],"wp:attachment":[{"href":"https:\/\/historiadofutebol.com\/blog\/index.php?rest_route=%2Fwp%2Fv2%2Fmedia&parent=123487"}],"wp:term":[{"taxonomy":"category","embeddable":true,"href":"https:\/\/historiadofutebol.com\/blog\/index.php?rest_route=%2Fwp%2Fv2%2Fcategories&post=123487"},{"taxonomy":"post_tag","embeddable":true,"href":"https:\/\/historiadofutebol.com\/blog\/index.php?rest_route=%2Fwp%2Fv2%2Ftags&post=123487"}],"curies":[{"name":"wp","href":"https:\/\/api.w.org\/{rel}","templated":true}]}}