{"id":123088,"date":"2020-11-23T22:19:01","date_gmt":"2020-11-24T01:19:01","guid":{"rendered":"https:\/\/historiadofutebol.com\/blog\/?p=123088"},"modified":"2020-11-23T22:21:29","modified_gmt":"2020-11-24T01:21:29","slug":"esporte-clube-sauassu-aracruz-es-existiu-de-1954-a-1992","status":"publish","type":"post","link":"https:\/\/historiadofutebol.com\/blog\/?p=123088","title":{"rendered":"Esporte Clube Sauass\u00fa &#8211; Aracruz (ES): Existiu de 1954 a 1992"},"content":{"rendered":"\n<div class=\"wp-block-image\"><figure class=\"aligncenter size-large\"><img loading=\"lazy\" decoding=\"async\" width=\"500\" height=\"323\" src=\"https:\/\/historiadofutebol.com\/blog\/wp-content\/uploads\/2020\/11\/EC-Sauassu-Aracruz-1957-500x323.jpg\" alt=\"\" class=\"wp-image-123089\" srcset=\"https:\/\/historiadofutebol.com\/blog\/wp-content\/uploads\/2020\/11\/EC-Sauassu-Aracruz-1957-500x323.jpg 500w, https:\/\/historiadofutebol.com\/blog\/wp-content\/uploads\/2020\/11\/EC-Sauassu-Aracruz-1957-300x194.jpg 300w, https:\/\/historiadofutebol.com\/blog\/wp-content\/uploads\/2020\/11\/EC-Sauassu-Aracruz-1957-768x496.jpg 768w, https:\/\/historiadofutebol.com\/blog\/wp-content\/uploads\/2020\/11\/EC-Sauassu-Aracruz-1957-624x403.jpg 624w, https:\/\/historiadofutebol.com\/blog\/wp-content\/uploads\/2020\/11\/EC-Sauassu-Aracruz-1957.jpg 988w\" sizes=\"auto, (max-width: 500px) 100vw, 500px\" \/><\/figure><\/div>\n\n\n\n<p>O <strong>Esporte Clube Sauass\u00fa <em>(atual: Esporte Clube Aracruz)<\/em><\/strong> \u00e9 uma agremia\u00e7\u00e3o do munic\u00edpio de Aracruz (ES). Situado a 83 km da capital (Vit\u00f3ria), a localidade conta com uma popula\u00e7\u00e3o de 103.101 habitantes, segundo o <em>Censo do IBGE\/2020<\/em>. A sua <strong><em>Sede<\/em><\/strong> fica na <strong><em>Rua Padre Luiz Parenzi, n\u00ba 369, no Centro de Aracruz<\/em><\/strong>.<\/p>\n\n\n\n<p>O &#8220;<strong><em>Drag\u00e3o Vermelho<\/em><\/strong>&#8221; foi <strong><em>Fundado no s\u00e1bado, do dia 12 de Junho de 1954<\/em><\/strong>, com o nome <strong>Esporte Clube Sauass\u00fa<\/strong>, em homenagem ao antigo distrito que hoje \u00e9 a sede do Munic\u00edpio.<\/p>\n\n\n\n<p>No come\u00e7o a ideia foi criar um time amador para disputar a &nbsp;pr\u00e1tica de esportes da regi\u00e3o. A <strong><em>1\u00aa Diretoria<\/em><\/strong> foi constitu\u00edda com os seguintes membros: <em>F. Souza Neto<\/em>, <em>Art\u00eamio Modenesi<\/em>, <em>Aur\u00edcio Modenesi<\/em>, <em>Pedro Tonon<\/em>, <em>Francisco Monteiro Bermudes<\/em>, <em>Jo\u00e3o Paulo de Barcelos<\/em> e <em>Otac\u00edlio Bermudes<\/em>.<\/p>\n\n\n\n<div class=\"wp-block-image\"><figure class=\"aligncenter size-large\"><img loading=\"lazy\" decoding=\"async\" width=\"475\" height=\"500\" src=\"https:\/\/historiadofutebol.com\/blog\/wp-content\/uploads\/2020\/11\/EC-Sauassu-Aracruz-1957-1-475x500.jpg\" alt=\"\" class=\"wp-image-123091\" srcset=\"https:\/\/historiadofutebol.com\/blog\/wp-content\/uploads\/2020\/11\/EC-Sauassu-Aracruz-1957-1-475x500.jpg 475w, https:\/\/historiadofutebol.com\/blog\/wp-content\/uploads\/2020\/11\/EC-Sauassu-Aracruz-1957-1-285x300.jpg 285w, https:\/\/historiadofutebol.com\/blog\/wp-content\/uploads\/2020\/11\/EC-Sauassu-Aracruz-1957-1-768x808.jpg 768w, https:\/\/historiadofutebol.com\/blog\/wp-content\/uploads\/2020\/11\/EC-Sauassu-Aracruz-1957-1-624x657.jpg 624w, https:\/\/historiadofutebol.com\/blog\/wp-content\/uploads\/2020\/11\/EC-Sauassu-Aracruz-1957-1.jpg 1228w\" sizes=\"auto, (max-width: 475px) 100vw, 475px\" \/><\/figure><\/div>\n\n\n\n<p>Em 1956, por doa\u00e7\u00e3o do benem\u00e9rito <em>Eug\u00eanio Ant\u00f4nio Bitti<\/em>, o <strong>Sauass\u00fa<\/strong> recebeu uma \u00e1rea de mais de <em>29 mil m\u00b2<\/em> para a constru\u00e7\u00e3o de sua pra\u00e7a esportiva, por anos chamada de <strong><em>Est\u00e1dio do Bambu<\/em><\/strong>, em fun\u00e7\u00e3o do fato de que era toda cercada pela referida planta.<\/p>\n\n\n\n<p>No final dos anos 80, o espa\u00e7o recebeu alvenaria e jogos amadores, principalmente contra <strong><em>Mariano<\/em><\/strong>, rival na \u00e9poca. Pela primeira vez como clube profissional, o <strong>Sauass\u00fa<\/strong> se <strong><em>sagrou campe\u00e3o<\/em><\/strong> do <strong><em>Campeonato Capixaba da 2\u00aa Divis\u00e3o, em 1990<\/em><\/strong>, organizado pela <strong><em>Federa\u00e7\u00e3o de Futebol do Estado do Esp\u00edrito Santo<\/em><\/strong>.<\/p>\n\n\n\n<div class=\"wp-block-image\"><figure class=\"aligncenter size-large\"><img loading=\"lazy\" decoding=\"async\" width=\"500\" height=\"314\" src=\"https:\/\/historiadofutebol.com\/blog\/wp-content\/uploads\/2020\/11\/EC-Aracruz-500x314.jpg\" alt=\"\" class=\"wp-image-123090\" srcset=\"https:\/\/historiadofutebol.com\/blog\/wp-content\/uploads\/2020\/11\/EC-Aracruz-500x314.jpg 500w, https:\/\/historiadofutebol.com\/blog\/wp-content\/uploads\/2020\/11\/EC-Aracruz-300x189.jpg 300w, https:\/\/historiadofutebol.com\/blog\/wp-content\/uploads\/2020\/11\/EC-Aracruz-768x483.jpg 768w, https:\/\/historiadofutebol.com\/blog\/wp-content\/uploads\/2020\/11\/EC-Aracruz-624x392.jpg 624w, https:\/\/historiadofutebol.com\/blog\/wp-content\/uploads\/2020\/11\/EC-Aracruz.jpg 818w\" sizes=\"auto, (max-width: 500px) 100vw, 500px\" \/><\/figure><\/div>\n\n\n\n<p>Em 1993, j\u00e1 com o nome novo: <strong><em>Esporte Clube Aracruz<\/em><\/strong>, decidiu o t\u00edtulo do <strong><em>Campeonato Capixaba da 1\u00aa Divis\u00e3o<\/em><\/strong>, contra o extinto <strong><em>Linhares Esporte Clube<\/em><\/strong>. Acabou ficando com o <strong><em>vice-campeonato<\/em><\/strong>.<\/p>\n\n\n\n<p>&nbsp;Ap\u00f3s o \u00fanico rebaixamento de sua hist\u00f3ria, em <strong><em>1994<\/em><\/strong>, paralisou suas atividades nos anos de <strong><em>1995<\/em><\/strong> e <strong><em>1996<\/em><\/strong>, retornando ao <strong><em>Campeonato Capixaba de 1997<\/em><\/strong>, mais uma vez se tornando inativo de <strong><em>2001<\/em><\/strong> a <strong><em>2006<\/em><\/strong>. Retornou \u00e0s disputas em <strong><em>2007<\/em><\/strong>, quando participou, sem \u00eaxito, da <strong><em>2\u00aa Divis\u00e3o do Campeonato Capixaba<\/em><\/strong>.<br \/>Em 2010, novo retorno, vindo a se <strong><em>sagrar campe\u00e3o<\/em><\/strong> <strong><em>Capixaba da Segunda Divis\u00e3o invicto<\/em><\/strong>, derrotando na final a equipe do <strong><em>Estrela do Norte<\/em><\/strong>, de Cachoeiro de Itapemirim (ES).<\/p>\n\n\n\n<p>Em <strong><em>2011<\/em><\/strong>, com boa campanha, quase chegou \u00e0 vaga nas semifinais da <strong><em>1\u00aa divis\u00e3o estadual<\/em><\/strong>, deixando o sonho de ser campe\u00e3o estadual mais uma vez adiado.<br \/>Em 2012 veio o melhor momento da hist\u00f3rica do clube. O <strong><em>Aracruz<\/em><\/strong> foi <em>2\u00b0 colocado<\/em> na <strong><em>1\u00aa fase do Capixab\u00e3o<\/em><\/strong>, chegando \u00e0s semifinais contra o <strong><em>Vit\u00f3ria<\/em><\/strong> e \u00e0s finais contra o <strong><em>Conilon<\/em><\/strong>, de Jaguar\u00e9.<\/p>\n\n\n\n<p>Tendo em vista que o <strong><em>Est\u00e1dio &#8220;Eug\u00eanio A. Bitti&#8221;<\/em><\/strong> n\u00e3o comportava a capacidade de p\u00fablico m\u00ednima de <strong><em>5 mil pessoas<\/em><\/strong>, a diretoria teve que correr contra o tempo para que as reformas necess\u00e1rias fossem cumpridas num prazo de uma semana, tempo concedido ap\u00f3s a ci\u00eancia que participaria da grande decis\u00e3o do Campeonato.<\/p>\n\n\n\n<p>Com problemas quanto \u00e0 quantidade de oper\u00e1rios nas obras de amplia\u00e7\u00e3o, insuficientes, tendo em vista que o prazo somente seria cumprido se o trabalho continuasse durante a madrugada, membros <em>da torcida organizada Drag\u00e3o Vermelho<\/em> colocaram a &#8220;<em>m\u00e3o na massa<\/em>&#8221; onde se constru\u00eda a extens\u00e3o das arquibancadas e passaram a trabalhar para que o sonho de realizar a grande final em casa fosse literalmente concretizado.<br \/><br \/>Com a obra conclu\u00edda e o est\u00e1dio autorizado pelos \u00f3rg\u00e3os governamentais, o <strong><em>Aracruz<\/em><\/strong> derrotou o <strong><em>Conilon<\/em><\/strong> <em>no dia 05 de maio de 2012<\/em> pelo placar de 4 a 1, sendo <strong><em>campe\u00e3o<\/em><\/strong> do <strong><em>Campeonato Capixaba da 1\u00aa Divis\u00e3o<\/em><\/strong> pela primeira vez, com um p\u00fablico de 5 mil pagantes. Em raz\u00e3o dessa conquista, disputou o <strong><em>Campeonato Brasileiro da S\u00e9rie D<\/em><\/strong> de 2012, ficando em 3\u00b0 lugar em seu grupo, mas n\u00e3o avan\u00e7ando de fase.<\/p>\n\n\n\n<p>Em janeiro de <strong><em>2013<\/em><\/strong>, disputou contra a <strong><em>Desportiva Ferrovi\u00e1ria<\/em><\/strong> a <strong><em>Copa dos Campe\u00f5es do Esp\u00edrito Santo<\/em><\/strong>, sagrando-se novamente <strong><em>campe\u00e3o<\/em><\/strong> pelo placar de 2 a 1. No mesmo ano, disputou a <strong><em>Copa do Brasil<\/em><\/strong>, vindo a ser eliminado, na 1\u00aa fase, pelo <strong><em>Joinville (SC)<\/em><\/strong>, ap\u00f3s empatar em casa por 1 a 1 e a perder em Santa Catarina por 1 a 0.<\/p>\n\n\n\n<p>Ainda em <strong><em>2013<\/em><\/strong>, o <strong><em>Drag\u00e3o<\/em><\/strong> foi mais bem classificado na <em>1\u00aa fase<\/em> <strong><em>do Campeonato Capixaba da 1\u00aa Divis\u00e3o<\/em><\/strong>, garantindo a vaga para o <strong><em>Campeonato Brasileiro da S\u00e9rie D<\/em><\/strong> do mesmo ano, classificando para as semifinais contra o <strong><em>Real Noroeste<\/em><\/strong>, de \u00c1guia Branca (ES).<\/p>\n\n\n\n<p>Ap\u00f3s perder por 2 a 1 fora, ganhou a partida de volta por 4 a 2, passando novamente \u00e0 grande final, contra a <strong><em>Desportiva<\/em><\/strong>. Desta vez, por\u00e9m, ap\u00f3s empatar por 1 a 1 o jogo de ida em <em>Cariacica<\/em>, o <strong><em>Aracruz<\/em><\/strong> perdeu, em casa, por 2 a 1, raz\u00e3o pela qual ficou com o <strong><em>vice-campeonato<\/em><\/strong>.<\/p>\n\n\n\n<p>O resultado contra os <strong><em>gren\u00e1s<\/em><\/strong>, por\u00e9m, n\u00e3o retirou do <strong><em>Drag\u00e3o<\/em><\/strong> o t\u00edtulo de maior p\u00fablico acumulado, mais de 22 mil pagantes, e maior renda acumulada do Estado, mais de 220 mil reais. Outra vez na disputa do <strong><em>Campeonato Brasileiro da S\u00e9rie D<\/em><\/strong>, o clube n\u00e3o logrou \u00eaxito, vindo a ser eliminado novamente na 1\u00aa fase.<\/p>\n\n\n\n<p>Em <strong><em>2014<\/em><\/strong>, o <strong><em>Aracruz<\/em><\/strong> desiste de participar do <strong><em>Campeonato Capixaba<\/em><\/strong> e fica suspenso pelo per\u00edodo de um ano. No retorno a uma competi\u00e7\u00e3o oficial, o <strong><em>Aracruz<\/em><\/strong> empata em 1 a 1 com o <strong><em>Rio Branco (ES)<\/em><\/strong>, no <strong><em>Est\u00e1dio do Bambu<\/em><\/strong> na estreia do <strong><em>Campeonato Capixaba da S\u00e9rie B<\/em><\/strong> de 2018.<\/p>\n\n\n\n<p>O <strong><em>Drag\u00e3o<\/em><\/strong> goleia o <strong><em>Vilavelhense<\/em><\/strong> por 3 a 0, em casa, e classifica-se para as semifinais com tr\u00eas rodadas de anteced\u00eancia. Nas semifinais, o <strong><em>Aracruz<\/em><\/strong> \u00e9 eliminado pelo <strong><em>Estrela do Norte<\/em><\/strong> e n\u00e3o consegue o acesso \u00e0 <strong><em>S\u00e9rie A<\/em><\/strong>.<\/p>\n\n\n\n<p>O <strong><em>Aracruz<\/em><\/strong> foi convidado a participar da <strong><em>S\u00e9rie A<\/em><\/strong>, de <strong><em>2019<\/em><\/strong> ap\u00f3s desist\u00eancia do <strong><em>Esp\u00edrito Santo<\/em><\/strong>, por\u00e9m recusa e tamb\u00e9m n\u00e3o participa da <strong><em>S\u00e9rie B de 2019<\/em><\/strong>, entrando novamente em inatividade.<\/p>\n\n\n\n<p><strong><em><u>FONTES<\/u><\/em><\/strong><strong><em>:<\/em><\/strong><em> Federa\u00e7\u00e3o de Futebol do Estado do Esp\u00edrito Santo &#8211; site do clube &#8211; Wikip\u00e9dia &#8211; Manchete Esportiva<\/em><em><\/em><\/p>\n","protected":false},"excerpt":{"rendered":"<p>O Esporte Clube Sauass\u00fa (atual: Esporte Clube Aracruz) \u00e9 uma agremia\u00e7\u00e3o do munic\u00edpio de Aracruz (ES). Situado a 83 km da capital (Vit\u00f3ria), a localidade conta com uma popula\u00e7\u00e3o de 103.101 habitantes, segundo o Censo do IBGE\/2020. A sua Sede fica na Rua Padre Luiz Parenzi, n\u00ba 369, no Centro de Aracruz. O &#8220;Drag\u00e3o Vermelho&#8221; [&hellip;]<\/p>\n","protected":false},"author":55,"featured_media":0,"comment_status":"open","ping_status":"","sticky":false,"template":"","format":"standard","meta":{"footnotes":""},"categories":[203,531,83,59,34,345,3],"tags":[],"class_list":["post-123088","post","type-post","status-publish","format-standard","hentry","category-sergio-mello","category-carencias","category-x9-curiosidades","category-escudos","category-espirito-santo","category-fotos-historicas","category-historia-do-futebol"],"_links":{"self":[{"href":"https:\/\/historiadofutebol.com\/blog\/index.php?rest_route=\/wp\/v2\/posts\/123088","targetHints":{"allow":["GET"]}}],"collection":[{"href":"https:\/\/historiadofutebol.com\/blog\/index.php?rest_route=\/wp\/v2\/posts"}],"about":[{"href":"https:\/\/historiadofutebol.com\/blog\/index.php?rest_route=\/wp\/v2\/types\/post"}],"author":[{"embeddable":true,"href":"https:\/\/historiadofutebol.com\/blog\/index.php?rest_route=\/wp\/v2\/users\/55"}],"replies":[{"embeddable":true,"href":"https:\/\/historiadofutebol.com\/blog\/index.php?rest_route=%2Fwp%2Fv2%2Fcomments&post=123088"}],"version-history":[{"count":1,"href":"https:\/\/historiadofutebol.com\/blog\/index.php?rest_route=\/wp\/v2\/posts\/123088\/revisions"}],"predecessor-version":[{"id":123092,"href":"https:\/\/historiadofutebol.com\/blog\/index.php?rest_route=\/wp\/v2\/posts\/123088\/revisions\/123092"}],"wp:attachment":[{"href":"https:\/\/historiadofutebol.com\/blog\/index.php?rest_route=%2Fwp%2Fv2%2Fmedia&parent=123088"}],"wp:term":[{"taxonomy":"category","embeddable":true,"href":"https:\/\/historiadofutebol.com\/blog\/index.php?rest_route=%2Fwp%2Fv2%2Fcategories&post=123088"},{"taxonomy":"post_tag","embeddable":true,"href":"https:\/\/historiadofutebol.com\/blog\/index.php?rest_route=%2Fwp%2Fv2%2Ftags&post=123088"}],"curies":[{"name":"wp","href":"https:\/\/api.w.org\/{rel}","templated":true}]}}