{"id":123058,"date":"2020-11-17T21:33:23","date_gmt":"2020-11-18T00:33:23","guid":{"rendered":"https:\/\/historiadofutebol.com\/blog\/?p=123058"},"modified":"2020-11-18T00:09:51","modified_gmt":"2020-11-18T03:09:51","slug":"classico-do-rio-negro-brasil-x-uruguai-104-anos-de-tradicao","status":"publish","type":"post","link":"https:\/\/historiadofutebol.com\/blog\/?p=123058","title":{"rendered":"&#8220;Cl\u00e1ssico do Rio Negro&#8221;: Brasil x Uruguai &#8211; 104 anos de tradi\u00e7\u00e3o! Escudos e uniformes em 1916"},"content":{"rendered":"\n<p><span style=\"color:#000000\" class=\"has-inline-color\">O\u00a0&#8220;<strong><em>Cl\u00e1ssico do Rio Negro<\/em>&#8220;<\/strong>! Assim \u00e9 conhecido no continente Sul-americano o jogo entre a<\/span><span style=\"color:#459022\" class=\"has-inline-color\"> <strong>Sele\u00e7\u00e3o Brasileira<\/strong><\/span> e o <strong><em><span style=\"color:#1c6d90\" class=\"has-inline-color\">Uruguai<\/span><\/em><\/strong>,<span style=\"color:#000000\" class=\"has-inline-color\"> com <strong><em>104 anos<\/em><\/strong> de grandes partidas, com diversos ingredientes como suor, sangue, l\u00e1grimas e emo\u00e7\u00f5es.<\/span><\/p>\n\n\n\n<div class=\"wp-block-image\"><figure class=\"aligncenter size-large\"><img loading=\"lazy\" decoding=\"async\" width=\"500\" height=\"326\" src=\"https:\/\/historiadofutebol.com\/blog\/wp-content\/uploads\/2020\/11\/BRA-1916-500x326.jpg\" alt=\"\" class=\"wp-image-123061\" srcset=\"https:\/\/historiadofutebol.com\/blog\/wp-content\/uploads\/2020\/11\/BRA-1916-500x326.jpg 500w, https:\/\/historiadofutebol.com\/blog\/wp-content\/uploads\/2020\/11\/BRA-1916-300x195.jpg 300w, https:\/\/historiadofutebol.com\/blog\/wp-content\/uploads\/2020\/11\/BRA-1916-768x500.jpg 768w, https:\/\/historiadofutebol.com\/blog\/wp-content\/uploads\/2020\/11\/BRA-1916-624x406.jpg 624w, https:\/\/historiadofutebol.com\/blog\/wp-content\/uploads\/2020\/11\/BRA-1916.jpg 940w\" sizes=\"auto, (max-width: 500px) 100vw, 500px\" \/><figcaption>                                                                   <span style=\"color:#367710\" class=\"has-inline-color\">    <em><\/em><em>Uniforme pelo Brasil utilizado em 1916<\/em><\/span><\/figcaption><\/figure><\/div>\n\n\n\n<div class=\"wp-block-image\"><figure class=\"aligncenter size-large\"><img loading=\"lazy\" decoding=\"async\" width=\"500\" height=\"330\" src=\"https:\/\/historiadofutebol.com\/blog\/wp-content\/uploads\/2020\/11\/URU-1916-500x330.jpg\" alt=\"\" class=\"wp-image-123062\" srcset=\"https:\/\/historiadofutebol.com\/blog\/wp-content\/uploads\/2020\/11\/URU-1916-500x330.jpg 500w, https:\/\/historiadofutebol.com\/blog\/wp-content\/uploads\/2020\/11\/URU-1916-300x198.jpg 300w, https:\/\/historiadofutebol.com\/blog\/wp-content\/uploads\/2020\/11\/URU-1916-768x507.jpg 768w, https:\/\/historiadofutebol.com\/blog\/wp-content\/uploads\/2020\/11\/URU-1916-624x412.jpg 624w, https:\/\/historiadofutebol.com\/blog\/wp-content\/uploads\/2020\/11\/URU-1916.jpg 946w\" sizes=\"auto, (max-width: 500px) 100vw, 500px\" \/><\/figure><\/div>\n\n\n\n<p>                                      <em><span class=\"has-inline-color has-blue-color\"><em>Uniforme pelo Uruguai utilizado em 1916<\/em><\/span><\/em><\/p>\n\n\n\n<p><span style=\"color:#000000\" class=\"has-inline-color\">Ao longo da hist\u00f3ria <em>(contando com a vit\u00f3ria do <strong>Brasil por 2 a 0<\/strong>, nesta noite, em 17\/11\/2020, em Montevid\u00e9u)<\/em>, foram <strong><em>77 jogos<\/em><\/strong>, <strong><em>com 37 vit\u00f3rias para o Brasil<\/em><\/strong>, com <strong><em>20 empates<\/em><\/strong> e <strong><em>20 derrotas<\/em><\/strong>; <strong><em>138 gols pr\u00f3<\/em><\/strong>, <strong><em>97 tentos contra<\/em><\/strong>; um <strong><em>saldo<\/em><\/strong> pomposo de <strong><em>41 gols<\/em><\/strong>.<\/span><\/p>\n\n\n\n<p><span style=\"color:#000000\" class=\"has-inline-color\">Sem nenhuma d\u00favida, \u00e9 um dos maiores\u00a0<strong><em>cl\u00e1ssicos do futebol mundial<\/em><\/strong>. Tanto a\u00a0<strong><em>Sele\u00e7\u00e3o Canarinho<\/em>\u00a0<\/strong>quanto\u00a0<strong><em>La Celeste Ol\u00edmpica<\/em><\/strong>\u00a0s\u00e3o\u00a0<strong><em>campe\u00e3s mundiais<\/em><\/strong>, <strong><em>campe\u00e3s sul-americana<\/em><\/strong> e <strong><em>campe\u00f5es ol\u00edmpicas<\/em><\/strong>, formados por jogadores renomados e campe\u00f5es por todo o mundo, como <em>Pel\u00e9, Schiaffino, Garrincha, Francescoli, Jairzinho, \u00c1lvaro Recoba, N\u00edlton Santos, Diego Forl\u00e1n e Luis Su\u00e1rez<\/em>, entre tantos outros craques.<\/span><\/p>\n\n\n\n<p><span style=\"color:#000000\" class=\"has-inline-color\">A <strong><em>Sele\u00e7\u00e3o Uruguaia<\/em><\/strong> dominou o mundo na <em>d\u00e9cada de 1920<\/em> tendo suplantado \u00e0s grandes moldes por ter sido a primeira sele\u00e7\u00e3o com futebol t\u00e9cnico e categoria, em vez do futebol de cruzamentos e chut\u00f5es que dominava a Europa.<\/span><\/p>\n\n\n\n<p><span style=\"color:#000000\" class=\"has-inline-color\">J\u00e1 a <strong><em>Sele\u00e7\u00e3o Brasileira<\/em><\/strong> foi o que melhor dominou a arte do <em>Esporte Bret\u00e3o<\/em>, levando \u00e0 mestria o futebol t\u00e9cnico, o chamado <em>Futebol-Arte<\/em>, que valendo-se da categoria, improvisa\u00e7\u00e3o, gingas e dribles, priorizava o ofensivo e o ataque.<\/span><\/p>\n\n\n\n<p><span style=\"color:#000000\" class=\"has-inline-color\">O futebol brasileiro reencontrou seu auge ap\u00f3s a <strong><em>Copa do Mundo de 1994<\/em><\/strong>, voltando a ser o mais temido e reverenciado do planeta. O <strong><em>Futebol uruguaio<\/em><\/strong> entrou em decad\u00eancia na <em>D\u00e9cada de 1990<\/em>, por\u00e9m n\u00f3s \u00faltimos anos tem voltado ao seu auge sobretudo devido a \u00f3tima campanha na <em>Copa do Mundo de 2010<\/em> e o t\u00edtulo conquistado na <em>Copa Am\u00e9rica de 2011<\/em>, continuando a ser grande e respeitado, prosseguindo uma hist\u00f3ria de muita rivalidade com o <strong>Brasil<\/strong>, cheia de decis\u00f5es, brigas, craques e gols, muitos gols.<\/span><\/p>\n\n\n\n<p><span style=\"color:#000000\" class=\"has-inline-color\">Abaixo a <strong><em>ficha-t\u00e9cnica<\/em> <\/strong>do <strong><em>Primeiro jogo<\/em> entre as duas sele\u00e7\u00f5es,<\/strong> que aconteceu <em>no<\/em><strong><em> domingo, do dia 12 de Julho de 1916<\/em>,<\/strong> v\u00e1lido pelo<strong> <em>1\u00ba Campeonato Sul-Americano de futebol, <\/em><\/strong><em>realizado na Argentina<\/em>. O <strong><em>Uruguai<\/em> <\/strong>venceu<strong>, de virada, por 2 a 1.<\/strong><\/span><\/p>\n\n\n\n<p class=\"has-text-align-center\"><strong><span style=\"color:#000000\" class=\"has-inline-color\">BRASIL 1 x 2 URUGUAI<\/span><\/strong><\/p>\n\n\n\n<figure class=\"wp-block-table\"><table><tbody><tr><td class=\"has-text-align-center\" data-align=\"center\"><strong><span style=\"color:#000000\" class=\"has-inline-color\">DATA<\/span><\/strong><\/td><td><span style=\"color:#000000\" class=\"has-inline-color\">Est\u00e1dio do Club Gimnasia y Esgrima, em Buenos Aires (ARG)<\/span><\/td><\/tr><tr><td class=\"has-text-align-center\" data-align=\"center\"><strong><span style=\"color:#000000\" class=\"has-inline-color\">CAR\u00c1TER<\/span><\/strong><\/td><td><span style=\"color:#000000\" class=\"has-inline-color\">Campeonato Sul-Americano de 1916<\/span><\/td><\/tr><tr><td class=\"has-text-align-center\" data-align=\"center\"><strong><span style=\"color:#000000\" class=\"has-inline-color\">DATA<\/span><\/strong><\/td><td><span style=\"color:#000000\" class=\"has-inline-color\">Domingo, do dia 12 de julho de 1916<\/span><\/td><\/tr><tr><td class=\"has-text-align-center\" data-align=\"center\"><strong><span style=\"color:#000000\" class=\"has-inline-color\">P\u00daBLICO<\/span><\/strong><\/td><td><span style=\"color:#000000\" class=\"has-inline-color\">20 mil pagantes<\/span><\/td><\/tr><tr><td class=\"has-text-align-center\" data-align=\"center\"><strong><span style=\"color:#000000\" class=\"has-inline-color\">\u00c1RBITRO<\/span><\/strong><\/td><td><span style=\"color:#000000\" class=\"has-inline-color\">Carlos Fanta (Chile)<\/span><\/td><\/tr><tr><td class=\"has-text-align-center\" data-align=\"center\"><strong><span style=\"color:#000000\" class=\"has-inline-color\">BRASIL<\/span><\/strong><\/td><td><span style=\"color:#000000\" class=\"has-inline-color\">Casemiro, Orlando Pires e Nery; Lagreca, Sidney Pullen e Galo; Luiz Menezes, Alencar, Friedenreich, Mimi Sodr\u00e9 e Arnaldo. Ground Committe\u00e9: Joaquim de Souza Ribeiro, Benedicto Montenegro, M\u00e1rio S\u00e9rgio Cardim e Sylvio Lagreca (capit\u00e3o).<\/span><\/td><\/tr><tr><td class=\"has-text-align-center\" data-align=\"center\"><strong><span style=\"color:#000000\" class=\"has-inline-color\">URUGUAI<\/span><\/strong><\/td><td><span style=\"color:#000000\" class=\"has-inline-color\">Saporiti; Varela e Foglino; Germ\u00e1n Pacheco, Delgado e Vanzzino; Somma, Tognola, Pendibene, Grad\u00edn e Romano. T\u00e9cnico: Jorge Germ\u00e1n Pacheco.<\/span><\/td><\/tr><tr><td class=\"has-text-align-center\" data-align=\"center\"><strong><span style=\"color:#000000\" class=\"has-inline-color\">GOLS<\/span><\/strong><\/td><td><span style=\"color:#000000\" class=\"has-inline-color\">Friedenreich, aos 16 minutos (Brasil), no 1\u00ba Tempo. Gradin, aos 16 minutos (Uruguai); Tognola, aos 30 minutos (Uruguai),no 2\u00ba Tempo.<\/span><\/td><\/tr><\/tbody><\/table><\/figure>\n\n\n\n<p><span style=\"color:#000000\" class=\"has-inline-color\">Menos de uma semana depois, em amistoso,<strong> as duas sele\u00e7\u00f5es <\/strong>voltaram a se enfrentar. <strong><em>No s\u00e1bado, do dia 18 de Julho de 1916<\/em>,<\/strong> o<strong> <em>Uruguai<\/em> <\/strong>recebeu a<strong> <em>Sele\u00e7\u00e3o Brasileira<\/em>, <\/strong>em Montevid\u00e9u (URU). Dessa vez, o <strong><em>selecionado Canarinho<\/em> venceu <\/strong>pelo placar de <strong>1 a 0<\/strong>, gol de<strong> <em>Mimi Sodr\u00e9<\/em> <\/strong><em>(ent\u00e3o, jogador do <\/em><strong><em>Botafogo Football Club<\/em><\/strong><em>)<\/em>. Abaixo a <strong><em>ficha-t\u00e9cnica<\/em> <\/strong>do <strong><em>Segundo jogo<\/em> <\/strong>entre as duas sele\u00e7\u00f5es e <strong>a <em>1\u00aa vit\u00f3ria<\/em> do <em>Brasil<\/em>.\u00a0\u00a0<\/strong><\/span><strong>\u00a0<\/strong><\/p>\n\n\n\n<p class=\"has-text-align-center\"><strong><span style=\"color:#000000\" class=\"has-inline-color\">URUGUAI 0 x 1 BRASIL<\/span><\/strong><\/p>\n\n\n\n<figure class=\"wp-block-table\"><table><tbody><tr><td><strong><span style=\"color:#000000\" class=\"has-inline-color\">LOCAL<\/span><\/strong><\/td><td><span style=\"color:#000000\" class=\"has-inline-color\">Est\u00e1dio Parque Central, em Montevid\u00e9u (URU)<\/span><\/td><\/tr><tr><td><strong><span style=\"color:#000000\" class=\"has-inline-color\">CAR\u00c1TER<\/span><\/strong><\/td><td><span style=\"color:#000000\" class=\"has-inline-color\">Amistoso em 1916<\/span><\/td><\/tr><tr><td><strong><span style=\"color:#000000\" class=\"has-inline-color\">DATA<\/span><\/strong><\/td><td><span style=\"color:#000000\" class=\"has-inline-color\">S\u00e1bado, do dia 18 de julho de 1916<\/span><\/td><\/tr><tr><td><strong><span style=\"color:#000000\" class=\"has-inline-color\">P\u00daBLICO<\/span><\/strong><\/td><td><span style=\"color:#000000\" class=\"has-inline-color\">8 mil pagantes<\/span><\/td><\/tr><tr><td><strong><span style=\"color:#000000\" class=\"has-inline-color\">\u00c1RBITRO<\/span><\/strong><\/td><td><span style=\"color:#000000\" class=\"has-inline-color\">Carlos Fanta (Chile)<\/span><\/td><\/tr><tr><td><strong><span style=\"color:#000000\" class=\"has-inline-color\">BRASIL<\/span><\/strong><\/td><td><span style=\"color:#000000\" class=\"has-inline-color\">Marcos de Mendon\u00e7a, Osny e Carlito; Am\u00edlcar, Lagreca e Facchini; Luiz Menezes, Alencar, Friedenreich, Mimi Sodr\u00e9 e Arnaldo. Ground Committe\u00e9: Joaquim de Souza Ribeiro, Benedicto Montenegro, M\u00e1rio S\u00e9rgio Cardim e Sylvio Lagreca (capit\u00e3o).<\/span><\/td><\/tr><tr><td><strong><span style=\"color:#000000\" class=\"has-inline-color\">URUGUAI<\/span><\/strong><\/td><td><span style=\"color:#000000\" class=\"has-inline-color\">Castro; Urdinar\u00e1n e Foglino; Olivieri, Harley e Pascuariello; P\u00e9rez, Dacal, Broncini, Scarone e Bracchi. T\u00e9cnico: Juan Harley (capit\u00e3o).<\/span><\/td><\/tr><tr><td><strong><span style=\"color:#000000\" class=\"has-inline-color\">GOL<\/span><\/strong><\/td><td><span style=\"color:#000000\" class=\"has-inline-color\">Mimi Sodr\u00e9, aos 12 minutos (Brasil), no 2\u00ba Tempo.<\/span><\/td><\/tr><\/tbody><\/table><\/figure>\n\n\n\n<p><strong><span style=\"color:#000000\" class=\"has-inline-color\"><em><u>FONTES<\/u>:<\/em><\/span><\/strong><em><span style=\"color:#000000\" class=\"has-inline-color\"> Wikip\u00e9dia &#8211; site da CBF<\/span><\/em><\/p>\n","protected":false},"excerpt":{"rendered":"<p>O\u00a0&#8220;Cl\u00e1ssico do Rio Negro&#8220;! Assim \u00e9 conhecido no continente Sul-americano o jogo entre a Sele\u00e7\u00e3o Brasileira e o Uruguai, com 104 anos de grandes partidas, com diversos ingredientes como suor, sangue, l\u00e1grimas e emo\u00e7\u00f5es. Uniforme pelo Uruguai utilizado em 1916 Ao longo da hist\u00f3ria (contando com a vit\u00f3ria do Brasil por 2 a 0, nesta [&hellip;]<\/p>\n","protected":false},"author":55,"featured_media":0,"comment_status":"open","ping_status":"","sticky":false,"template":"","format":"standard","meta":{"footnotes":""},"categories":[203,68,856,83,59,3,732,72,84,108,734],"tags":[],"class_list":["post-123058","post","type-post","status-publish","format-standard","hentry","category-sergio-mello","category-blog-historia-do-futebol","category-brasil","category-x9-curiosidades","category-escudos","category-historia-do-futebol","category-historico-de-confrontos","category-g2-conmebol","category-amistosos-internacionais","category-jogos-historicos","category-selecao-nacional"],"_links":{"self":[{"href":"https:\/\/historiadofutebol.com\/blog\/index.php?rest_route=\/wp\/v2\/posts\/123058","targetHints":{"allow":["GET"]}}],"collection":[{"href":"https:\/\/historiadofutebol.com\/blog\/index.php?rest_route=\/wp\/v2\/posts"}],"about":[{"href":"https:\/\/historiadofutebol.com\/blog\/index.php?rest_route=\/wp\/v2\/types\/post"}],"author":[{"embeddable":true,"href":"https:\/\/historiadofutebol.com\/blog\/index.php?rest_route=\/wp\/v2\/users\/55"}],"replies":[{"embeddable":true,"href":"https:\/\/historiadofutebol.com\/blog\/index.php?rest_route=%2Fwp%2Fv2%2Fcomments&post=123058"}],"version-history":[{"count":15,"href":"https:\/\/historiadofutebol.com\/blog\/index.php?rest_route=\/wp\/v2\/posts\/123058\/revisions"}],"predecessor-version":[{"id":123076,"href":"https:\/\/historiadofutebol.com\/blog\/index.php?rest_route=\/wp\/v2\/posts\/123058\/revisions\/123076"}],"wp:attachment":[{"href":"https:\/\/historiadofutebol.com\/blog\/index.php?rest_route=%2Fwp%2Fv2%2Fmedia&parent=123058"}],"wp:term":[{"taxonomy":"category","embeddable":true,"href":"https:\/\/historiadofutebol.com\/blog\/index.php?rest_route=%2Fwp%2Fv2%2Fcategories&post=123058"},{"taxonomy":"post_tag","embeddable":true,"href":"https:\/\/historiadofutebol.com\/blog\/index.php?rest_route=%2Fwp%2Fv2%2Ftags&post=123058"}],"curies":[{"name":"wp","href":"https:\/\/api.w.org\/{rel}","templated":true}]}}