{"id":123010,"date":"2020-10-29T22:24:04","date_gmt":"2020-10-30T01:24:04","guid":{"rendered":"https:\/\/historiadofutebol.com\/blog\/?p=123010"},"modified":"2020-10-29T23:23:55","modified_gmt":"2020-10-30T02:23:55","slug":"foto-rara-flamengo-4-x-1-fluminense-amistoso-do-dia-do-trabalhador-de-1957","status":"publish","type":"post","link":"https:\/\/historiadofutebol.com\/blog\/?p=123010","title":{"rendered":"Foto rara: Flamengo 4 x 1 Fluminense &#8211; amistoso do &#8216;Dia do Trabalhador&#8217; de 1957"},"content":{"rendered":"\n<div class=\"wp-block-image\"><figure class=\"aligncenter size-large\"><img loading=\"lazy\" decoding=\"async\" width=\"500\" height=\"320\" src=\"https:\/\/historiadofutebol.com\/blog\/wp-content\/uploads\/2020\/10\/13-500x320.jpg\" alt=\"\" class=\"wp-image-123012\" srcset=\"https:\/\/historiadofutebol.com\/blog\/wp-content\/uploads\/2020\/10\/13-500x320.jpg 500w, https:\/\/historiadofutebol.com\/blog\/wp-content\/uploads\/2020\/10\/13-300x192.jpg 300w, https:\/\/historiadofutebol.com\/blog\/wp-content\/uploads\/2020\/10\/13-768x491.jpg 768w, https:\/\/historiadofutebol.com\/blog\/wp-content\/uploads\/2020\/10\/13-624x399.jpg 624w, https:\/\/historiadofutebol.com\/blog\/wp-content\/uploads\/2020\/10\/13.jpg 1216w\" sizes=\"auto, (max-width: 500px) 100vw, 500px\" \/><figcaption>                        Zagalo (Flamengo) e Pinheiro (Fluminense), no centro o \u00e1rbitro da FMF , Alberto da Gama Malcher<br \/><br \/><\/figcaption><\/figure><\/div>\n\n\n\n<p>Em homenagem ao &#8220;<em>Dia dos Trabalhador<\/em>&#8221; e com port\u00f5es franqueados ao p\u00fablico, <strong>Flamengo<\/strong> e <strong>Fluminense<\/strong> defrontaram-se, <em>na tarde de quarta-feira, do dia 1\u00ba de Maio de 1957, no Est\u00e1dio de S\u00e3o Janu\u00e1rio<\/em>, em car\u00e1ter amistoso, por\u00e9m valendo a <em><strong>Ta\u00e7a Bras\u00edlia<\/strong><\/em>. A peleja contou com a presen\u00e7a do exmo. do <em>Sr. presidente da Rep\u00fablica, Juscelino Kubitschek<\/em>. O espet\u00e1culo, tecnicamente deixou muito \u00e0 desejar, estando longe daquele cl\u00e1ssico renhido e cheio de emo\u00e7\u00f5es, de h\u00e1 muito tradicional no futebol metropolitano.<\/p>\n\n\n\n<p>Para a fraqueza do pr\u00e9lio contribuiu muito o <strong>Fluminense<\/strong>, que se apresentou cheio de falhas, com um conjunto desarticulado e sem demonstrar o menor senso de coordena\u00e7\u00e3o. A vit\u00f3ria do <strong>Flamengo<\/strong> por <strong><em>4 a 1<\/em><\/strong> foi justa e merecida, sem que entretanto, d\u00ea margem para que se afirme esteja o <strong><em>rubro-negro<\/em><\/strong> reabilitado de seus \u00faltimos insucesso. A exibi\u00e7\u00e3o negativa do <strong><em>Tricolor<\/em><\/strong> facilitou em grande parte a tarefa de seu mais ferrenho advers\u00e1rio.<\/p>\n\n\n\n<p>A maior parcela de culpa pela contundente derrota do <strong>Fluminense<\/strong>, coube \u00e0 sua defensiva, principalmente pela maneira dispersiva como atuou. Do come\u00e7o ao fim da peleja, seus integrantes n\u00e3o se definiram em campo, como fossem calouros a sofrer os impactos psicol\u00f3gicos duma estreia, em match de grande import\u00e2ncia.<\/p>\n\n\n\n<p>Dois elementos merecem, contudo, um destaque negativo: <em>Cac\u00e1<\/em> e <em>Altair<\/em>, que mais pareciam m\u00e9dios volantes que propriamente zagueiros laterais. Amos, avan\u00e7ando em demasia, deixando uma lacuna, que era preenchida pelos avantes do <strong>Flamengo<\/strong>.<\/p>\n\n\n\n<p>Os <strong><em>4 a 1 <\/em><\/strong>talvez sejam exagerados para quem ignora o transcurso da partida, mas na verdade foram at\u00e9 modestos para o <strong><em>rubro-negro<\/em><\/strong>, que poderia dilatar a contagem, caso assim o desejasse. Os tentos, \u00e0 exce\u00e7\u00e3o do feito por <em>Joel<\/em> com uma espetacular cabe\u00e7ada, foram consignados facilmente, sem maiores entraves.<\/p>\n\n\n\n<p>Os erros da retaguarda influ\u00edram no ataque chefiado por <em>Valdo<\/em>. Neste setor, n\u00e3o houve tamb\u00e9m destaque individual. <em>Tel\u00ea<\/em> n\u00e3o foi aquele mesmo d\u00ednamo que a torcida est\u00e1 acostumada a ver: Valdo, parece que ficou indigesto com os &#8220;<em>gols<\/em>&#8221; feitos na temporada de <em>56<\/em>, e <em>Escurinho<\/em>, que vinha atuando surpreendentemente bem nos \u00faltimos compromissos do <strong>Fluminense<\/strong>, voltou ao n\u00edvel que lhe \u00e9 peculiar.<\/p>\n\n\n\n<p><strong>Um Flamengo \u00e0 vontade<\/strong><\/p>\n\n\n\n<p>A fragilidade de estrutura que caracterizou o &#8220;<em>onze<\/em>&#8221; <strong><em>tricolor<\/em><\/strong>, como dissemos, facilitou a tarefa do <strong>Flamengo<\/strong>. Este, contudo, houve-se melhor do que no pr\u00e9lio de domingo \u00faltimo, quando deixou-se abater pelo <strong><em>S\u00e3o Paulo<\/em><\/strong> e por id\u00eantica contagem. Embora todo o conjunto atuasse a contento, merecem destaque: o goleiro Ari, que demonstrou muita firmeza nas poucas bolas que o amea\u00e7aram; a linha m\u00e9dia e os avantes, <em>Joel<\/em>, <em>Moacir<\/em> e <em>Henrique<\/em>.<\/p>\n\n\n\n<div class=\"wp-block-image\"><figure class=\"aligncenter size-large\"><img loading=\"lazy\" decoding=\"async\" width=\"500\" height=\"133\" src=\"https:\/\/historiadofutebol.com\/blog\/wp-content\/uploads\/2020\/10\/12-1-500x133.jpg\" alt=\"\" class=\"wp-image-123013\" srcset=\"https:\/\/historiadofutebol.com\/blog\/wp-content\/uploads\/2020\/10\/12-1-500x133.jpg 500w, https:\/\/historiadofutebol.com\/blog\/wp-content\/uploads\/2020\/10\/12-1-300x80.jpg 300w, https:\/\/historiadofutebol.com\/blog\/wp-content\/uploads\/2020\/10\/12-1-768x204.jpg 768w, https:\/\/historiadofutebol.com\/blog\/wp-content\/uploads\/2020\/10\/12-1-1536x407.jpg 1536w, https:\/\/historiadofutebol.com\/blog\/wp-content\/uploads\/2020\/10\/12-1-624x165.jpg 624w, https:\/\/historiadofutebol.com\/blog\/wp-content\/uploads\/2020\/10\/12-1.jpg 1630w\" sizes=\"auto, (max-width: 500px) 100vw, 500px\" \/><\/figure><\/div>\n\n\n\n<div class=\"wp-block-image\"><figure class=\"aligncenter size-large\"><img loading=\"lazy\" decoding=\"async\" width=\"500\" height=\"370\" src=\"https:\/\/historiadofutebol.com\/blog\/wp-content\/uploads\/2020\/10\/14-500x370.jpg\" alt=\"\" class=\"wp-image-123014\" srcset=\"https:\/\/historiadofutebol.com\/blog\/wp-content\/uploads\/2020\/10\/14-500x370.jpg 500w, https:\/\/historiadofutebol.com\/blog\/wp-content\/uploads\/2020\/10\/14-300x222.jpg 300w, https:\/\/historiadofutebol.com\/blog\/wp-content\/uploads\/2020\/10\/14-624x461.jpg 624w, https:\/\/historiadofutebol.com\/blog\/wp-content\/uploads\/2020\/10\/14.jpg 706w\" sizes=\"auto, (max-width: 500px) 100vw, 500px\" \/><\/figure><\/div>\n\n\n\n<p><strong><em><u>FONTE &amp; FOTO<\/u><\/em><\/strong><strong><em>:<\/em><\/strong><em> Correio da Manh\u00e3<\/em><\/p>\n","protected":false},"excerpt":{"rendered":"<p>Em homenagem ao &#8220;Dia dos Trabalhador&#8221; e com port\u00f5es franqueados ao p\u00fablico, Flamengo e Fluminense defrontaram-se, na tarde de quarta-feira, do dia 1\u00ba de Maio de 1957, no Est\u00e1dio de S\u00e3o Janu\u00e1rio, em car\u00e1ter amistoso, por\u00e9m valendo a Ta\u00e7a Bras\u00edlia. A peleja contou com a presen\u00e7a do exmo. do Sr. presidente da Rep\u00fablica, Juscelino Kubitschek. [&hellip;]<\/p>\n","protected":false},"author":55,"featured_media":0,"comment_status":"open","ping_status":"","sticky":false,"template":"","format":"standard","meta":{"footnotes":""},"categories":[203,83,59,345,3,47,76],"tags":[],"class_list":["post-123010","post","type-post","status-publish","format-standard","hentry","category-sergio-mello","category-x9-curiosidades","category-escudos","category-fotos-historicas","category-historia-do-futebol","category-rio-de-janeiro","category-antigo-estado-do-rio"],"_links":{"self":[{"href":"https:\/\/historiadofutebol.com\/blog\/index.php?rest_route=\/wp\/v2\/posts\/123010","targetHints":{"allow":["GET"]}}],"collection":[{"href":"https:\/\/historiadofutebol.com\/blog\/index.php?rest_route=\/wp\/v2\/posts"}],"about":[{"href":"https:\/\/historiadofutebol.com\/blog\/index.php?rest_route=\/wp\/v2\/types\/post"}],"author":[{"embeddable":true,"href":"https:\/\/historiadofutebol.com\/blog\/index.php?rest_route=\/wp\/v2\/users\/55"}],"replies":[{"embeddable":true,"href":"https:\/\/historiadofutebol.com\/blog\/index.php?rest_route=%2Fwp%2Fv2%2Fcomments&post=123010"}],"version-history":[{"count":3,"href":"https:\/\/historiadofutebol.com\/blog\/index.php?rest_route=\/wp\/v2\/posts\/123010\/revisions"}],"predecessor-version":[{"id":123016,"href":"https:\/\/historiadofutebol.com\/blog\/index.php?rest_route=\/wp\/v2\/posts\/123010\/revisions\/123016"}],"wp:attachment":[{"href":"https:\/\/historiadofutebol.com\/blog\/index.php?rest_route=%2Fwp%2Fv2%2Fmedia&parent=123010"}],"wp:term":[{"taxonomy":"category","embeddable":true,"href":"https:\/\/historiadofutebol.com\/blog\/index.php?rest_route=%2Fwp%2Fv2%2Fcategories&post=123010"},{"taxonomy":"post_tag","embeddable":true,"href":"https:\/\/historiadofutebol.com\/blog\/index.php?rest_route=%2Fwp%2Fv2%2Ftags&post=123010"}],"curies":[{"name":"wp","href":"https:\/\/api.w.org\/{rel}","templated":true}]}}