{"id":122885,"date":"2020-09-17T22:21:52","date_gmt":"2020-09-18T01:21:52","guid":{"rendered":"https:\/\/historiadofutebol.com\/blog\/?p=122885"},"modified":"2021-06-22T21:35:42","modified_gmt":"2021-06-23T00:35:42","slug":"esporte-clube-siderurgica-sabara-mg-fundado-em-1930","status":"publish","type":"post","link":"https:\/\/historiadofutebol.com\/blog\/?p=122885","title":{"rendered":"Esporte Clube Sider\u00fargica \u2013 Sabar\u00e1 (MG): Fundado em 1930"},"content":{"rendered":"\n<div class=\"wp-block-image\"><figure class=\"aligncenter size-large\"><img loading=\"lazy\" decoding=\"async\" width=\"500\" height=\"317\" src=\"https:\/\/historiadofutebol.com\/blog\/wp-content\/uploads\/2020\/09\/ECS--500x317.jpg\" alt=\"\" class=\"wp-image-122886\" srcset=\"https:\/\/historiadofutebol.com\/blog\/wp-content\/uploads\/2020\/09\/ECS--500x317.jpg 500w, https:\/\/historiadofutebol.com\/blog\/wp-content\/uploads\/2020\/09\/ECS--300x190.jpg 300w, https:\/\/historiadofutebol.com\/blog\/wp-content\/uploads\/2020\/09\/ECS--768x488.jpg 768w, https:\/\/historiadofutebol.com\/blog\/wp-content\/uploads\/2020\/09\/ECS--624x396.jpg 624w, https:\/\/historiadofutebol.com\/blog\/wp-content\/uploads\/2020\/09\/ECS-.jpg 1030w\" sizes=\"auto, (max-width: 500px) 100vw, 500px\" \/><\/figure><\/div>\n\n\n\n<p>O <strong><em>Bicampe\u00e3o Mineiro (1937 e 1964)<\/em><\/strong> \u00e9 o <strong>Esporte Clube Sider\u00fargica<\/strong> uma agremia\u00e7\u00e3o do Munic\u00edpio de Sabar\u00e1, que fica a 15 km da capital <em>(Belo Horizonte)<\/em> do estado de Minas Gerais. Com uma <em>popula\u00e7\u00e3o de 135.196 habitantes<\/em>, <em>segundo o IBGE\/2016<\/em>, o povo <strong><em>sabaraense<\/em><\/strong> tem como o seu maior orgulho o \u201c<strong><em>Esquadr\u00e3o de Ferro<\/em><\/strong>\u201d, que foi <strong><em>Fundado no s\u00e1bado, do dia<\/em><\/strong><em> <strong>31 de maio de 1930<\/strong><\/em>, pelos funcion\u00e1rios da <strong><em>Companhia Sider\u00fargica Belgo-Mineira (criada em 11\/12\/1921)<\/em><\/strong>, por isto o nome escolhido para o clube.<\/p>\n\n\n\n<p>A equipe das cores <strong><em>azul e branco<\/em><\/strong> tem a sua <strong><em>Sede<\/em><\/strong> localizada na <strong><em>Rua da Ponte, s\/n, no bairro de Sider\u00fargica, em Sabar\u00e1 (MG)<\/em><\/strong>. Al\u00e9m do departamento de futebol, a meta era transformar o clube numa recrea\u00e7\u00e3o esportiva para atender a toda fam\u00edlia dos seus funcion\u00e1rios.<\/p>\n\n\n\n<div class=\"wp-block-image\"><figure class=\"aligncenter size-large\"><img loading=\"lazy\" decoding=\"async\" width=\"375\" height=\"500\" src=\"https:\/\/historiadofutebol.com\/blog\/wp-content\/uploads\/2020\/09\/ECS-MAS-375x500.jpg\" alt=\"\" class=\"wp-image-122887\" srcset=\"https:\/\/historiadofutebol.com\/blog\/wp-content\/uploads\/2020\/09\/ECS-MAS-375x500.jpg 375w, https:\/\/historiadofutebol.com\/blog\/wp-content\/uploads\/2020\/09\/ECS-MAS-225x300.jpg 225w, https:\/\/historiadofutebol.com\/blog\/wp-content\/uploads\/2020\/09\/ECS-MAS.jpg 576w\" sizes=\"auto, (max-width: 375px) 100vw, 375px\" \/><\/figure><\/div>\n\n\n\n<p>O <strong>Sider\u00fargica<\/strong> sempre se apoiou no apoio e patroc\u00ednio da <strong><em>Belgo-Mineira<\/em><\/strong>, e seu decl\u00ednio est\u00e1 ligado ao fim de mesma. Seu <strong><em>Est\u00e1dio Eli Seabra Filho<\/em><\/strong>, conhecido como &#8220;<strong><em>Praia do \u00d3&#8221; (capacidade para um mil pessoas)<\/em><\/strong>, foi constru\u00eddo pela empresa sider\u00fargica em um terreno cedido pelo <strong><em>Recreio Club Sider\u00fargica<\/em><\/strong>, posteriormente inaugurado <strong><em>no domingo, do dia 26 de Agosto de 1934<\/em><\/strong>. A <strong><em>mascote<\/em><\/strong> escolhida foi a <strong>Tartaruga<\/strong>, desenhada pelo cartunista <em><strong>Mangabeira <\/strong><\/em>em <strong><em>1943<\/em><\/strong>.<\/p>\n\n\n\n<p><strong>HIST\u00d3RIA E GL\u00d3RIAS<\/strong><\/p>\n\n\n\n<p>O clube disputou sua 1\u00aa partida, ainda n\u00e3o como profissional, <strong><em>no domingo, do dia 17 de agosto de 1930<\/em><\/strong>, contra o <strong><em>Alves Nogueira Foot Ball Club<\/em><\/strong>. O jogo foi no campo do advers\u00e1rio e o <strong><em>Sider\u00fargica<\/em><\/strong> acabou derrotado.<\/p>\n\n\n\n<p>Em <strong><em>1931<\/em><\/strong>, se filiou a <strong><em>Liga Mineira de Desportes Terrestres (LMDT<\/em><\/strong><em>)<\/em>, e no ano seguinte, com o forte apoio da <strong><em>Belgo-Mineira<\/em><\/strong>, disputou e conquistou o <strong><em>Campeonato Mineiro da Segunda Divis\u00e3o de 1932<\/em><\/strong>. Em <strong><em>1933<\/em><\/strong>, se profissionalizou e venceu, logo na sua estreia, o poderoso <strong><em>Palestra It\u00e1lia<\/em><\/strong> <em>(atual <strong>Cruzeiro<\/strong>)<\/em> pelo placar de <strong><em>2 a 1<\/em><\/strong>.<\/p>\n\n\n\n<p><strong>T\u00cdTULO IN\u00c9DITO DA ELITE DO FUTEBOL MINEIRO DE 1937<\/strong><\/p>\n\n\n\n<div class=\"wp-block-image\"><figure class=\"aligncenter size-large\"><img loading=\"lazy\" decoding=\"async\" width=\"500\" height=\"349\" src=\"https:\/\/historiadofutebol.com\/blog\/wp-content\/uploads\/2020\/09\/ECS-1937-1-500x349.jpg\" alt=\"\" class=\"wp-image-122888\" srcset=\"https:\/\/historiadofutebol.com\/blog\/wp-content\/uploads\/2020\/09\/ECS-1937-1-500x349.jpg 500w, https:\/\/historiadofutebol.com\/blog\/wp-content\/uploads\/2020\/09\/ECS-1937-1-300x210.jpg 300w, https:\/\/historiadofutebol.com\/blog\/wp-content\/uploads\/2020\/09\/ECS-1937-1-768x537.jpg 768w, https:\/\/historiadofutebol.com\/blog\/wp-content\/uploads\/2020\/09\/ECS-1937-1-624x436.jpg 624w, https:\/\/historiadofutebol.com\/blog\/wp-content\/uploads\/2020\/09\/ECS-1937-1.jpg 1062w\" sizes=\"auto, (max-width: 500px) 100vw, 500px\" \/><\/figure><\/div>\n\n\n\n<p>Em <strong>1937<\/strong>, alcan\u00e7ou uma de suas mais importantes gl\u00f3rias: a conquista do <strong><em>Campeonato Mineiro da Primeira Divis\u00e3o<\/em><\/strong>. Na decis\u00e3o venceu o tradicional <strong><em>Villa Nova<\/em><\/strong>, em um jogo desempate, contando com a sorte tamb\u00e9m j\u00e1 que o rival perdeu um p\u00eanalti important\u00edssimo. Teve o <strong>artilheiro da competi\u00e7\u00e3o<\/strong>, <strong><em>Arlindo<\/em><\/strong> com <strong><em>10 gols<\/em><\/strong>.<\/p>\n\n\n\n<p><strong><em>O time base:<\/em><\/strong><em> Tonho, R\u00f4mulo Januzzi, Ferreira, Chico Preto, Mascote, Paulo Flor\u00eancio, Moraes,Geraldo Rebelo, Chiquinho, Arlindo e Princesa<\/em>.<\/p>\n\n\n\n<div class=\"wp-block-image\"><figure class=\"aligncenter size-large\"><img loading=\"lazy\" decoding=\"async\" width=\"500\" height=\"365\" src=\"https:\/\/historiadofutebol.com\/blog\/wp-content\/uploads\/2020\/09\/colorized-image-1-500x365.jpg\" alt=\"\" class=\"wp-image-122890\" srcset=\"https:\/\/historiadofutebol.com\/blog\/wp-content\/uploads\/2020\/09\/colorized-image-1-500x365.jpg 500w, https:\/\/historiadofutebol.com\/blog\/wp-content\/uploads\/2020\/09\/colorized-image-1-300x219.jpg 300w, https:\/\/historiadofutebol.com\/blog\/wp-content\/uploads\/2020\/09\/colorized-image-1-768x561.jpg 768w, https:\/\/historiadofutebol.com\/blog\/wp-content\/uploads\/2020\/09\/colorized-image-1-1536x1121.jpg 1536w, https:\/\/historiadofutebol.com\/blog\/wp-content\/uploads\/2020\/09\/colorized-image-1-624x455.jpg 624w, https:\/\/historiadofutebol.com\/blog\/wp-content\/uploads\/2020\/09\/colorized-image-1.jpg 1747w\" sizes=\"auto, (max-width: 500px) 100vw, 500px\" \/><\/figure><\/div>\n\n\n\n<p>Nos anos seguintes manteve seu sucesso nos gramados mineiros, vencendo jogos importantes contra rivais tradicionais de Belo Horizonte e se sagrando <strong>vice-campe\u00e3o <\/strong>do torneio regional em <strong><em><strong><em>1936<\/em><\/strong>,<\/em><\/strong> <strong><em>1938<\/em><\/strong>, <strong><em>1941<\/em><\/strong>, <strong><em>1950<\/em><\/strong>, <strong><em>1952<\/em><\/strong> e <strong><em>1960<\/em><\/strong>. Em <strong><em>1942<\/em><\/strong>, teve a honra de ceder \u00e0 <strong><em>Sele\u00e7\u00e3o Brasileira<\/em><\/strong>, para disputa do Sul-americano, seu meio de campo e destaque do time <strong><em>Paulo Flor\u00eancio<\/em><\/strong>.<\/p>\n\n\n\n<p>Manteve outras atividades al\u00e9m do futebol, tendo \u00eaxito nas modalidades de <strong><em>basquetebol<\/em><\/strong>, <strong><em>voleibol<\/em><\/strong>, <strong><em>t\u00eanis<\/em><\/strong> e <strong><em>futebol de sal\u00e3o<\/em><\/strong>. Este \u00faltimo sendo <strong><em>campe\u00e3o estadual<\/em><\/strong> em <strong><em>1960<\/em><\/strong> e <strong><em>1962<\/em><\/strong>.<\/p>\n\n\n\n<p><strong>BICAMPE\u00c3O MINEIRO DE 1964<\/strong><\/p>\n\n\n\n<div class=\"wp-block-image\"><figure class=\"aligncenter size-large\"><img loading=\"lazy\" decoding=\"async\" width=\"500\" height=\"341\" src=\"https:\/\/historiadofutebol.com\/blog\/wp-content\/uploads\/2020\/09\/ECS-1964-500x341.jpg\" alt=\"\" class=\"wp-image-122891\" srcset=\"https:\/\/historiadofutebol.com\/blog\/wp-content\/uploads\/2020\/09\/ECS-1964-500x341.jpg 500w, https:\/\/historiadofutebol.com\/blog\/wp-content\/uploads\/2020\/09\/ECS-1964-300x205.jpg 300w, https:\/\/historiadofutebol.com\/blog\/wp-content\/uploads\/2020\/09\/ECS-1964-768x524.jpg 768w, https:\/\/historiadofutebol.com\/blog\/wp-content\/uploads\/2020\/09\/ECS-1964-624x426.jpg 624w, https:\/\/historiadofutebol.com\/blog\/wp-content\/uploads\/2020\/09\/ECS-1964.jpg 960w\" sizes=\"auto, (max-width: 500px) 100vw, 500px\" \/><\/figure><\/div>\n\n\n\n<p>Em <strong>1964<\/strong>, sagrou-se <strong><em>campe\u00e3o mineiro<\/em><\/strong> pela 2\u00aa vez e o \u00faltimo <strong><em>campe\u00e3o mineiro<\/em><\/strong> antes da \u201c<strong><em>Era Mineir\u00e3o<\/em><\/strong>\u201d. Durante a campanha deixou para tr\u00e1s rivais fort\u00edssimos, como o <strong><em>Cruzeiro<\/em><\/strong> de Tost\u00e3o, o <strong><em>decacampe\u00e3o<\/em><\/strong> <strong><em>mineiro<\/em><\/strong> <strong>Am\u00e9rica<\/strong> e o tradicional <strong><em>Atl\u00e9tico Mineiro<\/em><\/strong>. Na final, venceu o <strong>Am\u00e9rica <\/strong>fora de seus dom\u00ednios por 3 a 1, no <strong><em>est\u00e1dio Otac\u00edlio Negr\u00e3o de Lima<\/em><\/strong>, o <strong><em>Alameda<\/em><\/strong> <em>(est\u00e1dio atualmente extinto)<\/em>.<\/p>\n\n\n\n<p>O time campe\u00e3o, comandado pelo lend\u00e1rio <strong><em>t\u00e9cnico Yustrich<\/em><\/strong>: <em>Djair; Geraldinho, Chiquito, Z\u00e9 Luiz e Dawson Laviolla; Edson e Paulista; Ernani, Silvestre, Noventa (Aldeir) e Ti\u00e3o Cavadinha<\/em>.<\/p>\n\n\n\n<div class=\"wp-block-image\"><figure class=\"aligncenter size-large\"><img loading=\"lazy\" decoding=\"async\" width=\"500\" height=\"356\" src=\"https:\/\/historiadofutebol.com\/blog\/wp-content\/uploads\/2020\/09\/ECS-1964-1-500x356.jpg\" alt=\"\" class=\"wp-image-122892\" srcset=\"https:\/\/historiadofutebol.com\/blog\/wp-content\/uploads\/2020\/09\/ECS-1964-1-500x356.jpg 500w, https:\/\/historiadofutebol.com\/blog\/wp-content\/uploads\/2020\/09\/ECS-1964-1-300x213.jpg 300w, https:\/\/historiadofutebol.com\/blog\/wp-content\/uploads\/2020\/09\/ECS-1964-1-768x546.jpg 768w, https:\/\/historiadofutebol.com\/blog\/wp-content\/uploads\/2020\/09\/ECS-1964-1-624x444.jpg 624w, https:\/\/historiadofutebol.com\/blog\/wp-content\/uploads\/2020\/09\/ECS-1964-1.jpg 960w\" sizes=\"auto, (max-width: 500px) 100vw, 500px\" \/><\/figure><\/div>\n\n\n\n<p><\/p>\n\n\n\n<p> Esta conquista rendeu uma simp\u00e1tica marchinha, entoada pelos torcedores: <em>\u201c(&#8230;) N\u00e3o tem, n\u00e3o tem\/ n\u00e3o tem Galo, nem Raposa e nem Le\u00e3o\/ esse ano o neg\u00f3cio s\u00f3 vai bem\/ pra Tartaruga do Napole\u00e3o (&#8230;)\u201d<\/em>.<\/p>\n\n\n\n<p>Um <em>causo <\/em>citado sobre essa conquista, que teria acontecido, contra o <strong><em>Atl\u00e9tico Mineiro<\/em><\/strong>, entre o <em>t\u00e9cnico Yustrich<\/em> e o atacante <em>Noventa <\/em>merece ser esclarecido! O jogador sofreu uma fratura no bra\u00e7o e mesmo com uma tip\u00f3ia, foi obrigado pelo treinador a jogar. Esse caso de fato aconteceu, mas n\u00e3o na conquista do <em><strong>Bicampeonato<\/strong><\/em>, mas sim no <em><strong>Estadual <\/strong><\/em>de <em><strong>1965<\/strong><\/em>, dia do <em><strong>Galo<\/strong><\/em>. <\/p>\n\n\n\n<div class=\"wp-block-image\"><figure class=\"aligncenter size-large\"><img loading=\"lazy\" decoding=\"async\" width=\"363\" height=\"500\" src=\"https:\/\/historiadofutebol.com\/blog\/wp-content\/uploads\/2020\/09\/ECS-1964-2-363x500.jpg\" alt=\"\" class=\"wp-image-122893\" srcset=\"https:\/\/historiadofutebol.com\/blog\/wp-content\/uploads\/2020\/09\/ECS-1964-2-363x500.jpg 363w, https:\/\/historiadofutebol.com\/blog\/wp-content\/uploads\/2020\/09\/ECS-1964-2-218x300.jpg 218w, https:\/\/historiadofutebol.com\/blog\/wp-content\/uploads\/2020\/09\/ECS-1964-2-624x861.jpg 624w, https:\/\/historiadofutebol.com\/blog\/wp-content\/uploads\/2020\/09\/ECS-1964-2.jpg 696w\" sizes=\"auto, (max-width: 363px) 100vw, 363px\" \/><\/figure><\/div>\n\n\n\n<p>Como <strong><em>campe\u00e3o mineiro de 1964<\/em><\/strong>, coube ao <strong><em>Sider\u00fargica<\/em><\/strong> representar o estado na <strong><em>Ta\u00e7a Brasil de 1965<\/em><\/strong>. Jogando no rec\u00e9m-inaugurado \u201c<strong><em>Mineir\u00e3o<\/em><\/strong>\u201d, o clube recebeu e venceu o <strong><em>Atl\u00e9tico-GO<\/em><\/strong> por <strong><em>3 a 1<\/em><\/strong>, seguindo na competi\u00e7\u00e3o at\u00e9 ser derrotado pelo <strong><em>Gr\u00eamio (RS)<\/em><\/strong>.<\/p>\n\n\n\n<p><strong>DECL\u00cdNIO E ATUAL SITUA\u00c7\u00c3O<\/strong><\/p>\n\n\n\n<p>Assim como seu mete\u00f3rico sucesso, o decl\u00ednio do clube foi algo r\u00e1pido e intimamente ligado a parceria com a <strong><em>Belgo-Mineira<\/em><\/strong>. Em <strong>1966, <\/strong>o <strong>Sider\u00fargica <\/strong>terminou em<em><strong> pen\u00faltimo lugar<\/strong><\/em> no <em><strong>torneio regional<\/strong><\/em>, escapando do rebaixamento, pois apenas o <em><strong>\u00faltimo colocado<\/strong><\/em> acabou caindo para a <em><strong>Segundona Mineira<\/strong><\/em> <em><strong>(<\/strong>no caso, o <\/em><strong><em>Esporte Clube R<\/em><\/strong><strong><em>enascen\u00e7a)<\/em><\/strong>.<\/p>\n\n\n\n<p>Em <strong>1967<\/strong>, devido \u00e0 revolu\u00e7\u00e3o industrial no Brasil, a empresa sider\u00fargica cessou o apoio financeiro ao <strong>Sider\u00fargica<\/strong>, terminando uma parceria que durava 34 anos de sucesso. Sem condi\u00e7\u00f5es de se manter, o \u201c<strong><em>Esquadr\u00e3o de Ferro<\/em><\/strong>\u201d pediu licenciamento a <em><strong>Federa\u00e7\u00e3o Mineira de Futebol (FMF)<\/strong><\/em> e depois acabou <strong>extinguindo o departamento de futebol profissional<\/strong>, assim como muitos clubes conhecidos da \u00e9poca.<\/p>\n\n\n\n<div class=\"wp-block-image\"><figure class=\"aligncenter size-large\"><img loading=\"lazy\" decoding=\"async\" width=\"500\" height=\"364\" src=\"https:\/\/historiadofutebol.com\/blog\/wp-content\/uploads\/2020\/09\/212-500x364.jpg\" alt=\"\" class=\"wp-image-122894\" srcset=\"https:\/\/historiadofutebol.com\/blog\/wp-content\/uploads\/2020\/09\/212-500x364.jpg 500w, https:\/\/historiadofutebol.com\/blog\/wp-content\/uploads\/2020\/09\/212-300x218.jpg 300w, https:\/\/historiadofutebol.com\/blog\/wp-content\/uploads\/2020\/09\/212-768x558.jpg 768w, https:\/\/historiadofutebol.com\/blog\/wp-content\/uploads\/2020\/09\/212-624x454.jpg 624w, https:\/\/historiadofutebol.com\/blog\/wp-content\/uploads\/2020\/09\/212.jpg 960w\" sizes=\"auto, (max-width: 500px) 100vw, 500px\" \/><figcaption>Sider\u00fargica e Atl\u00e9tico, anos 50. Est\u00e1dio Praia do \u00d3 em Sabar\u00e1. O goleiro Dejair do Sider\u00fargica e o atacante D\u00e9cio Sime\u00e3o, Ubaldo do Atl\u00e9tico na jogada (Acervo do E.C. Sider\u00fargica)<\/figcaption><\/figure><\/div>\n\n\n\n<p>Permaneceu desativado por 26 anos, e retornou, sem sucesso de outrora, mais tr\u00eas vezes no futebol profissional: <strong>1993, 1997 e 2007<\/strong>. Em todos os casos, jogou o <strong><em>Campeonato Mineiro da Segunda Divis\u00e3o<\/em><\/strong> e n\u00e3o teve \u00eaxito, sempre terminando nas \u00faltimas coloca\u00e7\u00f5es.<\/p>\n\n\n\n<p>Em <strong>2011<\/strong>, o clube novamente ativou seu departamento de futebol profissional e se inscreveu para a disputa do <strong><em>Campeonato Mineiro da 2\u00aa Divis\u00e3o<\/em><\/strong>, organizado pela <strong><em>Federa\u00e7\u00e3o Mineira de Futebol (FMF)<\/em><\/strong>. No entanto, n\u00e3o obteve sucesso e foi eliminado ainda na primeira fase.<\/p>\n\n\n\n<p>Em <strong><em>2012<\/em><\/strong>, o <strong>Sider\u00fargica<\/strong> teve uma campanha fraca na <strong><em>Segundona Mineira<\/em><\/strong>, sendo eliminado ainda na 1\u00aa fase e ficando na lanterna do grupo sem nenhuma vit\u00f3ria.<\/p>\n\n\n\n<p>A falta de verbas do <strong>Sider\u00fargica<\/strong> impediram o retorno de uma equipe profissional para a <strong><em>Segunda Divis\u00e3o em 2014<\/em><\/strong>, mantendo apenas seis equipes de base, nas categorias pr\u00e9-mirim, mirim, infantil e juvenil. Como n\u00e3o podem usar o <strong><em>Est\u00e1dio da Praia do \u00d3<\/em><\/strong>, treinam em uma escola estadual de Sabar\u00e1.<\/p>\n\n\n\n<p>O \u201c<strong><em>Esquadr\u00e3o de Ferro<\/em><\/strong>\u201d retomou novamente as atividades em <strong><em>2015<\/em><\/strong>, e para a disputa da <strong><em>Segunda Divis\u00e3o<\/em><\/strong>, utilizou o <strong><em>Est\u00e1dio Israel Pinheiro<\/em><\/strong>, em Itabira, para mando de suas partidas, o mesmo ocorrendo em 2016.<\/p>\n\n\n\n<p><strong>AP\u00d3S 31 ANOS, ENFIM, A VIT\u00d3RIA<\/strong><\/p>\n\n\n\n<p>A \u00faltima partida que o <strong>Sider\u00fargica<\/strong> jogou ainda patrocinado pela <strong><em>Belgo-Mineira<\/em><\/strong> foi a vit\u00f3ria fora de casa contra o <em><strong>Renascen\u00e7a<\/strong><\/em>, em Belo Horizonte, <strong><em>na quinta-feira, do dia 08 de dezembro de 1966<\/em><\/strong>.<\/p>\n\n\n\n<p>Como time profissional, a <strong><em>equipe sabarense<\/em><\/strong> voltou a campo apenas em <strong><em>1993<\/em><\/strong>, com uma campanha p\u00edfia, aonde em sete jogos, a <strong><em>Tartaruga<\/em><\/strong> <strong><em>perdeu seis e empatou um jogo<\/em><\/strong>. Depois disso, o time s\u00f3 voltou a disputar um <strong><em>campeonato profissional em 1997<\/em><\/strong>, a <strong><em>Segunda Divis\u00e3o do Campeonato Mineiro<\/em><\/strong>, aonde novamente fez uma campanha p\u00edfia, com <strong><em>oito jogos, perdeu 4, empatou 2 e venceu 2<\/em><\/strong>.<\/p>\n\n\n\n<p>A primeira dessas duas vit\u00f3rias aconteceu <em>no domingo, do dia 20 de Julho de 1997<\/em>, <strong><em>2 a 1<\/em><\/strong> para cima do <strong><em>Fabril<\/em><\/strong>, quase 31 anos depois da sua \u00faltima vit\u00f3ria. A segunda vit\u00f3ria aconteceu <em>no domingo, do dia 31 de agosto de 1997<\/em>, <strong><em>4 a 2<\/em><\/strong> em cima do <strong><em>Esportivo de Passos<\/em><\/strong>.<\/p>\n\n\n\n<p><strong>NOVO JEJUM DE VIT\u00d3RIAS<\/strong><\/p>\n\n\n\n<p>Essa foi a \u00faltima vit\u00f3ria at\u00e9 hoje a n\u00edvel profissional do <strong>Sider\u00fargica<\/strong>, sendo que o \u00faltimo jogo de <strong><em>1997<\/em><\/strong> ele empatou em 1 a 1 com o <strong><em>Aciara<\/em><\/strong> em Ipatinga. O pr\u00f3ximo campeonato profissional que a equipe disputou, o da <strong><em>Segunda Divis\u00e3o do Campeonato Mineiro<\/em><\/strong>, foi em <strong><em>2007<\/em><\/strong> e depois jogou as edi\u00e7\u00f5es de 2011, 2012, 2015 e 2016.<\/p>\n\n\n\n<p>As campanhas foram as seguintes: 2007: 8 jogos, 4 empates e 4 derrotas; 2011: 6 jogos: 1 empate e 5 derrotas; 2012: 6 jogos: 1 empate e 5 derrotas; 2015: 8 jogos: 2 empates e 6 derrotas e em 2016: 8 jogos: 2 empates e 6 derrotas, o que d\u00e1 um jejum de 19 anos sem vencer ou 37 jogos profissionais seguidos sem vencer, o que \u00e9 o jejum mais longo da hist\u00f3ria do clube se for levado como considera\u00e7\u00e3o o n\u00famero de partidas sem vencer.<\/p>\n\n\n\n<p><strong>HINO DO E.C. SIDER\u00daRGICA<\/strong><\/p>\n\n\n\n<p><em>N\u00e3o tem, n\u00e3o tem<br \/>N\u00e3o tem pro Galo, Raposa, nem Le\u00e3o<br \/>Este ano o neg\u00f3cio s\u00f3 vai ser,<br \/>Pra Tartaruga do Napole\u00e3o.<br \/><\/em><em><br \/>N\u00e3o tem, n\u00e3o tem<br \/>N\u00e3o tem pro Galo, nem Raposa, nem Le\u00e3o<br \/>Este ano o neg\u00f3cio s\u00f3 vai ser,<br \/>Pra Tartaruga do Napole\u00e3o.<br \/><br \/>A tartaruga anda devagar,<br \/>Mas neste passo comanda o pelot\u00e3o,<br \/>Ningu\u00e9m consegue acompanhar.<br \/>A Tartaruga do Napole\u00e3o.<br \/>N\u00e3o tem, n\u00e3o tem.<br \/><br \/>N\u00e3o tem, n\u00e3o tem<br \/>N\u00e3o tem pro Galo, nem Raposa, nem Le\u00e3o<br \/>Este ano o neg\u00f3cio s\u00f3 vai ser,<br \/>Pra Tartaruga do Napole\u00e3o.<br \/><br \/>N\u00e3o tem, n\u00e3o tem<br \/>N\u00e3o tem pro Galo, nem Raposa, nem Le\u00e3o<br \/>Este ano o neg\u00f3cio s\u00f3 vai ser,<br \/>Pra Tartaruga do Napole\u00e3o.<br \/><br \/>A tartaruga anda devagar,<br \/>Mas neste passo comanda o pelot\u00e3o,<br \/>Ningu\u00e9m consegue acompanhar.<br \/>A Tartaruga do Napole\u00e3o.<br \/>N\u00e3o tem, n\u00e3o tem.<\/em><\/p>\n\n\n\n<p><strong><em>Link do Hino, no YouTube:<\/em><\/strong><em> <\/em><a href=\"https:\/\/www.youtube.com\/watch?v=iTZU13C21zk\">https:\/\/www.youtube.com\/watch?v=iTZU13C21zk<\/a><em><\/em><\/p>\n\n\n\n<p><strong><em>TRIBUTO<\/em><\/strong><\/p>\n\n\n\n<p><em>Essa postagem \u00e9 um tributo ao jovem <strong>Mateus Gomes Rossi<\/strong>, ge\u00f3logo formado na USP, mestrando da COPPE-UFRJ, e dono do blog <strong>\u201cDo Capot\u00e3o ao Couro\u201d<\/strong>, que faleceu prematuramente em 22 de dezembro de 2016 aos 29 anos.<\/em><\/p>\n\n\n\n<p><em>Um agradecimento especial ao pai do Mateus: <strong>Sr. Marcelo Rossi<\/strong>, que gentilmente enviou o primeiro trabalho de pesquisa: <strong>Esporte Clube Sider\u00fargica de Sabar\u00e1<\/strong>.<\/em><\/p>\n\n\n\n<p><strong><em><u>FONTES<\/u><\/em><\/strong><strong><em>:<\/em><\/strong><em> Wikip\u00e9dia &#8211; O Estado de Minas &#8211; Mateus Gomes Rossi &#8211; Marcelo Rossi &nbsp;<\/em><\/p>\n\n\n\n<p><strong><em><u>FOTOS<\/u><\/em><\/strong><strong><em>:<\/em><\/strong><em> P\u00e1gina do clube no Facebook &#8211; sabaranet.com &#8211; Acervo de Guilherme L. de Oliveira<\/em><\/p>\n","protected":false},"excerpt":{"rendered":"<p>O Bicampe\u00e3o Mineiro (1937 e 1964) \u00e9 o Esporte Clube Sider\u00fargica uma agremia\u00e7\u00e3o do Munic\u00edpio de Sabar\u00e1, que fica a 15 km da capital (Belo Horizonte) do estado de Minas Gerais. Com uma popula\u00e7\u00e3o de 135.196 habitantes, segundo o IBGE\/2016, o povo sabaraense tem como o seu maior orgulho o \u201cEsquadr\u00e3o de Ferro\u201d, que foi [&hellip;]<\/p>\n","protected":false},"author":55,"featured_media":0,"comment_status":"open","ping_status":"closed","sticky":false,"template":"","format":"standard","meta":{"footnotes":""},"categories":[203,93,83,59,345,87,3,39],"tags":[],"class_list":["post-122885","post","type-post","status-publish","format-standard","hentry","category-sergio-mello","category-campeoes-estaduais-e-nacionais","category-x9-curiosidades","category-escudos","category-fotos-historicas","category-hinos-de-clubes","category-historia-do-futebol","category-minas-gerais"],"_links":{"self":[{"href":"https:\/\/historiadofutebol.com\/blog\/index.php?rest_route=\/wp\/v2\/posts\/122885","targetHints":{"allow":["GET"]}}],"collection":[{"href":"https:\/\/historiadofutebol.com\/blog\/index.php?rest_route=\/wp\/v2\/posts"}],"about":[{"href":"https:\/\/historiadofutebol.com\/blog\/index.php?rest_route=\/wp\/v2\/types\/post"}],"author":[{"embeddable":true,"href":"https:\/\/historiadofutebol.com\/blog\/index.php?rest_route=\/wp\/v2\/users\/55"}],"replies":[{"embeddable":true,"href":"https:\/\/historiadofutebol.com\/blog\/index.php?rest_route=%2Fwp%2Fv2%2Fcomments&post=122885"}],"version-history":[{"count":13,"href":"https:\/\/historiadofutebol.com\/blog\/index.php?rest_route=\/wp\/v2\/posts\/122885\/revisions"}],"predecessor-version":[{"id":123969,"href":"https:\/\/historiadofutebol.com\/blog\/index.php?rest_route=\/wp\/v2\/posts\/122885\/revisions\/123969"}],"wp:attachment":[{"href":"https:\/\/historiadofutebol.com\/blog\/index.php?rest_route=%2Fwp%2Fv2%2Fmedia&parent=122885"}],"wp:term":[{"taxonomy":"category","embeddable":true,"href":"https:\/\/historiadofutebol.com\/blog\/index.php?rest_route=%2Fwp%2Fv2%2Fcategories&post=122885"},{"taxonomy":"post_tag","embeddable":true,"href":"https:\/\/historiadofutebol.com\/blog\/index.php?rest_route=%2Fwp%2Fv2%2Ftags&post=122885"}],"curies":[{"name":"wp","href":"https:\/\/api.w.org\/{rel}","templated":true}]}}