{"id":122628,"date":"2020-06-30T15:22:24","date_gmt":"2020-06-30T18:22:24","guid":{"rendered":"https:\/\/historiadofutebol.com\/blog\/?p=122628"},"modified":"2020-08-20T10:48:49","modified_gmt":"2020-08-20T13:48:49","slug":"foto-rara-jogadores-do-vasco-da-gama-campeoes-de-1923","status":"publish","type":"post","link":"https:\/\/historiadofutebol.com\/blog\/?p=122628","title":{"rendered":"Foto Rara: Jogadores do Vasco da Gama campe\u00f5es de 1923"},"content":{"rendered":"\n<p>O <strong><em>Clube de Regatas Vasco da Gama<\/em><\/strong>  foi <em><strong>campe\u00e3o <\/strong><\/em>do <em><strong>Campeonato Carioca de 1923<\/strong><\/em>.&nbsp;A disputa ocorreu entre&nbsp;<em>15 de abril&nbsp;e&nbsp;26 de agosto&nbsp;<\/em>e foi organizada pela<em><strong>&nbsp;Liga Metropolitana de Desportos Terrestres&nbsp;(LMDT)<\/strong><\/em>. Ap\u00f3s vencer a <em><strong>Segunda Divis\u00e3o<\/strong><\/em>, em <em><strong>1922<\/strong><\/em>, o <em><strong>Vasco <\/strong><\/em>adquiriu o direito do acesso \u00e0 <em><strong>1\u00aa Divis\u00e3o<\/strong><\/em> no ano seguinte.&nbsp;<\/p>\n\n\n\n<div class=\"wp-block-image\"><figure class=\"aligncenter size-large\"><img loading=\"lazy\" decoding=\"async\" width=\"500\" height=\"316\" src=\"https:\/\/historiadofutebol.com\/blog\/wp-content\/uploads\/2020\/06\/CR-Vasco-da-Gama-1924-500x316.jpg\" alt=\"\" class=\"wp-image-122631\" srcset=\"https:\/\/historiadofutebol.com\/blog\/wp-content\/uploads\/2020\/06\/CR-Vasco-da-Gama-1924-500x316.jpg 500w, https:\/\/historiadofutebol.com\/blog\/wp-content\/uploads\/2020\/06\/CR-Vasco-da-Gama-1924-300x189.jpg 300w, https:\/\/historiadofutebol.com\/blog\/wp-content\/uploads\/2020\/06\/CR-Vasco-da-Gama-1924-768x485.jpg 768w, https:\/\/historiadofutebol.com\/blog\/wp-content\/uploads\/2020\/06\/CR-Vasco-da-Gama-1924-1536x970.jpg 1536w, https:\/\/historiadofutebol.com\/blog\/wp-content\/uploads\/2020\/06\/CR-Vasco-da-Gama-1924-2048x1293.jpg 2048w, https:\/\/historiadofutebol.com\/blog\/wp-content\/uploads\/2020\/06\/CR-Vasco-da-Gama-1924-624x394.jpg 624w\" sizes=\"auto, (max-width: 500px) 100vw, 500px\" \/><\/figure><\/div>\n\n\n\n<p>A equipe do<em><strong> Vasco da Gama <\/strong><\/em>tinha, a \u00e9poca, a alcunha de&nbsp;Os <em>Camisas Negras<\/em>,&nbsp;devido \u00e0 cor de seu uniforme. O t\u00edtulo do <em><strong>Vasco <\/strong><\/em>foi, tamb\u00e9m, o primeiro de uma equipe composta por jogadores negros, mulatos e oper\u00e1rios, o que causou enorme repercuss\u00e3o \u00e0 \u00e9poca, j\u00e1 que o futebol era um esporte praticado sobretudo pela aristocracia&nbsp;inglesa. <\/p>\n\n\n\n<div class=\"wp-block-image\"><figure class=\"aligncenter size-large\"><img loading=\"lazy\" decoding=\"async\" width=\"366\" height=\"500\" src=\"https:\/\/historiadofutebol.com\/blog\/wp-content\/uploads\/2020\/06\/Revista-da-Semana-RJ-VASCO-1923-1-366x500.jpg\" alt=\"\" class=\"wp-image-122630\" srcset=\"https:\/\/historiadofutebol.com\/blog\/wp-content\/uploads\/2020\/06\/Revista-da-Semana-RJ-VASCO-1923-1-366x500.jpg 366w, https:\/\/historiadofutebol.com\/blog\/wp-content\/uploads\/2020\/06\/Revista-da-Semana-RJ-VASCO-1923-1-220x300.jpg 220w, https:\/\/historiadofutebol.com\/blog\/wp-content\/uploads\/2020\/06\/Revista-da-Semana-RJ-VASCO-1923-1-768x1048.jpg 768w, https:\/\/historiadofutebol.com\/blog\/wp-content\/uploads\/2020\/06\/Revista-da-Semana-RJ-VASCO-1923-1-1125x1536.jpg 1125w, https:\/\/historiadofutebol.com\/blog\/wp-content\/uploads\/2020\/06\/Revista-da-Semana-RJ-VASCO-1923-1-1501x2048.jpg 1501w, https:\/\/historiadofutebol.com\/blog\/wp-content\/uploads\/2020\/06\/Revista-da-Semana-RJ-VASCO-1923-1-624x852.jpg 624w, https:\/\/historiadofutebol.com\/blog\/wp-content\/uploads\/2020\/06\/Revista-da-Semana-RJ-VASCO-1923-1-scaled.jpg 1876w\" sizes=\"auto, (max-width: 366px) 100vw, 366px\" \/><\/figure><\/div>\n\n\n\n<p>Considera-se que o <em><strong>campeonato <\/strong><\/em>vencido pelo <em><strong>Vasco <\/strong><\/em>em <em><strong>1923 <\/strong><\/em>foi um marco na vit\u00f3ria sobre o&nbsp;racismo&nbsp;no&nbsp;futebol brasileiro.<\/p>\n\n\n\n<p>Comandada pelo <em>uruguaio Ramon Platero<\/em>, a <em><strong>equipe vasca\u00edna<\/strong><\/em> fazia treinos f\u00edsicos e se concentrava, ao passo que os rivais iam \u00e0s noitadas. \u00c0 medida que os &#8220;<em>camisas pretas<\/em>&#8221; <em>(assim apelidados por causa da cor da camisa)<\/em> dominavam a competi\u00e7\u00e3o, a pol\u00eamica crescia. O futebol era amador, mas o <em><strong>Vasco <\/strong><\/em>pagava gratifica\u00e7\u00f5es por vit\u00f3rias, o que levava os cr\u00edticos a acus\u00e1-lo de profissionalismo disfar\u00e7ado.<\/p>\n\n\n\n<p>Quanto mais o time vencia, mais os est\u00e1dios enchiam, em resposta ao futebol elitizado. Apesar das cr\u00edticas e acusa\u00e7\u00f5es, o <em><strong>Vasco <\/strong><\/em>foi <em><strong>campe\u00e3o de 1923<\/strong><\/em>, em sua estreia entre os grandes, com <em>N\u00e9lson, Leit\u00e3o e Mingote (Cl\u00e1udio); Nicolino, Bol\u00e3o e Arthur; Paschoal, Torterolli, Arlindo, Cecy e Negrito.<\/em><\/p>\n\n\n\n<p>Para M\u00e1rio Filho, ainda em &#8220;<em>O Negro no Futebol Brasileiro<\/em>&#8220;, aquele t\u00edtulo vasca\u00edno &#8220;<em>era uma verdadeira revolu\u00e7\u00e3o que se operava no futebol brasileiro<\/em>&#8220;. Terminado o <em><strong>campeonato de 1923<\/strong><\/em>, o futebol carioca entrou em crise. <\/p>\n\n\n\n<p>O <em><strong>Fluminense<\/strong><\/em>, <em><strong>Botafogo<\/strong><\/em>, <em><strong>Flamengo <\/strong><\/em>e <em><strong>Am\u00e9rica <\/strong><\/em>criaram uma nova entidade, a <em><strong>Associa\u00e7\u00e3o Metropolitana de Esportes Athleticos (AMEA)<\/strong><\/em> e fizeram uma s\u00e9rie de exig\u00eancias aos clubes interessados. Entre elas, os atletas n\u00e3o poderiam ter profiss\u00f5es consideradas inferiores nem ganhar dinheiro para jogar.<\/p>\n\n\n\n<figure class=\"wp-block-image size-large\"><img decoding=\"async\" src=\"https:\/\/www.vaskipedia.com\/media\/uploads\/2016\/09\/22\/tabela-1.PNG\" alt=\"\"\/><\/figure>\n\n\n\n<p>11 vit\u00f3rias (78,57%)<\/p>\n\n\n\n<p>2 empates (14,29%)<\/p>\n\n\n\n<p>1 derrotas (7,14%)<\/p>\n\n\n\n<p>32 gols pr\u00f3 (2,29 por jogo em m\u00e9dia)<\/p>\n\n\n\n<p>19 gols contra (1,36 por jogo em m\u00e9dia)<\/p>\n\n\n\n<p><strong>Classifica\u00e7\u00e3o final<\/strong><\/p>\n\n\n\n<p>:<img decoding=\"async\" alt=\"\" src=\"https:\/\/www.vaskipedia.com\/media\/uploads\/2016\/09\/22\/tabela-2.PNG\"\/><\/p>\n\n\n\n<p><em><strong>Legenda: <\/strong>P &#8211; pontos ganhos, J &#8211; jogos, V &#8211; vit\u00f3rias, E &#8211; empates, D &#8211; derrotas, GP &#8211; gols pr\u00f3, GC &#8211; gols contra, SG &#8211; saldo de gols<\/em><\/p>\n\n\n\n<p><strong><em>PS: <\/em><\/strong><em>O <strong>Vasco <\/strong>ganhou os pontos do jogo com o Andarahy (1 a 1), assim como o<strong> S\u00e3o Crist\u00f3v\u00e3o<\/strong> (0 a 0), devido \u00e0 escala\u00e7\u00e3o irregular do jogador Jo\u00e3ozinho, do <strong>Andarahy<\/strong>.<\/em><\/p>\n\n\n\n<p><strong>Principais artilheiros:<\/strong><\/p>\n\n\n\n<figure class=\"wp-block-image size-large is-resized\"><img loading=\"lazy\" decoding=\"async\" src=\"https:\/\/www.vaskipedia.com\/media\/uploads\/2016\/09\/22\/tabela-3.PNG\" alt=\"\" width=\"605\" height=\"149\"\/><\/figure>\n\n\n\n<h4 class=\"wp-block-heading\">Time-base: <\/h4>\n\n\n\n<ul class=\"wp-block-list\"><li><em>Nelson; Leit\u00e3o&nbsp;e Mingote (Cl\u00e1udio); Nicolino, Bol\u00e3o&nbsp;e Arthur; Paschoal, Torterolli, Arlindo, Ceci&nbsp;e Negrito.  <strong>T\u00e9cnico:&nbsp;<\/strong>Ram\u00f3n Platero<\/em><\/li><\/ul>\n\n\n\n<p><em><strong>FONTES: <\/strong>Vaskipedia &#8211; Revista da Semana (RJ)<\/em><\/p>\n","protected":false},"excerpt":{"rendered":"<p>O Clube de Regatas Vasco da Gama foi campe\u00e3o do Campeonato Carioca de 1923.&nbsp;A disputa ocorreu entre&nbsp;15 de abril&nbsp;e&nbsp;26 de agosto&nbsp;e foi organizada pela&nbsp;Liga Metropolitana de Desportos Terrestres&nbsp;(LMDT). Ap\u00f3s vencer a Segunda Divis\u00e3o, em 1922, o Vasco adquiriu o direito do acesso \u00e0 1\u00aa Divis\u00e3o no ano seguinte.&nbsp; A equipe do Vasco da Gama tinha, [&hellip;]<\/p>\n","protected":false},"author":55,"featured_media":0,"comment_status":"open","ping_status":"closed","sticky":false,"template":"","format":"standard","meta":{"footnotes":""},"categories":[203,83,59,345,3,47,76],"tags":[],"class_list":["post-122628","post","type-post","status-publish","format-standard","hentry","category-sergio-mello","category-x9-curiosidades","category-escudos","category-fotos-historicas","category-historia-do-futebol","category-rio-de-janeiro","category-antigo-estado-do-rio"],"_links":{"self":[{"href":"https:\/\/historiadofutebol.com\/blog\/index.php?rest_route=\/wp\/v2\/posts\/122628","targetHints":{"allow":["GET"]}}],"collection":[{"href":"https:\/\/historiadofutebol.com\/blog\/index.php?rest_route=\/wp\/v2\/posts"}],"about":[{"href":"https:\/\/historiadofutebol.com\/blog\/index.php?rest_route=\/wp\/v2\/types\/post"}],"author":[{"embeddable":true,"href":"https:\/\/historiadofutebol.com\/blog\/index.php?rest_route=\/wp\/v2\/users\/55"}],"replies":[{"embeddable":true,"href":"https:\/\/historiadofutebol.com\/blog\/index.php?rest_route=%2Fwp%2Fv2%2Fcomments&post=122628"}],"version-history":[{"count":3,"href":"https:\/\/historiadofutebol.com\/blog\/index.php?rest_route=\/wp\/v2\/posts\/122628\/revisions"}],"predecessor-version":[{"id":122816,"href":"https:\/\/historiadofutebol.com\/blog\/index.php?rest_route=\/wp\/v2\/posts\/122628\/revisions\/122816"}],"wp:attachment":[{"href":"https:\/\/historiadofutebol.com\/blog\/index.php?rest_route=%2Fwp%2Fv2%2Fmedia&parent=122628"}],"wp:term":[{"taxonomy":"category","embeddable":true,"href":"https:\/\/historiadofutebol.com\/blog\/index.php?rest_route=%2Fwp%2Fv2%2Fcategories&post=122628"},{"taxonomy":"post_tag","embeddable":true,"href":"https:\/\/historiadofutebol.com\/blog\/index.php?rest_route=%2Fwp%2Fv2%2Ftags&post=122628"}],"curies":[{"name":"wp","href":"https:\/\/api.w.org\/{rel}","templated":true}]}}