{"id":122475,"date":"2020-06-11T15:26:53","date_gmt":"2020-06-11T18:26:53","guid":{"rendered":"https:\/\/historiadofutebol.com\/blog\/?p=122475"},"modified":"2022-03-12T15:57:34","modified_gmt":"2022-03-12T18:57:34","slug":"122475__trashed","status":"publish","type":"post","link":"https:\/\/historiadofutebol.com\/blog\/?p=122475","title":{"rendered":"Camiseta para hist\u00f3ria!!!! O Nascedouro do Botafogo Futebol e Regatas (RJ)"},"content":{"rendered":"\n<p>Parece um simples uniforme velho e surrado, mas faz muito mais parte da hist\u00f3ria do <strong>Botafogo<\/strong> do que voc\u00ea pode imaginar: <em><strong>na quinta-feira, do dia 11 de junho de 1942<\/strong><\/em>, vestindo essa r<em>egata de n\u00famero 3<\/em>, o jogador de basquete <strong><em>Armando Albano<\/em><\/strong> teve um mal s\u00fabito durante a partida entre <strong>Botafogo Football Club <\/strong>e<strong> Club de Regatas Botafogo<\/strong>, pelo <em><strong>Campeonato Carioca da modalidade<\/strong><\/em>. <\/p>\n\n\n\n<p>Sua morte tr\u00e1gica desencadeou um processo que j\u00e1 vinha sendo considerado, por\u00e9m sempre refutado, h\u00e1 algum tempo: fundir os dois clubes. A partir da\u00ed, nasceu o <strong>Botafogo de Futebol e Regatas<\/strong>.<\/p>\n\n\n\n<figure class=\"wp-block-image size-large\"><img decoding=\"async\" src=\"https:\/\/historiadofutebol.com\/blog\/wp-content\/uploads\/2020\/06\/4T4TT-399x500.png\" alt=\"\" class=\"wp-image-122476\"\/><\/figure>\n\n\n\n<p><em><strong>FONTE:<\/strong> texto e imagem do @acervobotafogo <\/em><\/p>\n","protected":false},"excerpt":{"rendered":"<p>Parece um simples uniforme velho e surrado, mas faz muito mais parte da hist\u00f3ria do Botafogo do que voc\u00ea pode imaginar: na quinta-feira, do dia 11 de junho de 1942, vestindo essa regata de n\u00famero 3, o jogador de basquete Armando Albano teve um mal s\u00fabito durante a partida entre Botafogo Football Club e Club [&hellip;]<\/p>\n","protected":false},"author":1,"featured_media":0,"comment_status":"open","ping_status":"closed","sticky":false,"template":"","format":"standard","meta":{"footnotes":""},"categories":[62,83,345,47,76],"tags":[],"class_list":["post-122475","post","type-post","status-publish","format-standard","hentry","category-eduardo-cacella","category-x9-curiosidades","category-fotos-historicas","category-rio-de-janeiro","category-antigo-estado-do-rio"],"_links":{"self":[{"href":"https:\/\/historiadofutebol.com\/blog\/index.php?rest_route=\/wp\/v2\/posts\/122475","targetHints":{"allow":["GET"]}}],"collection":[{"href":"https:\/\/historiadofutebol.com\/blog\/index.php?rest_route=\/wp\/v2\/posts"}],"about":[{"href":"https:\/\/historiadofutebol.com\/blog\/index.php?rest_route=\/wp\/v2\/types\/post"}],"author":[{"embeddable":true,"href":"https:\/\/historiadofutebol.com\/blog\/index.php?rest_route=\/wp\/v2\/users\/1"}],"replies":[{"embeddable":true,"href":"https:\/\/historiadofutebol.com\/blog\/index.php?rest_route=%2Fwp%2Fv2%2Fcomments&post=122475"}],"version-history":[{"count":2,"href":"https:\/\/historiadofutebol.com\/blog\/index.php?rest_route=\/wp\/v2\/posts\/122475\/revisions"}],"predecessor-version":[{"id":122481,"href":"https:\/\/historiadofutebol.com\/blog\/index.php?rest_route=\/wp\/v2\/posts\/122475\/revisions\/122481"}],"wp:attachment":[{"href":"https:\/\/historiadofutebol.com\/blog\/index.php?rest_route=%2Fwp%2Fv2%2Fmedia&parent=122475"}],"wp:term":[{"taxonomy":"category","embeddable":true,"href":"https:\/\/historiadofutebol.com\/blog\/index.php?rest_route=%2Fwp%2Fv2%2Fcategories&post=122475"},{"taxonomy":"post_tag","embeddable":true,"href":"https:\/\/historiadofutebol.com\/blog\/index.php?rest_route=%2Fwp%2Fv2%2Ftags&post=122475"}],"curies":[{"name":"wp","href":"https:\/\/api.w.org\/{rel}","templated":true}]}}