{"id":122460,"date":"2020-06-09T13:55:22","date_gmt":"2020-06-09T16:55:22","guid":{"rendered":"https:\/\/historiadofutebol.com\/blog\/?p=122460"},"modified":"2020-06-09T14:49:34","modified_gmt":"2020-06-09T17:49:34","slug":"atheneu-valenciano-football-club-a-1a-forca-de-valenca-nos-anos-10","status":"publish","type":"post","link":"https:\/\/historiadofutebol.com\/blog\/?p=122460","title":{"rendered":"Atheneu Valenciano Football Club: A 1\u00aa for\u00e7a de Valen\u00e7a (RJ), nos anos 10"},"content":{"rendered":"\n<div class=\"wp-block-image\"><figure class=\"aligncenter size-large\"><img loading=\"lazy\" decoding=\"async\" width=\"500\" height=\"334\" src=\"https:\/\/historiadofutebol.com\/blog\/wp-content\/uploads\/2020\/06\/1912-500x334.jpg\" alt=\"\" class=\"wp-image-122461\" srcset=\"https:\/\/historiadofutebol.com\/blog\/wp-content\/uploads\/2020\/06\/1912-500x334.jpg 500w, https:\/\/historiadofutebol.com\/blog\/wp-content\/uploads\/2020\/06\/1912-300x201.jpg 300w, https:\/\/historiadofutebol.com\/blog\/wp-content\/uploads\/2020\/06\/1912-768x514.jpg 768w, https:\/\/historiadofutebol.com\/blog\/wp-content\/uploads\/2020\/06\/1912-624x417.jpg 624w, https:\/\/historiadofutebol.com\/blog\/wp-content\/uploads\/2020\/06\/1912.jpg 996w\" sizes=\"auto, (max-width: 500px) 100vw, 500px\" \/><\/figure><\/div>\n\n\n\n<p>O <strong>Atheneu Valenciano Football Club<\/strong> foi uma agremia\u00e7\u00e3o do Munic\u00edpio de Valen\u00e7a (RJ). Localizado na regi\u00e3o <em>Sul Fluminense<\/em> a <em>148 km<\/em> da capital, a &#8220;<strong><em>Cidade dos Marqueses<\/em><\/strong>&#8221; conta atualmente com uma <strong>popula\u00e7\u00e3o de 76.523 habitantes<\/strong> <em>(segundo o censo do IBGE\/2019)<\/em>.<\/p>\n\n\n\n<p><strong><em>Fundado na d\u00e9cada de 10<\/em><\/strong>, por alunos do &#8220;<em>col\u00e9gio Ateneu Valenciano&#8221;<\/em>, esse time foi o 1\u00aa for\u00e7a da cidade. Nesse per\u00edodo era temida e respeitada, onde ficou por um bom tempo invicto.<\/p>\n\n\n\n<p>Em 1914, ano em que o futebol alcan\u00e7ou sua maior anima\u00e7\u00e3o, a vida esportiva de <strong><em>Marqu\u00eas de Valen\u00e7a<\/em><\/strong> teve pleno \u00eaxito, quando da memor\u00e1vel partida amistosa entre o <strong><em>Atheneu Valenciano<\/em><\/strong> com o &nbsp;<strong><em>Sport Club Valenciano<\/em><\/strong>.<\/p>\n\n\n\n<div class=\"wp-block-image\"><figure class=\"aligncenter size-large\"><img loading=\"lazy\" decoding=\"async\" width=\"500\" height=\"389\" src=\"https:\/\/historiadofutebol.com\/blog\/wp-content\/uploads\/2020\/06\/1919-1-500x389.jpg\" alt=\"\" class=\"wp-image-122463\" srcset=\"https:\/\/historiadofutebol.com\/blog\/wp-content\/uploads\/2020\/06\/1919-1-500x389.jpg 500w, https:\/\/historiadofutebol.com\/blog\/wp-content\/uploads\/2020\/06\/1919-1-300x233.jpg 300w, https:\/\/historiadofutebol.com\/blog\/wp-content\/uploads\/2020\/06\/1919-1-768x597.jpg 768w, https:\/\/historiadofutebol.com\/blog\/wp-content\/uploads\/2020\/06\/1919-1-1536x1195.jpg 1536w, https:\/\/historiadofutebol.com\/blog\/wp-content\/uploads\/2020\/06\/1919-1-2048x1593.jpg 2048w, https:\/\/historiadofutebol.com\/blog\/wp-content\/uploads\/2020\/06\/1919-1-624x485.jpg 624w\" sizes=\"auto, (max-width: 500px) 100vw, 500px\" \/><\/figure><\/div>\n\n\n\n<p>A partida amistosa foi em comemora\u00e7\u00e3o a visita oficial do ent\u00e3o&nbsp;<em><strong>presidente da Rep\u00fablica<\/strong><\/em>,&nbsp;<em>Marechal Hermes da Fonseca<\/em>, e&nbsp;<em>Dr. Paulo de Frontin<\/em>,&nbsp;<em>(ent\u00e3o diretor da Central do Brasil)<\/em>, que, em <strong><em>Marqu\u00eas de Valen\u00e7a<\/em><\/strong>, presidiram a inaugura\u00e7\u00e3o da nova esta\u00e7\u00e3o ferrovi\u00e1ria, dep\u00f3sito e oficinas daquela estrada, bem como do busto do Dr.&nbsp;<em>Paulo de Frontin,<\/em>&nbsp;na pra\u00e7a hom\u00f4nima, em homenagem e gratid\u00e3o aquele ilustre e saudoso engenheiro que tanto trabalhou pela encampa\u00e7\u00e3o da antiga estrada de ferro \u201c<em>Uni\u00e3o Valenciana<\/em>\u201d \u00e0 Central do Brasil.<\/p>\n\n\n\n<p>Ap\u00f3s o jogo, presentes aquelas autoridades e todas as classes sociais valencianas, foi&nbsp;<em>Benjamin de Morais<\/em>&nbsp;alvo de significativos aplausos, tendo recebido, pessoalmente, daquelas altas personalidades, expressivos cumprimentos, pela sua atua\u00e7\u00e3o na partida.<\/p>\n\n\n\n<p><strong><em><u>FONTES<\/u><\/em><\/strong><strong><em>:<\/em><\/strong><em> O &#8220;Jornal das Mo\u00e7as&#8221; em Valen\u00e7a &#8211;<\/em> <em>Valen\u00e7a de Ontem e de Hoje, Cap\u00edtulo 7, Aspetos Sociais &#8211; Acervo de Eloy Teixeira Coelho<\/em> &nbsp;&nbsp;<\/p>\n","protected":false},"excerpt":{"rendered":"<p>O Atheneu Valenciano Football Club foi uma agremia\u00e7\u00e3o do Munic\u00edpio de Valen\u00e7a (RJ). Localizado na regi\u00e3o Sul Fluminense a 148 km da capital, a &#8220;Cidade dos Marqueses&#8221; conta atualmente com uma popula\u00e7\u00e3o de 76.523 habitantes (segundo o censo do IBGE\/2019). Fundado na d\u00e9cada de 10, por alunos do &#8220;col\u00e9gio Ateneu Valenciano&#8221;, esse time foi o [&hellip;]<\/p>\n","protected":false},"author":55,"featured_media":0,"comment_status":"open","ping_status":"closed","sticky":false,"template":"","format":"standard","meta":{"footnotes":""},"categories":[203,531,83,59,3,47,76],"tags":[],"class_list":["post-122460","post","type-post","status-publish","format-standard","hentry","category-sergio-mello","category-carencias","category-x9-curiosidades","category-escudos","category-historia-do-futebol","category-rio-de-janeiro","category-antigo-estado-do-rio"],"_links":{"self":[{"href":"https:\/\/historiadofutebol.com\/blog\/index.php?rest_route=\/wp\/v2\/posts\/122460","targetHints":{"allow":["GET"]}}],"collection":[{"href":"https:\/\/historiadofutebol.com\/blog\/index.php?rest_route=\/wp\/v2\/posts"}],"about":[{"href":"https:\/\/historiadofutebol.com\/blog\/index.php?rest_route=\/wp\/v2\/types\/post"}],"author":[{"embeddable":true,"href":"https:\/\/historiadofutebol.com\/blog\/index.php?rest_route=\/wp\/v2\/users\/55"}],"replies":[{"embeddable":true,"href":"https:\/\/historiadofutebol.com\/blog\/index.php?rest_route=%2Fwp%2Fv2%2Fcomments&post=122460"}],"version-history":[{"count":3,"href":"https:\/\/historiadofutebol.com\/blog\/index.php?rest_route=\/wp\/v2\/posts\/122460\/revisions"}],"predecessor-version":[{"id":122466,"href":"https:\/\/historiadofutebol.com\/blog\/index.php?rest_route=\/wp\/v2\/posts\/122460\/revisions\/122466"}],"wp:attachment":[{"href":"https:\/\/historiadofutebol.com\/blog\/index.php?rest_route=%2Fwp%2Fv2%2Fmedia&parent=122460"}],"wp:term":[{"taxonomy":"category","embeddable":true,"href":"https:\/\/historiadofutebol.com\/blog\/index.php?rest_route=%2Fwp%2Fv2%2Fcategories&post=122460"},{"taxonomy":"post_tag","embeddable":true,"href":"https:\/\/historiadofutebol.com\/blog\/index.php?rest_route=%2Fwp%2Fv2%2Ftags&post=122460"}],"curies":[{"name":"wp","href":"https:\/\/api.w.org\/{rel}","templated":true}]}}