{"id":122441,"date":"2020-06-06T20:49:37","date_gmt":"2020-06-06T23:49:37","guid":{"rendered":"https:\/\/historiadofutebol.com\/blog\/?p=122441"},"modified":"2020-06-08T21:07:56","modified_gmt":"2020-06-09T00:07:56","slug":"inedito-vitoria-do-morro-do-castro-titulo-inedito-goncalense-e-pela-1a-vez-jogou-no-maracana-ambos-em-1975","status":"publish","type":"post","link":"https:\/\/historiadofutebol.com\/blog\/?p=122441","title":{"rendered":"In\u00e9dito!! Vit\u00f3ria do Morro do Castro: t\u00edtulo in\u00e9dito Gon\u00e7alense e pela 1\u00aa vez jogou no Maracan\u00e3, ambos em 1975"},"content":{"rendered":"\n<div class=\"wp-block-image\"><figure class=\"aligncenter size-large\"><img loading=\"lazy\" decoding=\"async\" width=\"500\" height=\"201\" src=\"https:\/\/historiadofutebol.com\/blog\/wp-content\/uploads\/2020\/06\/VITORIA-1975-79-500x201.jpg\" alt=\"\" class=\"wp-image-122442\" srcset=\"https:\/\/historiadofutebol.com\/blog\/wp-content\/uploads\/2020\/06\/VITORIA-1975-79-500x201.jpg 500w, https:\/\/historiadofutebol.com\/blog\/wp-content\/uploads\/2020\/06\/VITORIA-1975-79-300x120.jpg 300w, https:\/\/historiadofutebol.com\/blog\/wp-content\/uploads\/2020\/06\/VITORIA-1975-79-768x308.jpg 768w, https:\/\/historiadofutebol.com\/blog\/wp-content\/uploads\/2020\/06\/VITORIA-1975-79-624x250.jpg 624w, https:\/\/historiadofutebol.com\/blog\/wp-content\/uploads\/2020\/06\/VITORIA-1975-79.jpg 1296w\" sizes=\"auto, (max-width: 500px) 100vw, 500px\" \/><\/figure><\/div>\n\n\n\n<p>O <strong>Vit\u00f3ria Atl\u00e9tico Clube <em>(Vit\u00f3ria do Morro do Castro)<\/em><\/strong>, foi uma agremia\u00e7\u00e3o da cidade de S\u00e3o Gon\u00e7alo (RJ). A sua <strong><em>Sede<\/em><\/strong> ficava localizado na <em>Rua Doutor Marche, n\u00ba 105 (casa), no Morro do Castro, em S\u00e3o Gon\u00e7alo<\/em>. As suas <strong><em>cores<\/em><\/strong>: <strong><em>vermelho<\/em><\/strong>, <strong><em>branco<\/em><\/strong> e <strong><em>azul<\/em><\/strong>.<\/p>\n\n\n\n<p><strong>Fundado<\/strong> <strong>em 1942<\/strong>, como <strong>Veterano Atl\u00e9tico Clube<\/strong>, alterou o nome para <strong>Vit\u00f3ria Atl\u00e9tico Clube, <\/strong>em <strong><em>Assembl\u00e9ia Geral<\/em><\/strong>, realizada <strong><em>na segunda-feira, do dia 27 de Agosto de 1975<\/em><\/strong>. O presidente Jair Jos\u00e9 Lopes, na mesma semana, comunicou a <strong><em>Liga Gon\u00e7alense de Desportos (LGD)<\/em><\/strong>, a mudan\u00e7a do nome.<\/p>\n\n\n\n<p><strong>Campe\u00e3o Gon\u00e7alense de 1975<\/strong><\/p>\n\n\n\n<p>A maior conquista foi o <strong><em>Campeonato Citadino de S\u00e3o Gon\u00e7alo<\/em><\/strong><em> de <strong>1975<\/strong><\/em>, organizado pela <strong><em>Liga Gon\u00e7alense de Desportos (LGD)<\/em><\/strong>. Sob o comando do <em>treinador Affonso Celso Bath<\/em> <em>(depois treinou o <strong>Olaria AC<\/strong>, nos anos 70)<\/em>, o <strong><em>t\u00edtulo<\/em><\/strong> aconteceu <em>no domingo, do dia 18 de janeiro de 1976<\/em>.<\/p>\n\n\n\n<p>O <strong>Vit\u00f3ria do Morro do Castro<\/strong> venceu o <strong><em>Clube Recreativo 29 de Junho<\/em><\/strong> por <strong>2 a 1<\/strong>, no <strong>Est\u00e1dio Assad Abdala<\/strong>. Os gols foram assinalados por <em>Ricardo<\/em> e <em>Bebeto<\/em>.<\/p>\n\n\n\n<p><strong><em>Vit\u00f3ria: <\/em><\/strong><em>Almir; Carango, Petisco, Augustinho e Israel; Geir, Ricardo e Thamir; Celso, Bebeto e Paulinho. <strong>T\u00e9cnico:<\/strong> Affonso Celso Bath.<\/em><\/p>\n\n\n\n<p><strong><em>29 de Junho:<\/em><\/strong><em> Paulinho, Z\u00e9 Carlos, Zenildo e Jordan; Cl\u00e1udio e Jair; Alex, Jair II, Chico e Serginho.&nbsp;&nbsp;&nbsp;<\/em><\/p>\n\n\n\n<p>Por\u00e9m, para ser <strong><em>campe\u00e3o<\/em><\/strong>, era necess\u00e1rio que o jogo, <em>em Santa Isabel<\/em>, entre o <strong><em>Villa Tr\u00eas<\/em><\/strong> e <strong><em>Nacional<\/em><\/strong> terminasse empatado. E foi, justamente, o que aconteceu com a partida terminando em <strong><em>1 a 1<\/em><\/strong>, o <strong><em>Vit\u00f3ria<\/em><\/strong> se sagrou <strong><em>campe\u00e3o<\/em><\/strong>! Os destaques do <strong><em>Vit\u00f3ria<\/em><\/strong> foi o craque <em>Ricardo<\/em> e o meia-atacante <em>Thamir<\/em>, artilheiro isolado do certamente.&nbsp;&nbsp;&nbsp;&nbsp;&nbsp;&nbsp;<\/p>\n\n\n\n<p>Presidido pelo <em>Sr. Jair Jos\u00e9 Lopes no come\u00e7o do ano e depois entrou Ivaldo de Abreu<\/em>, o seu <strong><em>diretor do Departamento de Futebol<\/em><\/strong> era o <em>Tinho<\/em>, enquanto o Supervisor estava ao cargo de <em>Haroldo<\/em> e o tesoureiro era <em>Ruzimar<\/em>. O t\u00e9cnico foi <em>Afonso Celso Bath<\/em>, e os preparadores f\u00edsicos: <em>Pedro de Alc\u00e2ntara<\/em> e <em>Jo\u00e3o R\u00e9gis<\/em>. Em geral, os treinos f\u00edsicos eram feitos nas ter\u00e7as e quintas, enquanto aos s\u00e1bados ocorriam os treinos t\u00e1ticos.&nbsp;<\/p>\n\n\n\n<p><strong>No dia que o time jogou no Maracan\u00e3<\/strong><\/p>\n\n\n\n<div class=\"wp-block-image\"><figure class=\"aligncenter size-large\"><img loading=\"lazy\" decoding=\"async\" width=\"425\" height=\"276\" src=\"https:\/\/historiadofutebol.com\/blog\/wp-content\/uploads\/2020\/06\/15518151351706.jpg\" alt=\"\" class=\"wp-image-122443\" srcset=\"https:\/\/historiadofutebol.com\/blog\/wp-content\/uploads\/2020\/06\/15518151351706.jpg 425w, https:\/\/historiadofutebol.com\/blog\/wp-content\/uploads\/2020\/06\/15518151351706-300x195.jpg 300w\" sizes=\"auto, (max-width: 425px) 100vw, 425px\" \/><figcaption>                                                                                        Cart\u00e3o Postal de 1975<\/figcaption><\/figure><\/div>\n\n\n\n<p><em>No s\u00e1bado dia 04 de Outubro de 1975<\/em>, v\u00e1lido pela pen\u00faltima rodada da fase preliminar da Copa Brasil, o <strong><em>Am\u00e9rica<\/em><\/strong> enfrentou o <strong><em>Guarani<\/em><\/strong>, de Campinas\/SP, \u00e0s 21 horas, no Est\u00e1dio Mario Filho, o Maracan\u00e3. Na preliminar, o <strong><em>Vit\u00f3ria do Morro do Castro<\/em><\/strong> enfrentou o <strong><em>Castelo<\/em><\/strong>, <strong><em>bicampe\u00e3o de Rio Bonito<\/em><\/strong>.<\/p>\n\n\n\n<p>O <strong>Vit\u00f3ria<\/strong> seguiu para o Maracan\u00e3 \u00e0s <em>16 horas<\/em>, num \u00f4nibus especial para jogar pela 1\u00aa vez no maior est\u00e1dio do mundo! Essa partida teve <em>arbitragem de Jo\u00e3o Alex Pinheiro, auxiliado por Jos\u00e9 Carlos de Moura e Cl\u00e1udio Garcia<\/em>. O jogo terminou empatado em <strong><em>1 a 1<\/em><\/strong>.<\/p>\n\n\n\n<p>No final do jogo de fundo, com gols de <em>A\u00edlton<\/em> aos 11 minutos e Manoel aos 25 minutos, ambos no segundo tempo, o <strong><em>Am\u00e9rica<\/em><\/strong> bateu o <strong><em>Guarani<\/em><\/strong> por 2 a 0. A Renda foi de Cr$ 45.407,50, para um p\u00fablico de 3.526 pagantes.<\/p>\n\n\n\n<p>Assim descreveu <strong><em>O Fluminense<\/em><\/strong> sobre a rea\u00e7\u00e3o dos moradores no dia em que o clube jogou pela <strong><em>1\u00aa e \u00fanica vez<\/em><\/strong> no <strong><em>Maracan\u00e3<\/em><\/strong>: &#8220;<em>Quando o time vai jogar, o morro desce atr\u00e1s, com sua torcida fren\u00e9tica, esquecida dos problemas de infra-estrutura que enfrenta diariamente. Quando o time pisou no Maracan\u00e3, o morro festejou. N\u00e3o houve quem deixasse de, pelo menos, beber um gole de cerveja ou provar um trago da calorosa <\/em>cacha\u00e7a. <em>O entusiasmo domina qualquer um quando se fala do Vit\u00f3ria Atl\u00e9tico Clube. Foi uma partida hist\u00f3rica<\/em>&#8220;, disse o <em>presidente do clube, Ivaldo Abreu<\/em>. &nbsp;&nbsp;<\/p>\n\n\n\n<p><strong>Diretoria prometeu implantar futebol profissional em 1977<\/strong><\/p>\n\n\n\n<div class=\"wp-block-image\"><figure class=\"aligncenter size-large\"><img loading=\"lazy\" decoding=\"async\" width=\"500\" height=\"299\" src=\"https:\/\/historiadofutebol.com\/blog\/wp-content\/uploads\/2020\/06\/VITORIA-1978-500x299.jpg\" alt=\"\" class=\"wp-image-122444\" srcset=\"https:\/\/historiadofutebol.com\/blog\/wp-content\/uploads\/2020\/06\/VITORIA-1978-500x299.jpg 500w, https:\/\/historiadofutebol.com\/blog\/wp-content\/uploads\/2020\/06\/VITORIA-1978-300x179.jpg 300w, https:\/\/historiadofutebol.com\/blog\/wp-content\/uploads\/2020\/06\/VITORIA-1978-768x459.jpg 768w, https:\/\/historiadofutebol.com\/blog\/wp-content\/uploads\/2020\/06\/VITORIA-1978-624x373.jpg 624w, https:\/\/historiadofutebol.com\/blog\/wp-content\/uploads\/2020\/06\/VITORIA-1978.jpg 1222w\" sizes=\"auto, (max-width: 500px) 100vw, 500px\" \/><figcaption>                                                                                      Time posado de 1978<\/figcaption><\/figure><\/div>\n\n\n\n<p>No final do m\u00eas de setembro de 1976, a diretoria do <strong><em>Vit\u00f3ria do Morro do Castro<\/em><\/strong> prometeu montar um elenco profissional. Sob a presid\u00eancia de <em>Evaldo de Abreu<\/em>; <em>Jair Jos\u00e9 Lopes (Vice)<\/em>; Darci (Diretor de Futebol); Almir Pinheiro (patrim\u00f4nio); o 1\u00ba passo foi a contrata\u00e7\u00e3o do <em>t\u00e9cnico Juarez Bandeira <\/em>para armar o elenco da temporada de 1977.<\/p>\n\n\n\n<p>O treinador foi <strong><em>Tricampe\u00e3o Niteroiense<\/em><\/strong> pelo <strong><em>Centro Recreativo Espanhol<\/em><\/strong>, em <strong><em>1971<\/em><\/strong>, <strong><em>1972<\/em><\/strong> e <strong><em>1973<\/em><\/strong>. A inten\u00e7\u00e3o era contar com um grupo de 20 atletas, sendo 14 profissionais, entre eles o retorno meio-campista <em>Ricardinho<\/em>, <em>Geir<\/em>, <em>Bicas<\/em> e <em>Thamir<\/em>, todos do <strong><em>Tupan<\/em><\/strong>, do <strong><em>Maranh\u00e3o<\/em><\/strong>; o <em>zagueiro Petisco<\/em>, que estava no futebol acreano. Todos com passagem pelo pr\u00f3prio <strong><em>Vit\u00f3ria<\/em><\/strong>.<\/p>\n\n\n\n<p>No <strong><em>Campeonato Gon\u00e7alense de 1977<\/em><\/strong>, que s\u00f3 terminou em 1978, o <strong>Vit\u00f3ria<\/strong> bateu o <strong><em>CROL<\/em><\/strong>, na \u00faltima rodada, por 2 a 1, no campo do <strong><em>Metal\u00fargico<\/em><\/strong>, em Neves, avan\u00e7ando para o <strong><em>Quadrangular final<\/em><\/strong>, juntamente com o <strong><em>Clube Esportivo<\/em><\/strong> <strong><em>Mau\u00e1<\/em><\/strong>, <strong><em>Vila Guedes Futebol Clube <\/em><\/strong>e <strong><em>Unidos do Porto da Pedra Sport Club<\/em><\/strong>. &nbsp;<\/p>\n\n\n\n<p>No primeiro tempo, <em>Jorge Lu\u00eds<\/em> abriu o placar e <em>Toninho<\/em> ampliou. Na etapa final, <em>Ivanzinho<\/em> fez o tento de honra para o <strong><em>CROL<\/em><\/strong>.<\/p>\n\n\n\n<p>No Quadrangular final, o <strong>Vit\u00f3ria<\/strong> venceu o <strong><em>Vila Guedes<\/em><\/strong> <em>(1 a 0)<\/em>, empatou com o <strong><em>Porto da Pedra<\/em><\/strong>, e na rodada final acabou derrotado pelo <strong><em>Mau\u00e1<\/em><\/strong> <em>(3 a 0)<\/em>, que venceu os tr\u00eas jogos <em>(Porto da Pedra, por 1 a 0 e o Vila Guedes)<\/em>, e, dentro de campo, foi o campe\u00e3o! &nbsp;&nbsp;<\/p>\n\n\n\n<div class=\"wp-block-image\"><figure class=\"aligncenter size-large\"><img loading=\"lazy\" decoding=\"async\" width=\"500\" height=\"256\" src=\"https:\/\/historiadofutebol.com\/blog\/wp-content\/uploads\/2020\/06\/VITORIA-SEDE-1975-500x256.jpg\" alt=\"\" class=\"wp-image-122445\" srcset=\"https:\/\/historiadofutebol.com\/blog\/wp-content\/uploads\/2020\/06\/VITORIA-SEDE-1975-500x256.jpg 500w, https:\/\/historiadofutebol.com\/blog\/wp-content\/uploads\/2020\/06\/VITORIA-SEDE-1975-300x154.jpg 300w, https:\/\/historiadofutebol.com\/blog\/wp-content\/uploads\/2020\/06\/VITORIA-SEDE-1975-624x320.jpg 624w, https:\/\/historiadofutebol.com\/blog\/wp-content\/uploads\/2020\/06\/VITORIA-SEDE-1975.jpg 710w\" sizes=\"auto, (max-width: 500px) 100vw, 500px\" \/><figcaption>                                                                  Foto da Sede do Vit\u00f3ria do Morro do Castro<\/figcaption><\/figure><\/div>\n\n\n\n<p>No entanto, antes da \u00faltima rodada, o presidente do <strong><em>Porto da Pedra<\/em><\/strong>, <em>Jos\u00e9 Prado<\/em>, levou as provas \u00e0 <strong><em>Federa\u00e7\u00e3o Fluminense de Desportos (FFD)<\/em><\/strong>, sobre o jogador do <strong><em>Mau\u00e1<\/em><\/strong>: <em>Helv\u00e9cio<\/em>, que estaria em situa\u00e7\u00e3o irregular: &#8220;<em>O <strong>Mau\u00e1<\/strong> foi o campe\u00e3o dentro das quatro linhas, mas no tapet\u00e3o o t\u00edtulo ser\u00e1 mesmo do Unidos<\/em>&#8220;, afirmou <em>Jos\u00e9 Prado, que <\/em>ap\u00f3s meses em batalhas judiciais, o <strong><em>Porto da Pedra<\/em><\/strong> ficou com o t\u00edtulo. &nbsp;&nbsp;<\/p>\n\n\n\n<p>O <strong><em>Campeonato Gon\u00e7alense de 1979<\/em><\/strong>, contou com as participa\u00e7\u00f5es das seguintes equipes, lembrando que o <strong><em>CROL<\/em><\/strong>, <strong><em>Mau\u00e1<\/em><\/strong> e <strong><em>Metal\u00fargico<\/em><\/strong>: <strong><em>Girassol<\/em><\/strong>, que fez fus\u00e3o com o <strong><em>22 de Setembro<\/em><\/strong>; <strong><em>DDZAC (Desvio de Dona Zizinha Atl\u00e9tico Clube)<\/em><\/strong>; <strong><em>Bandeirantes Futebol Clube<\/em><\/strong>; <strong><em>Associa\u00e7\u00e3o Atl\u00e9tica Brasil\u00e2ndia<\/em><\/strong>; <strong><em>Cordeiros Futebol Clube<\/em><\/strong>; <strong><em>Gr\u00eamio<\/em><\/strong>; <strong><em>Unidos do Porto da Pedra Sport Club<\/em><\/strong>; <strong><em>Vila Tr\u00eas Futebol Clube<\/em><\/strong>; <strong><em>Vit\u00f3ria Atl\u00e9tico Clube<\/em><\/strong>.<\/p>\n\n\n\n<p><strong><em>Time de 1975:<\/em><\/strong> <em>Almir; Carango, Petisco, Augustinho e Israel; Geir, Ricardo e Thamir; Celso, Bebeto e Paulinho. <strong>T\u00e9cnico:<\/strong> Affonso Celso Bath.<\/em><\/p>\n\n\n\n<p><strong><em>Time de 1978:<\/em><\/strong> <em>Telezinho; Geir (Luizinho), Jord\u00e3o, Carango e Israel; Gimbo, Zano e Ricardo (Paulinho); Marquinhos (Celso), Toninho e Delmo. <strong>T\u00e9cnico:<\/strong> Tinho.<\/em><\/p>\n\n\n\n<p><strong><em><u>Agradecimentos<\/u>:<\/em><\/strong><em> Raramente as descobertas n\u00e3o dependemos de ningu\u00e9m. Na maioria das vezes contamos com a ajuda de pessoas. Nesse caso, duas pessoas foram fundamentais para descobrirmos as cores do clube: os ex-jogadores Julio Cesar, o &#8216;Dida&#8217; e Jorge da Silva Pereira, &#8216;Jeremias&#8217; (com passagens pelo Am\u00e9rica, Fluminense, Vit\u00f3ria\/BA, Vit\u00f3ria de Setubal\/POR, Vit\u00f3ria de Guimar\u00e3es\/PORT e Espanyol\/ESP). Muito obrigado pela colabora\u00e7\u00e3o, ajudando em mais um resgate do futebol gon\u00e7alense!&nbsp;&nbsp;<\/em><\/p>\n\n\n\n<p><em><strong><u>FONTES<\/u>:<\/strong> Acervo pessoal &#8211; O Fluminense &#8211; Jornal dos Sports &#8211; A Luta Democr\u00e1tica &#8211; Julio Cesar, o &#8216;Dida&#8217; &#8211; Jeremias (ex-Am\u00e9rica e Fluminense)<\/em><\/p>\n","protected":false},"excerpt":{"rendered":"<p>O Vit\u00f3ria Atl\u00e9tico Clube (Vit\u00f3ria do Morro do Castro), foi uma agremia\u00e7\u00e3o da cidade de S\u00e3o Gon\u00e7alo (RJ). A sua Sede ficava localizado na Rua Doutor Marche, n\u00ba 105 (casa), no Morro do Castro, em S\u00e3o Gon\u00e7alo. As suas cores: vermelho, branco e azul. Fundado em 1942, como Veterano Atl\u00e9tico Clube, alterou o nome para [&hellip;]<\/p>\n","protected":false},"author":55,"featured_media":0,"comment_status":"open","ping_status":"closed","sticky":false,"template":"","format":"standard","meta":{"footnotes":""},"categories":[203,531,83,59,345,3,47,76],"tags":[],"class_list":["post-122441","post","type-post","status-publish","format-standard","hentry","category-sergio-mello","category-carencias","category-x9-curiosidades","category-escudos","category-fotos-historicas","category-historia-do-futebol","category-rio-de-janeiro","category-antigo-estado-do-rio"],"_links":{"self":[{"href":"https:\/\/historiadofutebol.com\/blog\/index.php?rest_route=\/wp\/v2\/posts\/122441","targetHints":{"allow":["GET"]}}],"collection":[{"href":"https:\/\/historiadofutebol.com\/blog\/index.php?rest_route=\/wp\/v2\/posts"}],"about":[{"href":"https:\/\/historiadofutebol.com\/blog\/index.php?rest_route=\/wp\/v2\/types\/post"}],"author":[{"embeddable":true,"href":"https:\/\/historiadofutebol.com\/blog\/index.php?rest_route=\/wp\/v2\/users\/55"}],"replies":[{"embeddable":true,"href":"https:\/\/historiadofutebol.com\/blog\/index.php?rest_route=%2Fwp%2Fv2%2Fcomments&post=122441"}],"version-history":[{"count":6,"href":"https:\/\/historiadofutebol.com\/blog\/index.php?rest_route=\/wp\/v2\/posts\/122441\/revisions"}],"predecessor-version":[{"id":122458,"href":"https:\/\/historiadofutebol.com\/blog\/index.php?rest_route=\/wp\/v2\/posts\/122441\/revisions\/122458"}],"wp:attachment":[{"href":"https:\/\/historiadofutebol.com\/blog\/index.php?rest_route=%2Fwp%2Fv2%2Fmedia&parent=122441"}],"wp:term":[{"taxonomy":"category","embeddable":true,"href":"https:\/\/historiadofutebol.com\/blog\/index.php?rest_route=%2Fwp%2Fv2%2Fcategories&post=122441"},{"taxonomy":"post_tag","embeddable":true,"href":"https:\/\/historiadofutebol.com\/blog\/index.php?rest_route=%2Fwp%2Fv2%2Ftags&post=122441"}],"curies":[{"name":"wp","href":"https:\/\/api.w.org\/{rel}","templated":true}]}}