{"id":122365,"date":"2020-05-27T21:45:23","date_gmt":"2020-05-28T00:45:23","guid":{"rendered":"https:\/\/historiadofutebol.com\/blog\/?p=122365"},"modified":"2020-05-28T13:16:04","modified_gmt":"2020-05-28T16:16:04","slug":"a-primeira-vez-do-mixto-no-maracana","status":"publish","type":"post","link":"https:\/\/historiadofutebol.com\/blog\/?p=122365","title":{"rendered":"Mixto Esporte Clube (MT): Primeira vez no Maracan\u00e3"},"content":{"rendered":"\n<p><em>Na quarta-feira, do dia 08 de Setembro de 1976<\/em>, o <strong><em>Mixto Esporte Clube<\/em> <\/strong>jogou, pela 1\u00aa vez em sua hist\u00f3ria, no <em><strong>Maracan\u00e3<\/strong><\/em>. O<em><strong> alvinegro cuiabano<\/strong><\/em> enfrentou o <em><strong>America<\/strong><\/em>, pela <em><strong>4\u00aa rodada<\/strong><\/em> do <em><strong>Campeonato Brasileiro da 1\u00aa Divis\u00e3o<\/strong><\/em>, onde acabou derrotado pelo placar de 1 a 0.<\/p>\n\n\n\n<h2 class=\"has-text-align-center wp-block-heading\"><strong><span class=\"has-inline-color has-blue-color\">FICHA T\u00c9CNICA<\/span><\/strong><\/h2>\n\n\n\n<p><strong>AMERICA F.C. (RJ) 1 x 0 MIXTO E.C. (MT)<\/strong><\/p>\n\n\n\n<p><strong>DATA<\/strong>: Quarta-feira, do dia 08 de Setembro de 1976<\/p>\n\n\n\n<p><strong>HOR\u00c1RIO: <\/strong>21h15min.<\/p>\n\n\n\n<p><strong>LOCAL<\/strong>: Est\u00e1dio M\u00e1rio Filho, &#8216;Maracan\u00e3&#8217; \u2013 Bairro do Maracan\u00e3 &#8211; Zona Norte do Rio (RJ)<\/p>\n\n\n\n<p><strong>P\u00daBLICO<\/strong>: 2.419 pagantes<\/p>\n\n\n\n<p><strong>RENDA:<\/strong> Cr$ 36.910,00<\/p>\n\n\n\n<p><strong>\u00c1RBITRO: <\/strong>Rui da Silva Ca\u00f1edo (CBD\/RS)<\/p>\n\n\n\n<p><strong>AUXILIARES:<\/strong> Garibaldo Matos (CBD\/BA) e Jo\u00e3o Batista Chagas Neto (CBD\/RJ)<\/p>\n\n\n\n<p><strong>GOL<\/strong>: A\u00edlton aos 14 minutos  do 2\u00ba tempo<\/p>\n\n\n\n<p><strong>AMERICA F.C.:<\/strong> Pa\u00eds; Orlando, Geraldo, Biluca e \u00c1lvaro; Ivo, Br\u00e1ulio e Gilson Nunes (Jarbas); Reinaldo, Cesar e A\u00edlton. <strong>T\u00e9cnico:<\/strong> Admildo Chirol.<\/p>\n\n\n\n<p><strong>MIXTO E.C.:<\/strong> Edson; Toninho, Polaco, Ari Martins e Diogo; Z\u00e9 Lu\u00eds, Lourival e Pastoril; Tra\u00edra (Valdir), Bife e Renato. <strong>T\u00e9cnico: <\/strong> Milton Buzeto.<\/p>\n\n\n\n<div class=\"wp-block-image\"><figure class=\"aligncenter size-large is-resized\"><img loading=\"lazy\" decoding=\"async\" src=\"https:\/\/historiadofutebol.com\/blog\/wp-content\/uploads\/2020\/05\/Americarj1x0Mixto1976-500x183.png\" alt=\"\" class=\"wp-image-122366\" width=\"500\" height=\"183\" srcset=\"https:\/\/historiadofutebol.com\/blog\/wp-content\/uploads\/2020\/05\/Americarj1x0Mixto1976-500x183.png 500w, https:\/\/historiadofutebol.com\/blog\/wp-content\/uploads\/2020\/05\/Americarj1x0Mixto1976-300x110.png 300w, https:\/\/historiadofutebol.com\/blog\/wp-content\/uploads\/2020\/05\/Americarj1x0Mixto1976-768x281.png 768w, https:\/\/historiadofutebol.com\/blog\/wp-content\/uploads\/2020\/05\/Americarj1x0Mixto1976-624x229.png 624w, https:\/\/historiadofutebol.com\/blog\/wp-content\/uploads\/2020\/05\/Americarj1x0Mixto1976.png 1004w\" sizes=\"auto, (max-width: 500px) 100vw, 500px\" \/><\/figure><\/div>\n\n\n\n<p class=\"has-text-align-center\"><em><strong>A\u00edlton pegou o rebote de Edson e marcou o \u00fanico gol do jogo<\/strong><\/em><\/p>\n\n\n\n<p><strong><em>FONTE: <\/em><\/strong><em>Jornal dos Sports (09 de setembro de 1976)<\/em><\/p>\n","protected":false},"excerpt":{"rendered":"<p>Na quarta-feira, do dia 08 de Setembro de 1976, o Mixto Esporte Clube jogou, pela 1\u00aa vez em sua hist\u00f3ria, no Maracan\u00e3. O alvinegro cuiabano enfrentou o America, pela 4\u00aa rodada do Campeonato Brasileiro da 1\u00aa Divis\u00e3o, onde acabou derrotado pelo placar de 1 a 0. FICHA T\u00c9CNICA AMERICA F.C. (RJ) 1 x 0 MIXTO [&hellip;]<\/p>\n","protected":false},"author":67,"featured_media":0,"comment_status":"open","ping_status":"closed","sticky":false,"template":"","format":"standard","meta":{"footnotes":""},"categories":[816,676,109,345,3,37,47,76],"tags":[],"class_list":["post-122365","post","type-post","status-publish","format-standard","hentry","category-sergio-santos","category-brasil-serie-a","category-campeonatos-historicos","category-fotos-historicas","category-historia-do-futebol","category-mato-grosso","category-rio-de-janeiro","category-antigo-estado-do-rio"],"_links":{"self":[{"href":"https:\/\/historiadofutebol.com\/blog\/index.php?rest_route=\/wp\/v2\/posts\/122365","targetHints":{"allow":["GET"]}}],"collection":[{"href":"https:\/\/historiadofutebol.com\/blog\/index.php?rest_route=\/wp\/v2\/posts"}],"about":[{"href":"https:\/\/historiadofutebol.com\/blog\/index.php?rest_route=\/wp\/v2\/types\/post"}],"author":[{"embeddable":true,"href":"https:\/\/historiadofutebol.com\/blog\/index.php?rest_route=\/wp\/v2\/users\/67"}],"replies":[{"embeddable":true,"href":"https:\/\/historiadofutebol.com\/blog\/index.php?rest_route=%2Fwp%2Fv2%2Fcomments&post=122365"}],"version-history":[{"count":20,"href":"https:\/\/historiadofutebol.com\/blog\/index.php?rest_route=\/wp\/v2\/posts\/122365\/revisions"}],"predecessor-version":[{"id":122394,"href":"https:\/\/historiadofutebol.com\/blog\/index.php?rest_route=\/wp\/v2\/posts\/122365\/revisions\/122394"}],"wp:attachment":[{"href":"https:\/\/historiadofutebol.com\/blog\/index.php?rest_route=%2Fwp%2Fv2%2Fmedia&parent=122365"}],"wp:term":[{"taxonomy":"category","embeddable":true,"href":"https:\/\/historiadofutebol.com\/blog\/index.php?rest_route=%2Fwp%2Fv2%2Fcategories&post=122365"},{"taxonomy":"post_tag","embeddable":true,"href":"https:\/\/historiadofutebol.com\/blog\/index.php?rest_route=%2Fwp%2Fv2%2Ftags&post=122365"}],"curies":[{"name":"wp","href":"https:\/\/api.w.org\/{rel}","templated":true}]}}