{"id":121811,"date":"2019-11-09T23:55:49","date_gmt":"2019-11-10T02:55:49","guid":{"rendered":"https:\/\/historiadofutebol.com\/blog\/?p=121811"},"modified":"2019-11-20T16:45:56","modified_gmt":"2019-11-20T19:45:56","slug":"121811","status":"publish","type":"post","link":"https:\/\/historiadofutebol.com\/blog\/?p=121811","title":{"rendered":"Hist\u00f3ria do Time El\u00e9trico de Natal"},"content":{"rendered":"\n<figure class=\"wp-block-image is-resized\"><img loading=\"lazy\" decoding=\"async\" src=\"http:\/\/www.fnf.org.br\/public\/imgs\/clubes\/ForcaeLuz.png\" alt=\"\" width=\"183\" height=\"183\"\/><\/figure>\n\n\n\n<p>O C.E. For\u00e7a e Luz conquista neste ano de 2019 pela quarta vez o titulo de campe\u00e3o potiguar da 2\u00ba divis\u00e3o, ent\u00e3o vamos mostrar a  historia deste teimoso clube da Zona Norte de Natal. O texto \u00e9 da Federa\u00e7\u00e3o Norte-riograndense de Futebol:<\/p>\n\n\n\n<p><strong>For\u00e7a e Luz: Duas coisas lembram este nome<\/strong><\/p>\n\n\n\n<p>Duas coisas que lembram este nome: Time de futebol e de uma\nempresa geradora de energia el\u00e9trica, no qual a Companhia Energ\u00e9tica do Rio\nGrande do Norte (Cosern), quando ainda era p\u00fablica, se associou durante a\nd\u00e9cada de 1960 juntamente com outras cidades nordestinas.<\/p>\n\n\n\n<p><strong>Vamos falar primeiro do time de\nfutebol.<\/strong><\/p>\n\n\n\n<p>O time For\u00e7a e Luz, fundado em 20 de Julho de 1966 em Natal,\npelos desportistas e funcion\u00e1rios da empresa, (FOR\u00c7A E LUZ) senhores Pedro\nFerreira da Silva (Pierre), Manoel Francisco de Carvalho (Tiago) e Manole\nVital.<\/p>\n\n\n\n<p>Em 1967 disputou o primeiro campeonato na 2\u00ba Divis\u00e3o tendo conquistado\no t\u00edtulo de campe\u00e3o do Torneio Inicio e Vice Campe\u00e3o na temporada. Em 1969\nvoltou a participar do campeonato da 2\u00ba divis\u00e3o e conquistou o bi campeonato do\ntorneio Inicio e o t\u00edtulo de campe\u00e3o, conquistando assim o acesso para a\nprimeira Divis\u00e3o do campeonato Potiguar. Para este feito o ent\u00e3o presidente\nPedro Ferreira da Silva (Pierre) formou um time forte contratou o treinador\nJos\u00e9 Djalma (TENENTE) e Comprou a Portuguesa o goleiro Ranilson Cristino, tendo\nsido uma das pe\u00e7as importantes na conquista do t\u00edtulo e passou a ser o maior\n\u00eddolo do clube sendo admirado pela dire\u00e7\u00e3o da empresa que o apelidaram de o\n\u201cPEQUENO GICANTE.\u201d Participou dos campeonatos dos anos de 1969, 1970, 1971, 1972,\n1973, 1974, sempre em iguais condi\u00e7\u00f5es com o ABC e Am\u00e9rica passando a ser a\nterceira for\u00e7a do futebol Potiguar, tomando este titula do Alecrim F.C., em\n1975 foi campe\u00e3o do Torneio Incentivo promovido pela CBD hoje CBF derrotando o\nAlecrim na final por 2 X 0. Conquistou ainda os t\u00edtulos de Campe\u00e3o Invicto da\nprimeira copa Natal de Futebol Sub-17 quando revelou o Atleta Matuzalem e em\n1997 o Vice Campeonato da categoria Juniors. No final deste ano deixou de\nparticipar dos campeonatos de profissionais, por\u00e9m s\u00f3 retomou as atividades de\nprofissionais no ano de 2014, atrav\u00e9s de uma parceria viabilizada com o Globo\nFC, que cedeu atletas, comiss\u00e3o t\u00e9cnica, al\u00e9m da estrutura do centro de\ntreinamento e do est\u00e1dio. Esta parceria deu certo pois conquistou o seu segundo\nt\u00edtulo e o acesso para as disputa do campeonato da primeira Divis\u00e3o em 2015.<\/p>\n\n\n\n<p><strong>Agora vamos falar da empresa For\u00e7a e Luz.<\/strong><\/p>\n\n\n\n<p>De acordo com o blog de Lu\u00eds Nassif, a empresa foi criada pela\nGeneral Electric em 1892, esta empresa teve importante papel na eletrifica\u00e7\u00e3o\ndo Brasil. Em 1917 criou uma subsidi\u00e1ria para operar na Am\u00e9rica<\/p>\n\n\n\n<p>Latina, a American &amp; Foreing Power Co. (Amforp) que teve\ngrande atua\u00e7\u00e3o no Brasil, entre elas a Cia. For\u00e7a e Luz do Nordeste. Na d\u00e9cada\nde 60, a empresa foi estatizada. A Companhia Energ\u00e9tica do Rio Grande do Norte\n(Cosern) foi criada pela Lei Estadual n\u00ba 2.721, de 14 de dezembro de 1961. A\nmesma foi autorizada a funcionar pelo Decreto Federal n\u00ba 1.302, de 3 de agosto\ndo mesmo ano, para atua\u00e7\u00e3o nas \u00e1reas de transmiss\u00e3o e distribui\u00e7\u00e3o de energia\nel\u00e9trica.<\/p>\n\n\n\n<p>No final da d\u00e9cada de 60, incorporou a Companhia For\u00e7a e Luz\nNordeste do Brasil (CFLNB) com o apoio da Eletrobr\u00e1s, no qual antes da cria\u00e7\u00e3o\nda Cosern j\u00e1 fornecia energia para Natal, Parnamirim e Maca\u00edba.<\/p>\n\n\n\n<p>Ent\u00e3o, a empresa ficou conhecida por muito tempo pelo nome de\nFor\u00e7a e Luz. Como a empresa era p\u00fablica, era comum os caminh\u00f5es da empresa\ndesfilar no dia 7 de setembro nas ruas da cidade.<\/p>\n\n\n\n<p>A empresa foi privatizada em 1997, e atualk a gest\u00e3o de\nGaribaldi Alves Filho, sendo adquirida por cons\u00f3rcio Neoenergia, formado pela\nCompanhia de Eletricidade do Estado da Bahia (Coelba), Guaraniana S.A. e Uptick\nParticipa\u00e7\u00f5es S.A.<\/p>\n\n\n\n<p>A companhia COSERN at\u00e9 o ano de 1975 contribu\u00eda com o pagamento\ndo plantel do clube, a partir desta data deixou de contribuir e para o clube\nn\u00e3o se licenciar da FNF, o seu ex-goleiro e hoje atual presidente RANILSON\nCRISTINO encampou o clube.<\/p>\n\n\n\n<p>Durante os 50 anos de exist\u00eancia o clube teve com presidente:\nPedro Ferreira da Silva, (Pierre), Manoel Francisco de Carvalho (Tiago) Paulo\nAlvares Barateiro, Adiel de Lima, Jos\u00e9 Vanildo da Silva, Rochina dos Pneus,\nJos\u00e9 Walmir da Silva, Paulo Eduardo Freire (Paulinho Freire).<\/p>\n\n\n\n<figure class=\"wp-block-image is-resized\"><img loading=\"lazy\" decoding=\"async\" src=\"https:\/\/historiadofutebol.com\/blog\/wp-content\/uploads\/2019\/11\/image.jpeg\" alt=\"\" class=\"wp-image-121812\" width=\"252\" height=\"175\"\/><figcaption>Ranilson Cristino, 50 anos no Time Eletrico, como atleta e dirigente.<\/figcaption><\/figure>\n\n\n\n<p><strong>50 ANOS DE CLUBE.<\/strong><\/p>\n\n\n\n<p>O destaque maior da hist\u00f3ria deste clube \u00e9 \u201cRanilson Cristino\u201d Recorde no futebol Potiguar e talvez no Brasil como 50 anos de clube como atleta e dirigente.<\/p>\n","protected":false},"excerpt":{"rendered":"<p>O C.E. For\u00e7a e Luz conquista neste ano de 2019 pela quarta vez o titulo de campe\u00e3o potiguar da 2\u00ba divis\u00e3o, ent\u00e3o vamos mostrar a historia deste teimoso clube da Zona Norte de Natal. O texto \u00e9 da Federa\u00e7\u00e3o Norte-riograndense de Futebol: For\u00e7a e Luz: Duas coisas lembram este nome Duas coisas que lembram este [&hellip;]<\/p>\n","protected":false},"author":33,"featured_media":0,"comment_status":"open","ping_status":"closed","sticky":false,"template":"","format":"standard","meta":{"footnotes":""},"categories":[111,45],"tags":[],"class_list":["post-121811","post","type-post","status-publish","format-standard","hentry","category-ricardo-amaral","category-rg-do-norte"],"_links":{"self":[{"href":"https:\/\/historiadofutebol.com\/blog\/index.php?rest_route=\/wp\/v2\/posts\/121811","targetHints":{"allow":["GET"]}}],"collection":[{"href":"https:\/\/historiadofutebol.com\/blog\/index.php?rest_route=\/wp\/v2\/posts"}],"about":[{"href":"https:\/\/historiadofutebol.com\/blog\/index.php?rest_route=\/wp\/v2\/types\/post"}],"author":[{"embeddable":true,"href":"https:\/\/historiadofutebol.com\/blog\/index.php?rest_route=\/wp\/v2\/users\/33"}],"replies":[{"embeddable":true,"href":"https:\/\/historiadofutebol.com\/blog\/index.php?rest_route=%2Fwp%2Fv2%2Fcomments&post=121811"}],"version-history":[{"count":4,"href":"https:\/\/historiadofutebol.com\/blog\/index.php?rest_route=\/wp\/v2\/posts\/121811\/revisions"}],"predecessor-version":[{"id":121839,"href":"https:\/\/historiadofutebol.com\/blog\/index.php?rest_route=\/wp\/v2\/posts\/121811\/revisions\/121839"}],"wp:attachment":[{"href":"https:\/\/historiadofutebol.com\/blog\/index.php?rest_route=%2Fwp%2Fv2%2Fmedia&parent=121811"}],"wp:term":[{"taxonomy":"category","embeddable":true,"href":"https:\/\/historiadofutebol.com\/blog\/index.php?rest_route=%2Fwp%2Fv2%2Fcategories&post=121811"},{"taxonomy":"post_tag","embeddable":true,"href":"https:\/\/historiadofutebol.com\/blog\/index.php?rest_route=%2Fwp%2Fv2%2Ftags&post=121811"}],"curies":[{"name":"wp","href":"https:\/\/api.w.org\/{rel}","templated":true}]}}