{"id":121796,"date":"2019-11-02T14:47:42","date_gmt":"2019-11-02T17:47:42","guid":{"rendered":"https:\/\/historiadofutebol.com\/blog\/?p=121796"},"modified":"2019-11-02T14:47:42","modified_gmt":"2019-11-02T17:47:42","slug":"campeonato-piauiense-2a-divisao-2019","status":"publish","type":"post","link":"https:\/\/historiadofutebol.com\/blog\/?p=121796","title":{"rendered":"Campeonato Piauiense &#8211; 2\u00aa Divis\u00e3o 2019"},"content":{"rendered":"\n<figure class=\"wp-block-image\"><img loading=\"lazy\" decoding=\"async\" width=\"289\" height=\"57\" src=\"https:\/\/historiadofutebol.com\/blog\/wp-content\/uploads\/2019\/11\/pi-2.png\" alt=\"\" class=\"wp-image-121797\"\/><\/figure>\n\n\n\n<p><strong>Participantes<br \/> Comercial (Comercial Atl\u00e9tico Clube) &#8211; Campo Maior<br \/> Cori-Sabb\u00e1 (Associa\u00e7\u00e3o Atl\u00e9tica Cori-Sabb\u00e1) &#8211; Floriano<br \/> Oeirense (Associa\u00e7\u00e3o Atl\u00e9tica Oeirense) &#8211; Oeiras<br \/> Picos (Sociedade Esportiva de Picos) &#8211; Picos<br \/> Timon (Esporte Clube Timon) &#8211; Teresina<\/strong><\/p>\n\n\n\n<p>1\u00aa Fase<\/p>\n\n\n\n<p>06\/09\/2019 &#8211; 1\u00aa Rodada<br \/>\nPicos 3&#215;0 Timon<br \/>\n07\/09\/2019 &#8211; 1\u00aa Rodada<br \/>\nOeirense 4&#215;2 Comercial<\/p>\n\n\n\n<p>14\/09\/2019 &#8211; 2\u00aa Rodada<br \/>\nOeirense 0x0 Picos<br \/>\n16\/09\/2019 &#8211; 2\u00aa Rodada<br \/>\nTimon 2&#215;1 Cori-Sabb\u00e1<\/p>\n\n\n\n<p>21\/09\/2019 &#8211; 3\u00aa Rodada<br \/>\nTimon 2&#215;2 Oeirense<br \/>\nComercial 1&#215;1 Cori-Sabb\u00e1<\/p>\n\n\n\n<p>27\/09\/2019 &#8211; 4\u00aa Rodada<br \/>\nCori-Sabb\u00e1 1&#215;1 Oeirense<br \/>\n28\/09\/2019 &#8211; 4\u00aa Rodada<br \/>\nPicos 1&#215;1 Comercial<\/p>\n\n\n\n<p>06\/10\/2019 &#8211; 5\u00aa Rodada<br \/> Cori-Sabb\u00e1 2&#215;2 Picos<br \/> Comercial 1&#215;2 Timon<\/p>\n\n\n\n<p> Equipe, PTS, J, V, E, D, GP, GC, SG<br \/> 1, Timon, 7, 4, 2, 1, 1, 6, 7, -1<br \/> 2, Picos, 6, 4, 1, 3, 0, 6, 3, 3<br \/> 3, Oeirense, 6, 4, 1, 3, 0, 7, 5, 2<br \/> 4, Cori-Sabb\u00e1, 3, 4, 0, 3, 1, 5, 6, -1<br \/> 5, Comercial, 2, 4, 0, 2, 2, 5, 8, -3<\/p>\n\n\n\n<p>2\u00aa Fase &#8211; Semifinal<\/p>\n\n\n\n<p>11\/10\/2019 &#8211; Ida<br \/>\nCori-Sabb\u00e1 2&#215;2 Timon<br \/>\n12\/10\/2019 &#8211; Ida<br \/>\nOeirense 1&#215;0 Picos<\/p>\n\n\n\n<p>18\/10\/2019 &#8211; Volta<br \/> Picos 3&#215;1 Oeirense<br \/> 21\/10\/2019 &#8211; Volta<br \/> Timon 3&#215;2 Cori-Sabb\u00e1<\/p>\n\n\n\n<p>Grupo 1<br \/> Equipe, PTS, J, V, E, D, GP, GC, SG<br \/> 1, Timon, 4, 2, 1, 1, 0, 5, 4, 1<br \/> 2, Cori-Sabb\u00e1, 1, 2, 0, 1, 1, 4, 5, -1<br \/> Grupo 2<br \/> Equipe, PTS, J, V, E, D, GP, GC, SG<br \/> 1, Picos, 3, 2, 1, 0, 1, 3, 2, 1<br \/> 2, Oeirense, 3, 2, 1, 0, 1, 2, 3, -1<\/p>\n\n\n\n<p>3\u00aa Fase &#8211; Final<\/p>\n\n\n\n<p>25\/10\/2019 &#8211; Ida<br \/>\nPicos 2&#215;1 Timon<\/p>\n\n\n\n<p>31\/10\/2019 &#8211; Volta<br \/>\nTimon 1&#215;1 Picos<\/p>\n\n\n\n<p><strong>Artilheiro: Raphael Freitas (Picos) 7 gols<br \/>Campe\u00e3o: Picos<\/strong><\/p>\n","protected":false},"excerpt":{"rendered":"<p>Participantes Comercial (Comercial Atl\u00e9tico Clube) &#8211; Campo Maior Cori-Sabb\u00e1 (Associa\u00e7\u00e3o Atl\u00e9tica Cori-Sabb\u00e1) &#8211; Floriano Oeirense (Associa\u00e7\u00e3o Atl\u00e9tica Oeirense) &#8211; Oeiras Picos (Sociedade Esportiva de Picos) &#8211; Picos Timon (Esporte Clube Timon) &#8211; Teresina 1\u00aa Fase 06\/09\/2019 &#8211; 1\u00aa Rodada Picos 3&#215;0 Timon 07\/09\/2019 &#8211; 1\u00aa Rodada Oeirense 4&#215;2 Comercial 14\/09\/2019 &#8211; 2\u00aa Rodada Oeirense 0x0 [&hellip;]<\/p>\n","protected":false},"author":2,"featured_media":0,"comment_status":"open","ping_status":"closed","sticky":false,"template":"","format":"standard","meta":{"footnotes":""},"categories":[100,44],"tags":[],"class_list":["post-121796","post","type-post","status-publish","format-standard","hentry","category-gerson-rodrigues","category-piaui"],"_links":{"self":[{"href":"https:\/\/historiadofutebol.com\/blog\/index.php?rest_route=\/wp\/v2\/posts\/121796","targetHints":{"allow":["GET"]}}],"collection":[{"href":"https:\/\/historiadofutebol.com\/blog\/index.php?rest_route=\/wp\/v2\/posts"}],"about":[{"href":"https:\/\/historiadofutebol.com\/blog\/index.php?rest_route=\/wp\/v2\/types\/post"}],"author":[{"embeddable":true,"href":"https:\/\/historiadofutebol.com\/blog\/index.php?rest_route=\/wp\/v2\/users\/2"}],"replies":[{"embeddable":true,"href":"https:\/\/historiadofutebol.com\/blog\/index.php?rest_route=%2Fwp%2Fv2%2Fcomments&post=121796"}],"version-history":[{"count":1,"href":"https:\/\/historiadofutebol.com\/blog\/index.php?rest_route=\/wp\/v2\/posts\/121796\/revisions"}],"predecessor-version":[{"id":121798,"href":"https:\/\/historiadofutebol.com\/blog\/index.php?rest_route=\/wp\/v2\/posts\/121796\/revisions\/121798"}],"wp:attachment":[{"href":"https:\/\/historiadofutebol.com\/blog\/index.php?rest_route=%2Fwp%2Fv2%2Fmedia&parent=121796"}],"wp:term":[{"taxonomy":"category","embeddable":true,"href":"https:\/\/historiadofutebol.com\/blog\/index.php?rest_route=%2Fwp%2Fv2%2Fcategories&post=121796"},{"taxonomy":"post_tag","embeddable":true,"href":"https:\/\/historiadofutebol.com\/blog\/index.php?rest_route=%2Fwp%2Fv2%2Ftags&post=121796"}],"curies":[{"name":"wp","href":"https:\/\/api.w.org\/{rel}","templated":true}]}}