{"id":121306,"date":"2019-09-07T09:58:59","date_gmt":"2019-09-07T12:58:59","guid":{"rendered":"https:\/\/historiadofutebol.com\/blog\/?p=121306"},"modified":"2019-09-07T09:58:59","modified_gmt":"2019-09-07T12:58:59","slug":"torneio-extra-mineiro-1938","status":"publish","type":"post","link":"https:\/\/historiadofutebol.com\/blog\/?p=121306","title":{"rendered":"Torneio Extra Mineiro &#8211; 1938"},"content":{"rendered":"\n<p>Data: 01 de maio de 1938<br \/>\nLocal: Campo do Atl\u00e9tico, em Belo Horizonte = MG<\/p>\n\n\n\n<p>1\u00ba jogo &#8211; Am\u00e9rica 0x0 Atl\u00e9tico (2&#215;1 esc)<br \/>\n2\u00ba jogo &#8211; Palestra It\u00e1lia 1&#215;0 Villa Nova<br \/>\n3\u00ba jogo &#8211; Am\u00e9rica 0x0 Sider\u00fargica (4&#215;0 esc)<br \/>\nFinal   &#8211; Palestra It\u00e1lia 1&#215;0 Am\u00e9rica<\/p>\n\n\n\n<p>Campe\u00e3o &#8211; Palestra It\u00e1lia (Belo Horizonte &#8211; MG)<\/p>\n\n\n\n<p>Fonte: Jornal dos Sports \/ RJ <\/p>\n","protected":false},"excerpt":{"rendered":"<p>Data: 01 de maio de 1938 Local: Campo do Atl\u00e9tico, em Belo Horizonte = MG 1\u00ba jogo &#8211; Am\u00e9rica 0x0 Atl\u00e9tico (2&#215;1 esc) 2\u00ba jogo &#8211; Palestra It\u00e1lia 1&#215;0 Villa Nova 3\u00ba jogo &#8211; Am\u00e9rica 0x0 Sider\u00fargica (4&#215;0 esc) Final &#8211; Palestra It\u00e1lia 1&#215;0 Am\u00e9rica Campe\u00e3o &#8211; Palestra It\u00e1lia (Belo Horizonte &#8211; MG) Fonte: Jornal [&hellip;]<\/p>\n","protected":false},"author":6,"featured_media":0,"comment_status":"open","ping_status":"closed","sticky":false,"template":"","format":"standard","meta":{"footnotes":""},"categories":[96,109,39],"tags":[],"class_list":["post-121306","post","type-post","status-publish","format-standard","hentry","category-julio-diogo","category-campeonatos-historicos","category-minas-gerais"],"_links":{"self":[{"href":"https:\/\/historiadofutebol.com\/blog\/index.php?rest_route=\/wp\/v2\/posts\/121306","targetHints":{"allow":["GET"]}}],"collection":[{"href":"https:\/\/historiadofutebol.com\/blog\/index.php?rest_route=\/wp\/v2\/posts"}],"about":[{"href":"https:\/\/historiadofutebol.com\/blog\/index.php?rest_route=\/wp\/v2\/types\/post"}],"author":[{"embeddable":true,"href":"https:\/\/historiadofutebol.com\/blog\/index.php?rest_route=\/wp\/v2\/users\/6"}],"replies":[{"embeddable":true,"href":"https:\/\/historiadofutebol.com\/blog\/index.php?rest_route=%2Fwp%2Fv2%2Fcomments&post=121306"}],"version-history":[{"count":1,"href":"https:\/\/historiadofutebol.com\/blog\/index.php?rest_route=\/wp\/v2\/posts\/121306\/revisions"}],"predecessor-version":[{"id":121307,"href":"https:\/\/historiadofutebol.com\/blog\/index.php?rest_route=\/wp\/v2\/posts\/121306\/revisions\/121307"}],"wp:attachment":[{"href":"https:\/\/historiadofutebol.com\/blog\/index.php?rest_route=%2Fwp%2Fv2%2Fmedia&parent=121306"}],"wp:term":[{"taxonomy":"category","embeddable":true,"href":"https:\/\/historiadofutebol.com\/blog\/index.php?rest_route=%2Fwp%2Fv2%2Fcategories&post=121306"},{"taxonomy":"post_tag","embeddable":true,"href":"https:\/\/historiadofutebol.com\/blog\/index.php?rest_route=%2Fwp%2Fv2%2Ftags&post=121306"}],"curies":[{"name":"wp","href":"https:\/\/api.w.org\/{rel}","templated":true}]}}