{"id":121140,"date":"2019-06-30T09:50:52","date_gmt":"2019-06-30T12:50:52","guid":{"rendered":"https:\/\/historiadofutebol.com\/blog\/?p=121140"},"modified":"2019-06-30T09:50:53","modified_gmt":"2019-06-30T12:50:53","slug":"torneio-comemorativo-de-rondonia-1948","status":"publish","type":"post","link":"https:\/\/historiadofutebol.com\/blog\/?p=121140","title":{"rendered":"Torneio Comemorativo de Rond\u00f4nia &#8211; 1948"},"content":{"rendered":"\n<p>Torneio em Comemora\u00e7\u00e3o ao 5\u00ba ano de cria\u00e7\u00e3o <br \/>\ndo Territ\u00f3rio do Guapor\u00e9 (atual Rond\u00f4nia)<\/p>\n\n\n\n<p>Data: 12 de setembro de 1948<br \/>\nLocal: Est\u00e1dio Paulo Saldanha, em Porto Velho \/ RO<\/p>\n\n\n\n<p>Ferrovi\u00e1rio 3&#215;1 Uni\u00e3o<br \/>\nYpiranga 5&#215;2 Nacional<\/p>\n\n\n\n<p>Data: 13 de setembro de 1948<br \/>\nLocal: Est\u00e1dio Paulo Saldanha, em Porto Velho \/ RO<\/p>\n\n\n\n<p>Ferrovi\u00e1rio 1&#215;0 Ypiranga<\/p>\n\n\n\n<p>Campe\u00e3o &#8211; Ferrovi\u00e1rio Atl\u00e9tico Clube (Porto Velho)<\/p>\n\n\n\n<p>Fonte: Alto Madeira \/ RO<\/p>\n","protected":false},"excerpt":{"rendered":"<p>Torneio em Comemora\u00e7\u00e3o ao 5\u00ba ano de cria\u00e7\u00e3o do Territ\u00f3rio do Guapor\u00e9 (atual Rond\u00f4nia) Data: 12 de setembro de 1948 Local: Est\u00e1dio Paulo Saldanha, em Porto Velho \/ RO Ferrovi\u00e1rio 3&#215;1 Uni\u00e3o Ypiranga 5&#215;2 Nacional Data: 13 de setembro de 1948 Local: Est\u00e1dio Paulo Saldanha, em Porto Velho \/ RO Ferrovi\u00e1rio 1&#215;0 Ypiranga Campe\u00e3o &#8211; [&hellip;]<\/p>\n","protected":false},"author":6,"featured_media":0,"comment_status":"open","ping_status":"closed","sticky":false,"template":"","format":"standard","meta":{"footnotes":""},"categories":[96,109,48],"tags":[],"class_list":["post-121140","post","type-post","status-publish","format-standard","hentry","category-julio-diogo","category-campeonatos-historicos","category-rondonia"],"_links":{"self":[{"href":"https:\/\/historiadofutebol.com\/blog\/index.php?rest_route=\/wp\/v2\/posts\/121140","targetHints":{"allow":["GET"]}}],"collection":[{"href":"https:\/\/historiadofutebol.com\/blog\/index.php?rest_route=\/wp\/v2\/posts"}],"about":[{"href":"https:\/\/historiadofutebol.com\/blog\/index.php?rest_route=\/wp\/v2\/types\/post"}],"author":[{"embeddable":true,"href":"https:\/\/historiadofutebol.com\/blog\/index.php?rest_route=\/wp\/v2\/users\/6"}],"replies":[{"embeddable":true,"href":"https:\/\/historiadofutebol.com\/blog\/index.php?rest_route=%2Fwp%2Fv2%2Fcomments&post=121140"}],"version-history":[{"count":1,"href":"https:\/\/historiadofutebol.com\/blog\/index.php?rest_route=\/wp\/v2\/posts\/121140\/revisions"}],"predecessor-version":[{"id":121141,"href":"https:\/\/historiadofutebol.com\/blog\/index.php?rest_route=\/wp\/v2\/posts\/121140\/revisions\/121141"}],"wp:attachment":[{"href":"https:\/\/historiadofutebol.com\/blog\/index.php?rest_route=%2Fwp%2Fv2%2Fmedia&parent=121140"}],"wp:term":[{"taxonomy":"category","embeddable":true,"href":"https:\/\/historiadofutebol.com\/blog\/index.php?rest_route=%2Fwp%2Fv2%2Fcategories&post=121140"},{"taxonomy":"post_tag","embeddable":true,"href":"https:\/\/historiadofutebol.com\/blog\/index.php?rest_route=%2Fwp%2Fv2%2Ftags&post=121140"}],"curies":[{"name":"wp","href":"https:\/\/api.w.org\/{rel}","templated":true}]}}