{"id":120306,"date":"2019-02-04T10:54:21","date_gmt":"2019-02-04T12:54:21","guid":{"rendered":"https:\/\/historiadofutebol.com\/blog\/?p=120306"},"modified":"2019-02-04T10:54:21","modified_gmt":"2019-02-04T12:54:21","slug":"festividades-de-inauguracao-do-campo-do-palestra-italia-curitiba-pr-1932","status":"publish","type":"post","link":"https:\/\/historiadofutebol.com\/blog\/?p=120306","title":{"rendered":"Festividades de inaugura\u00e7\u00e3o do Campo do Palestra It\u00e1lia (Curitiba-PR) &#8211; 1932"},"content":{"rendered":"<pre>O Palestra It\u00e1lia Futebol Clube de Curitiba, dividiu\r\nas festividades de inaugura\u00e7\u00e3o de seu est\u00e1dio, em dois\r\ndias, com jogos amistosos interrmunicipais e interestaduais:\r\nAbaixo estes resultados:\r\n\r\nData: 30 de outubro de 1932\r\n\r\n1\u00ba quadro - Sav\u00f3ia 5x1 Corinthians\r\n1\u00ba quadro - Palestra It\u00e1lia 1x1 Guarani (Ponta Grossa)\r\n\r\nData: 01 de novembro de 1932\r\n\r\nJuvenil   - Atl\u00e9tico 4x3 Palestra It\u00e1lia\r\n1\u00ba quadro - Ferrovi\u00e1rio 3x3 Brit\u00e2nia\r\n1\u00ba quadro - Coritiba 4x0 Caxias (Joinville)\r\n\r\nFonte: Arquivos de Levi Mulford Chrestenzen<\/pre>\n","protected":false},"excerpt":{"rendered":"<p>O Palestra It\u00e1lia Futebol Clube de Curitiba, dividiu as festividades de inaugura\u00e7\u00e3o de seu est\u00e1dio, em dois dias, com jogos amistosos interrmunicipais e interestaduais: Abaixo estes resultados: Data: 30 de outubro de 1932 1\u00ba quadro &#8211; Sav\u00f3ia 5&#215;1 Corinthians 1\u00ba quadro &#8211; Palestra It\u00e1lia 1&#215;1 Guarani (Ponta Grossa) Data: 01 de novembro de 1932 Juvenil [&hellip;]<\/p>\n","protected":false},"author":6,"featured_media":0,"comment_status":"open","ping_status":"closed","sticky":false,"template":"","format":"standard","meta":{"footnotes":""},"categories":[96,105,108,41,50],"tags":[],"class_list":["post-120306","post","type-post","status-publish","format-standard","hentry","category-julio-diogo","category-amistosos-nacionais","category-jogos-historicos","category-parana","category-santa-catarina"],"_links":{"self":[{"href":"https:\/\/historiadofutebol.com\/blog\/index.php?rest_route=\/wp\/v2\/posts\/120306","targetHints":{"allow":["GET"]}}],"collection":[{"href":"https:\/\/historiadofutebol.com\/blog\/index.php?rest_route=\/wp\/v2\/posts"}],"about":[{"href":"https:\/\/historiadofutebol.com\/blog\/index.php?rest_route=\/wp\/v2\/types\/post"}],"author":[{"embeddable":true,"href":"https:\/\/historiadofutebol.com\/blog\/index.php?rest_route=\/wp\/v2\/users\/6"}],"replies":[{"embeddable":true,"href":"https:\/\/historiadofutebol.com\/blog\/index.php?rest_route=%2Fwp%2Fv2%2Fcomments&post=120306"}],"version-history":[{"count":2,"href":"https:\/\/historiadofutebol.com\/blog\/index.php?rest_route=\/wp\/v2\/posts\/120306\/revisions"}],"predecessor-version":[{"id":120308,"href":"https:\/\/historiadofutebol.com\/blog\/index.php?rest_route=\/wp\/v2\/posts\/120306\/revisions\/120308"}],"wp:attachment":[{"href":"https:\/\/historiadofutebol.com\/blog\/index.php?rest_route=%2Fwp%2Fv2%2Fmedia&parent=120306"}],"wp:term":[{"taxonomy":"category","embeddable":true,"href":"https:\/\/historiadofutebol.com\/blog\/index.php?rest_route=%2Fwp%2Fv2%2Fcategories&post=120306"},{"taxonomy":"post_tag","embeddable":true,"href":"https:\/\/historiadofutebol.com\/blog\/index.php?rest_route=%2Fwp%2Fv2%2Ftags&post=120306"}],"curies":[{"name":"wp","href":"https:\/\/api.w.org\/{rel}","templated":true}]}}