{"id":120220,"date":"2019-01-26T15:17:58","date_gmt":"2019-01-26T17:17:58","guid":{"rendered":"https:\/\/historiadofutebol.com\/blog\/?p=120220"},"modified":"2019-01-29T17:19:32","modified_gmt":"2019-01-29T19:19:32","slug":"clube-atletico-das-bandeiras-e-c-sirio-sao-paulo-sp-existiu-entre-1942-a-1950","status":"publish","type":"post","link":"https:\/\/historiadofutebol.com\/blog\/?p=120220","title":{"rendered":"Clube Atl\u00e9tico das Bandeiras (E.C. S\u00edrio) &#8211; S\u00e3o Paulo (SP): Existiu entre 1942 a 1950"},"content":{"rendered":"<p><img loading=\"lazy\" decoding=\"async\" class=\"aligncenter size-large wp-image-120221\" title=\"00 CAB\" src=\"https:\/\/historiadofutebol.com\/blog\/wp-content\/uploads\/2019\/01\/00-CAB-500x325.jpg\" alt=\"\" width=\"500\" height=\"325\" srcset=\"https:\/\/historiadofutebol.com\/blog\/wp-content\/uploads\/2019\/01\/00-CAB-500x325.jpg 500w, https:\/\/historiadofutebol.com\/blog\/wp-content\/uploads\/2019\/01\/00-CAB-300x195.jpg 300w, https:\/\/historiadofutebol.com\/blog\/wp-content\/uploads\/2019\/01\/00-CAB.jpg 966w\" sizes=\"auto, (max-width: 500px) 100vw, 500px\" \/><\/p>\n<p>O <strong>Clube Atl\u00e9tico das Bandeiras<\/strong> foi uma agremia\u00e7\u00e3o da cidade de S\u00e3o Paulo (SP). <strong>Fundado no s\u00e1bado do dia 14 de Julho de 1917<\/strong>, por libaneses e s\u00edrios com o nome de <strong>Sport Club S\u00edrio<\/strong>. As suas cores: <em>vermelha <\/em>e <em>branca<\/em>.<\/p>\n<p>Ali\u00e1s, essa mat\u00e9ria conta parte da hist\u00f3ria do <strong><em>S\u00edrio<\/em><\/strong> que n\u00e3o \u00e9 encontrada, sequer, no site do pr\u00f3prio clube. A vida do <strong>S\u00edrio<\/strong> transcorreu com os seus altos e baixos at\u00e9 o in\u00edcio de 1942. No entanto, os reflexos da <strong><em>Segunda Guerra Mundial<\/em><\/strong><strong> chegou no Brasil. O governo de Get\u00falio Vargas <\/strong>rompeu rela\u00e7\u00f5es diplom\u00e1ticas com os pa\u00edses do eixo, It\u00e1lia, Alemanha e Jap\u00e3o, <em>em janeiro de 1942<\/em>.<\/p>\n<p>Depois desse ato, 19 navios brasileiros foram torpedeados no Atl\u00e2ntico, o que causou a morte de mais de 700 pessoas e fez com que Vargas se juntasse aos aliados na <strong><em>Segunda Guerra Mundial<\/em><\/strong> para se integrar \u00e0 <strong><em>Alian\u00e7a<\/em><\/strong> contra os totalit\u00e1rios.<\/p>\n<p>Oficialmente, a portaria homologada <em>no dia 11 de mar\u00e7o de 1942<\/em>, sob <strong><em>decreto lei de n\u00ba 4.166<\/em><\/strong>, determinava que os bens pertencentes a italianos, alem\u00e3es e japoneses, tanto pessoas f\u00edsicas quanto jur\u00eddicas, poderiam ser confiscados e empregados pelo governo brasileiro para compensar os preju\u00edzos resultantes de atos de agress\u00e3o praticados pelos pa\u00edses em guerra contra o Brasil. A maioria dos clubes de origem alem\u00e3 e italiana no pa\u00eds alteraram o nome para n\u00e3o sofrerem confiscos.<\/p>\n<p>Um m\u00eas antes do decreto lei, o <strong>Sport Club S\u00edrio<\/strong> se antecipou e <strong><em>na segunda-feira, do dia 09 de Fevereiro de 1942<\/em><\/strong>, alterou o nome para <strong>Clube Atl\u00e9tico das Bandeiras<\/strong>. No jornal Correio Paulistano fez um resumo da mudan\u00e7a:<\/p>\n<p>&#8220;<em>Por determina\u00e7\u00e3o do Minist\u00e9rio P\u00fablico, em face da nova legisla\u00e7\u00e3o, o <strong>Sport Club S\u00edrio<\/strong>, conforme delibera\u00e7\u00e3o do corpo de fundadores, reunido em assembl\u00e9ia geral extraordin\u00e1ria, mudou a sua denomina\u00e7\u00e3o para <strong>Clube Atl\u00e9tico das Bandeiras<\/strong>. Obedecendo a determina\u00e7\u00e3o dos poderes p\u00fablicos, o <strong>Sport Club S\u00edrio<\/strong>, sendo uma sociedade esportiva essencialmente nacional, continuar\u00e1, como at\u00e9 agora, incentivando o esporte, e sob a nova denomina\u00e7\u00e3o de <strong>Clube Atl\u00e9tico das Bandeiras<\/strong>, permanecer\u00e1 fiel ao ideal que sempre foi a raz\u00e3o da exist\u00eancia do <strong>Sport Club S\u00edrio<\/strong>, que \u00e9 a prepara\u00e7\u00e3o da mocidade brasileira para a forma\u00e7\u00e3o de um Brasil forte e glorioso<\/em>&#8220;.<\/p>\n<p>A sua <strong><em>Sede<\/em><\/strong> e a <strong><em>Pra\u00e7a de Esportes<\/em><\/strong> ficava na <em>Rua Pedro Vicente, n\u00ba 421, no Bairro da Luz (na \u00e9poca: Ponte Pequena), na Zona Central de S\u00e3o Paulo (SP).<\/em> Atualmente no local est\u00e1 instalado o <strong><em>Clube CMTC<\/em><\/strong>.<\/p>\n<p>Com o novo nome, a sua 1\u00aa apari\u00e7\u00e3o ocorreu no <strong><em>Torneio In\u00edcio da Divis\u00e3o Principal de 1942<\/em><\/strong>, organizado pelo <strong><em>Departamento Amador da Federa\u00e7\u00e3o Paulista de Futebol<\/em><\/strong>.<\/p>\n<div id=\"attachment_120222\" style=\"width: 300px\" class=\"wp-caption aligncenter\"><img loading=\"lazy\" decoding=\"async\" aria-describedby=\"caption-attachment-120222\" class=\"size-large wp-image-120222\" title=\"00 CAB1\" src=\"https:\/\/historiadofutebol.com\/blog\/wp-content\/uploads\/2019\/01\/00-CAB1-290x500.jpg\" alt=\"\" width=\"290\" height=\"500\" srcset=\"https:\/\/historiadofutebol.com\/blog\/wp-content\/uploads\/2019\/01\/00-CAB1-290x500.jpg 290w, https:\/\/historiadofutebol.com\/blog\/wp-content\/uploads\/2019\/01\/00-CAB1-174x300.jpg 174w, https:\/\/historiadofutebol.com\/blog\/wp-content\/uploads\/2019\/01\/00-CAB1-300x517.jpg 300w, https:\/\/historiadofutebol.com\/blog\/wp-content\/uploads\/2019\/01\/00-CAB1.jpg 680w\" sizes=\"auto, (max-width: 290px) 100vw, 290px\" \/><p id=\"caption-attachment-120222\" class=\"wp-caption-text\">Fl\u00e2mula do Clube Atl\u00e9tico das Bandeiras<\/p><\/div>\n<p><em>No domingo, do dia 26 de Abril de 1942<\/em>, \u00e0s 13h30, a competi\u00e7\u00e3o transcorreu no campo da <strong><em>Associa\u00e7\u00e3o Atl\u00e9tica Light &amp; Power<\/em><\/strong>, na <em>Avenida Presidente Wilson, s\/n (com entrada tamb\u00e9m pela Avenida do Caf\u00e9, antiga Avenida do Estado), no Bairro da Mooca, em S\u00e3o Paulo<\/em>. \u00a0O torneio contou com a participa\u00e7\u00e3o de nove equipes:<\/p>\n<p><strong><em>Associa\u00e7\u00e3o Atl\u00e9tica Guanabara<\/em><\/strong>,<\/p>\n<p><strong><em>Associa\u00e7\u00e3o Atl\u00e9tica Light &amp; Power<\/em><\/strong>,<\/p>\n<p><strong>Clube Atl\u00e9tico das Bandeiras<\/strong>,<\/p>\n<p><strong><em>Clube Atl\u00e9tico Indiano<\/em><\/strong>,<\/p>\n<p><strong><em>Clube Esportivo Am\u00e9rica<\/em><\/strong>,<\/p>\n<p><strong><em>Esporte Clube Araguaia<\/em><\/strong>,<\/p>\n<p><strong><em>Gr\u00eamio Atl\u00e9tico \u00c1lvares Penteado<\/em><\/strong>,<\/p>\n<p><strong><em>Lapeaninho Futebol Clube<\/em><\/strong>,<\/p>\n<p><strong><em>Santo Amaro Futebol Clube<\/em><\/strong>.<\/p>\n<p>No <strong><em>Campeonato Divis\u00e3o Principal de Amadores de 1942<\/em><\/strong>, o <strong>Bandeiras<\/strong> terminou na <em>4\u00aa coloca\u00e7\u00e3o<\/em>. Em 1943, ficou em 7\u00ba lugar; em 1944 terminou na 5\u00aa posi\u00e7\u00e3o; em 1945 acabou desclassificado terminando em 11\u00ba e \u00faltimo lugar; n\u00e3o participando das edi\u00e7\u00f5es seguintes.<\/p>\n<p>Se dentro de campo, deu uma esfriada, fora das quatro linhas o clube estava efervescente. Em 1949, com o apoio de um grupo de s\u00f3cios abnegados, a diretoria ousou. Primeiro ao vender a sede da <em>Ponte Pequena<\/em>, com 45 mil metros quadrados, e depois as aquisi\u00e7\u00f5es de diversos lotes de terreno no \u201c<em>Caminho do Aeroporto<\/em>\u201d com espa\u00e7o suficiente para atender ao crescente n\u00famero de associados.<\/p>\n<p>As obras do primeiro pr\u00e9dio no novo endere\u00e7o: da Avenida Indian\u00f3polis. O primeiro Plano Diretor, elaborado pelo arquiteto <em>\u00cdcaro de Castro Mello<\/em>, com a participa\u00e7\u00e3o de <em>Roberto Burle Marx<\/em> tra\u00e7ou a forma atual do Clube, na \u00e9poca apelidado de \u201c<strong><em>A joia do Aeroporto<\/em><\/strong>\u201d.\u00a0 Assim come\u00e7ou os primeiros dias de 1950. No meio das obras, o clube montou a sua <strong><em>Sede provis\u00f3ria<\/em><\/strong> na <strong><em>Avenida Washington Lu\u00eds, n\u00ba 1.200 (no antigo Col\u00f4nia), no Bairro de Santo Amaro, em S\u00e3o Paulo<\/em><\/strong>.<\/p>\n<p>Para completar a <em>metamorfose<\/em>, a diretoria, em assembl\u00e9ia geral, <strong><em>na segunda-feira, do dia 30 de Janeiro de 1950<\/em><\/strong>, decidiu retomar a antiga nomenclatura, e a agremia\u00e7\u00e3o voltou a se chamar: <strong><em>Esporte Clube S\u00edrio<\/em><\/strong>, que por sinal existe at\u00e9 os dias de hoje.<\/p>\n<p>Dessa forma, por quase oito anos, foi colocado um ponto final no <strong>Clube Atl\u00e9tico das Bandeiras<\/strong>. O fato curioso e, no m\u00ednimo, estranho \u00e9 que essa parte da hist\u00f3ria do <strong><em>S\u00edrio<\/em><\/strong> sob o nome de <strong>Clube Atl\u00e9tico das Bandeiras <\/strong>n\u00e3o \u00e9 mencionado na hist\u00f3ria disponibilizado no site do clube. Por qu\u00ea? S\u00f3 o clube para responder a esse mist\u00e9rio!<\/p>\n<p><strong><em>FONTES:<\/em><\/strong><em> Correio Paulistano &#8211; Esporte Clube S\u00edrio &#8211; A Noite (RJ) &#8211; Jornal de Not\u00edcias (SP) &#8211; Mercado Livre<\/em><\/p>\n","protected":false},"excerpt":{"rendered":"<p>O Clube Atl\u00e9tico das Bandeiras foi uma agremia\u00e7\u00e3o da cidade de S\u00e3o Paulo (SP). Fundado no s\u00e1bado do dia 14 de Julho de 1917, por libaneses e s\u00edrios com o nome de Sport Club S\u00edrio. As suas cores: vermelha e branca. Ali\u00e1s, essa mat\u00e9ria conta parte da hist\u00f3ria do S\u00edrio que n\u00e3o \u00e9 encontrada, sequer, [&hellip;]<\/p>\n","protected":false},"author":55,"featured_media":0,"comment_status":"open","ping_status":"closed","sticky":false,"template":"","format":"standard","meta":{"footnotes":""},"categories":[203,531,83,59,345,3,51],"tags":[],"class_list":["post-120220","post","type-post","status-publish","format-standard","hentry","category-sergio-mello","category-carencias","category-x9-curiosidades","category-escudos","category-fotos-historicas","category-historia-do-futebol","category-sao-paulo"],"_links":{"self":[{"href":"https:\/\/historiadofutebol.com\/blog\/index.php?rest_route=\/wp\/v2\/posts\/120220","targetHints":{"allow":["GET"]}}],"collection":[{"href":"https:\/\/historiadofutebol.com\/blog\/index.php?rest_route=\/wp\/v2\/posts"}],"about":[{"href":"https:\/\/historiadofutebol.com\/blog\/index.php?rest_route=\/wp\/v2\/types\/post"}],"author":[{"embeddable":true,"href":"https:\/\/historiadofutebol.com\/blog\/index.php?rest_route=\/wp\/v2\/users\/55"}],"replies":[{"embeddable":true,"href":"https:\/\/historiadofutebol.com\/blog\/index.php?rest_route=%2Fwp%2Fv2%2Fcomments&post=120220"}],"version-history":[{"count":6,"href":"https:\/\/historiadofutebol.com\/blog\/index.php?rest_route=\/wp\/v2\/posts\/120220\/revisions"}],"predecessor-version":[{"id":120224,"href":"https:\/\/historiadofutebol.com\/blog\/index.php?rest_route=\/wp\/v2\/posts\/120220\/revisions\/120224"}],"wp:attachment":[{"href":"https:\/\/historiadofutebol.com\/blog\/index.php?rest_route=%2Fwp%2Fv2%2Fmedia&parent=120220"}],"wp:term":[{"taxonomy":"category","embeddable":true,"href":"https:\/\/historiadofutebol.com\/blog\/index.php?rest_route=%2Fwp%2Fv2%2Fcategories&post=120220"},{"taxonomy":"post_tag","embeddable":true,"href":"https:\/\/historiadofutebol.com\/blog\/index.php?rest_route=%2Fwp%2Fv2%2Ftags&post=120220"}],"curies":[{"name":"wp","href":"https:\/\/api.w.org\/{rel}","templated":true}]}}