{"id":1201,"date":"2008-07-22T14:07:57","date_gmt":"2008-07-22T17:07:57","guid":{"rendered":"http:\/\/blog.soccerlogos.com.br\/2008\/07\/22\/brasil-e-suecia-a-final-da-copa-de-1958\/"},"modified":"2010-01-24T14:17:31","modified_gmt":"2010-01-24T16:17:31","slug":"brasil-e-suecia-a-final-da-copa-de-1958","status":"publish","type":"post","link":"https:\/\/historiadofutebol.com\/blog\/?p=1201","title":{"rendered":"Brasil e Su\u00e9cia, a final da Copa de 1958"},"content":{"rendered":"<p>Entrem no endere\u00e7o, est\u00e1 em sueco, mas vale o v\u00eddeo<\/p>\n<p>http:\/\/www.svt.se\/content\/1\/c8\/01\/18\/18\/27\/080628SVEBRAVM58.asx<\/p>\n","protected":false},"excerpt":{"rendered":"<p>Entrem no endere\u00e7o, est\u00e1 em sueco, mas vale o v\u00eddeo http:\/\/www.svt.se\/content\/1\/c8\/01\/18\/18\/27\/080628SVEBRAVM58.asx<\/p>\n","protected":false},"author":8,"featured_media":0,"comment_status":"open","ping_status":"closed","sticky":false,"template":"","format":"standard","meta":{"footnotes":""},"categories":[62,68],"tags":[],"class_list":["post-1201","post","type-post","status-publish","format-standard","hentry","category-eduardo-cacella","category-blog-historia-do-futebol"],"_links":{"self":[{"href":"https:\/\/historiadofutebol.com\/blog\/index.php?rest_route=\/wp\/v2\/posts\/1201","targetHints":{"allow":["GET"]}}],"collection":[{"href":"https:\/\/historiadofutebol.com\/blog\/index.php?rest_route=\/wp\/v2\/posts"}],"about":[{"href":"https:\/\/historiadofutebol.com\/blog\/index.php?rest_route=\/wp\/v2\/types\/post"}],"author":[{"embeddable":true,"href":"https:\/\/historiadofutebol.com\/blog\/index.php?rest_route=\/wp\/v2\/users\/8"}],"replies":[{"embeddable":true,"href":"https:\/\/historiadofutebol.com\/blog\/index.php?rest_route=%2Fwp%2Fv2%2Fcomments&post=1201"}],"version-history":[{"count":1,"href":"https:\/\/historiadofutebol.com\/blog\/index.php?rest_route=\/wp\/v2\/posts\/1201\/revisions"}],"predecessor-version":[{"id":2780,"href":"https:\/\/historiadofutebol.com\/blog\/index.php?rest_route=\/wp\/v2\/posts\/1201\/revisions\/2780"}],"wp:attachment":[{"href":"https:\/\/historiadofutebol.com\/blog\/index.php?rest_route=%2Fwp%2Fv2%2Fmedia&parent=1201"}],"wp:term":[{"taxonomy":"category","embeddable":true,"href":"https:\/\/historiadofutebol.com\/blog\/index.php?rest_route=%2Fwp%2Fv2%2Fcategories&post=1201"},{"taxonomy":"post_tag","embeddable":true,"href":"https:\/\/historiadofutebol.com\/blog\/index.php?rest_route=%2Fwp%2Fv2%2Ftags&post=1201"}],"curies":[{"name":"wp","href":"https:\/\/api.w.org\/{rel}","templated":true}]}}