{"id":119861,"date":"2018-12-09T21:11:33","date_gmt":"2018-12-09T23:11:33","guid":{"rendered":"https:\/\/historiadofutebol.com\/blog\/?p=119861"},"modified":"2018-12-09T21:11:33","modified_gmt":"2018-12-09T23:11:33","slug":"campeonato-paranaense-de-aspirantes-1957-2","status":"publish","type":"post","link":"https:\/\/historiadofutebol.com\/blog\/?p=119861","title":{"rendered":"Campeonato Paranaense de Aspirantes &#8211; 1957"},"content":{"rendered":"<pre>1\u00ba Turno\r\n\r\n30.06.1957\tFerrovi\u00e1rio\t6x0\tBloco Morgenau\r\n30.06.1957\tPalestra It\u00e1lia\t3x2\tBrit\u00e2nia\r\n21.07.1957\tFerrovi\u00e1rio\t6x1\tBrit\u00e2nia\r\n21.07.1957\t\u00c1gua Verde\t3x0\tCoritiba\r\n28.07.1957\tAtl\u00e9tico\t6x0\tPalestra It\u00e1lia\r\n28.07.1957\tCoritiba\t8x3\tBloco Morgenau\r\n03.08.1957\tCoritiba\t3x0\tPalestra It\u00e1lia\r\n10.08.1957\tFerrovi\u00e1rio\t2x1\t\u00c1gua Verde\r\n10.08.1957\tAtl\u00e9tico\t7x2\tBrit\u00e2nia\r\n10.08.1957\tPalestra It\u00e1lia\t3x0\tBloco Morgenau\r\n17.08.1957\tAtl\u00e9tico\t5x0\tBloco Morgenau\r\n24.08.1957\t\u00c1gua Verde\t7x1\tBloco Morgenau\r\n31.08.1957\t\u00c1gua Verde\t7x0\tPalestra It\u00e1lia\r\n31.08.1957\tFerrovi\u00e1rio\t2x1\tAtl\u00e9tico\r\n07.09.1957\tFerrovi\u00e1rio\t9x1\tPalestra It\u00e1lia\r\n07.09.1957\tAtl\u00e9tico\t4x1\t\u00c1gua Verde\r\n07.09.1957\tBrit\u00e2nia\t3x1\tBloco Morgenau\r\n14.09.1957\tCoritiba\t7x1\tBrit\u00e2nia\r\n21.09.1957\tAtl\u00e9tico\t4x3\tCoritiba\r\n21.09.1957\t\u00c1gua Verde\t2x0\tBrit\u00e2nia\r\n28.09.1957\tCoritiba\t3x1\tFerrovi\u00e1rio\r\n\r\n\t                 J   V   E   D \tGF  GC\tPG\r\n1 Atl\u00e9tico\t        06  05\t00  01\t27  08\t10\r\n2 Ferrovi\u00e1rio\t        06  05\t00  01\t26  07\t10\r\n3 \u00c1gua Verde\t        06  04\t00  02\t21  07\t08\r\n4 Coritiba\t        06  04\t00  02\t24  12\t08\r\n5 Palestra It\u00e1lia\t06  02\t00  04\t07  27\t04\r\n6 Brit\u00e2nia\t        06  01\t00  05\t09  26\t02\r\n7 Bloco Morgenau\t06  00  00  06  05  32\t00\r\n\r\nDecis\u00e3o do 1\u00ba Turno\r\n\r\n02.10.1957\tFerrovi\u00e1rio\t2x1\tAtl\u00e9tico\r\n09.10.1957\tFerrovi\u00e1rio\t1x0\tAtl\u00e9tico\r\n\r\n2\u00ba Turno\r\n\r\n05.10.1957\t\u00c1gua Verde\t4x1\tPalestra It\u00e1lia\r\n06.10.1957\tCoritiba\t3x1\tBrit\u00e2nia\r\n06.10.1957\tAtl\u00e9tico\t7x1\tBloco Morgenau\r\n13.10.1957\tFerrovi\u00e1rio\t2x1\tBrit\u00e2nia\r\n13.10.1957\t\u00c1gua Verde\t7x0\tBloco Morgenau\r\n20.10.1957\t\u00c1gua Verde\t2x1\tBrit\u00e2nia\r\n20.10.1957\tAtl\u00e9tico\t5x0\tPalestra It\u00e1lia\r\n27.10.1957\tFerrovi\u00e1rio\t6x1\tPalestra It\u00e1lia\r\n27.10.1957\tCoritiba\t1x0\tBloco Morgenau\r\n03.11.1957\tFerrovi\u00e1rio\t4x4\tBloco Morgenau\r\n03.11.1957\tCoritiba\t6x1\tPalestra It\u00e1lia\r\n03.11.1957\tAtl\u00e9tico\t8x1\tBrit\u00e2nia\r\n10.11.1957\tBloco Morgenau\t2x0\tPalestra It\u00e1lia\r\n10.11.1957\tFerrovi\u00e1rio\t3x3\tAtl\u00e9tico\r\n17.11.1957\tAtl\u00e9tico\t2x1\t\u00c1gua Verde\r\n24.11.1957\t\u00c1gua Verde\t2x0\tFerrovi\u00e1rio\r\n30.11.1957\tCoritiba\t1x1\tFerrovi\u00e1rio\r\n07.12.1957\tCoritiba\t3x2\t\u00c1gua Verde\r\n15.12.1957\tCoritiba\t2x1\tAtl\u00e9tico\r\n22.12.1957\tBrit\u00e2nia\t4x3\tBloco Morgenau\r\n\t        Palestra It\u00e1lia\t x\tBrit\u00e2nia (cancelado)\r\n\r\n\t                 J   V   E   D  GF  GC\tPG\r\n1 Coritiba\t        06  05  01  00\t26  06\t11\r\n2 Atl\u00e9tico\t        06  04\t01  01\t26  08  09\r\n3 \u00c1gua Verde\t        06  04\t00  02\t18  07\t08\r\n4 Ferrovi\u00e1rio\t        06  02\t03  01\t16  12\t07\r\n5 Bloco Morgenau\t06  01\t01  04\t10  33\t03\r\n6 Brit\u00e2nia\t        05  01\t00  04\t08  18\t02\r\n7 Palestra It\u00e1lia\t05  00\t00  05\t03  23\t00\r\n\r\nFinal<\/pre>\n<pre>29.12.1957\tCoritiba\t4x3\tFerrovi\u00e1rio\r\n05.01.1958\tCoritiba\t4x2\tFerrovi\u00e1rio<\/pre>\n<pre>Campe\u00e3o - Coritiba Football Club (Curitiba)<\/pre>\n<pre>Fonte: Arquivos de Levi Mulford Chrestenzen<\/pre>\n","protected":false},"excerpt":{"rendered":"<p>1\u00ba Turno 30.06.1957 Ferrovi\u00e1rio 6&#215;0 Bloco Morgenau 30.06.1957 Palestra It\u00e1lia 3&#215;2 Brit\u00e2nia 21.07.1957 Ferrovi\u00e1rio 6&#215;1 Brit\u00e2nia 21.07.1957 \u00c1gua Verde 3&#215;0 Coritiba 28.07.1957 Atl\u00e9tico 6&#215;0 Palestra It\u00e1lia 28.07.1957 Coritiba 8&#215;3 Bloco Morgenau 03.08.1957 Coritiba 3&#215;0 Palestra It\u00e1lia 10.08.1957 Ferrovi\u00e1rio 2&#215;1 \u00c1gua Verde 10.08.1957 Atl\u00e9tico 7&#215;2 Brit\u00e2nia 10.08.1957 Palestra It\u00e1lia 3&#215;0 Bloco Morgenau 17.08.1957 Atl\u00e9tico 5&#215;0 Bloco [&hellip;]<\/p>\n","protected":false},"author":6,"featured_media":0,"comment_status":"open","ping_status":"closed","sticky":false,"template":"","format":"standard","meta":{"footnotes":""},"categories":[96,109,41],"tags":[],"class_list":["post-119861","post","type-post","status-publish","format-standard","hentry","category-julio-diogo","category-campeonatos-historicos","category-parana"],"_links":{"self":[{"href":"https:\/\/historiadofutebol.com\/blog\/index.php?rest_route=\/wp\/v2\/posts\/119861","targetHints":{"allow":["GET"]}}],"collection":[{"href":"https:\/\/historiadofutebol.com\/blog\/index.php?rest_route=\/wp\/v2\/posts"}],"about":[{"href":"https:\/\/historiadofutebol.com\/blog\/index.php?rest_route=\/wp\/v2\/types\/post"}],"author":[{"embeddable":true,"href":"https:\/\/historiadofutebol.com\/blog\/index.php?rest_route=\/wp\/v2\/users\/6"}],"replies":[{"embeddable":true,"href":"https:\/\/historiadofutebol.com\/blog\/index.php?rest_route=%2Fwp%2Fv2%2Fcomments&post=119861"}],"version-history":[{"count":2,"href":"https:\/\/historiadofutebol.com\/blog\/index.php?rest_route=\/wp\/v2\/posts\/119861\/revisions"}],"predecessor-version":[{"id":119863,"href":"https:\/\/historiadofutebol.com\/blog\/index.php?rest_route=\/wp\/v2\/posts\/119861\/revisions\/119863"}],"wp:attachment":[{"href":"https:\/\/historiadofutebol.com\/blog\/index.php?rest_route=%2Fwp%2Fv2%2Fmedia&parent=119861"}],"wp:term":[{"taxonomy":"category","embeddable":true,"href":"https:\/\/historiadofutebol.com\/blog\/index.php?rest_route=%2Fwp%2Fv2%2Fcategories&post=119861"},{"taxonomy":"post_tag","embeddable":true,"href":"https:\/\/historiadofutebol.com\/blog\/index.php?rest_route=%2Fwp%2Fv2%2Ftags&post=119861"}],"curies":[{"name":"wp","href":"https:\/\/api.w.org\/{rel}","templated":true}]}}