{"id":118491,"date":"2018-06-15T23:26:07","date_gmt":"2018-06-16T02:26:07","guid":{"rendered":"https:\/\/historiadofutebol.com\/blog\/?p=118491"},"modified":"2018-06-16T00:16:31","modified_gmt":"2018-06-16T03:16:31","slug":"foto-rara-de-1936-ferroviario-esporte-clube-ribeirense-ribeirao-vermelho-mg","status":"publish","type":"post","link":"https:\/\/historiadofutebol.com\/blog\/?p=118491","title":{"rendered":"Foto Rara, de 1936: Ferrovi\u00e1rio Esporte Clube Ribeirense &#8211; Ribeir\u00e3o Vermelho (MG)"},"content":{"rendered":"<p><img loading=\"lazy\" decoding=\"async\" class=\"aligncenter size-large wp-image-118492\" title=\"00 FECR\" src=\"https:\/\/historiadofutebol.com\/blog\/wp-content\/uploads\/2018\/06\/00-FECR-500x330.jpg\" alt=\"\" width=\"500\" height=\"330\" srcset=\"https:\/\/historiadofutebol.com\/blog\/wp-content\/uploads\/2018\/06\/00-FECR-500x330.jpg 500w, https:\/\/historiadofutebol.com\/blog\/wp-content\/uploads\/2018\/06\/00-FECR-300x198.jpg 300w, https:\/\/historiadofutebol.com\/blog\/wp-content\/uploads\/2018\/06\/00-FECR.jpg 944w\" sizes=\"auto, (max-width: 500px) 100vw, 500px\" \/><\/p>\n<p>O <strong>Ferrovi\u00e1rio Esporte Clube Ribeirense<\/strong> \u00e9 uma agremia\u00e7\u00e3o do Munic\u00edpio de Ribeir\u00e3o Vermelho, que fica a 270 km da capital do Estado de Minas Gerais. Conta com a popula\u00e7\u00e3o de 3.826 habitantes <em>(segundo o Censo do IBGE\/2010)<\/em>, ganhou status de munic\u00edpio na <em>segunda-feira, do dia 27 de dezembro de 1948<\/em>.<\/p>\n<p><img loading=\"lazy\" decoding=\"async\" class=\"aligncenter size-large wp-image-118494\" title=\"00 2\" src=\"https:\/\/historiadofutebol.com\/blog\/wp-content\/uploads\/2018\/06\/00-2-287x500.jpg\" alt=\"\" width=\"287\" height=\"500\" srcset=\"https:\/\/historiadofutebol.com\/blog\/wp-content\/uploads\/2018\/06\/00-2-287x500.jpg 287w, https:\/\/historiadofutebol.com\/blog\/wp-content\/uploads\/2018\/06\/00-2-172x300.jpg 172w, https:\/\/historiadofutebol.com\/blog\/wp-content\/uploads\/2018\/06\/00-2.jpg 552w\" sizes=\"auto, (max-width: 287px) 100vw, 287px\" \/><\/p>\n<p><strong><em>Fundado na ter\u00e7a-feira, do dia 26 de Novembro de 1935<\/em><\/strong>, como <strong><em>Ferrovi\u00e1rio Sport Club Ribeirense<\/em>.\u00a0<\/strong>A sua <strong><em>Sede<\/em><\/strong> est\u00e1 localizada na <em>Rua Alberto Bolognane, n\u00ba 120, no Bairro de Bela Vista, em Ribeir\u00e3o Vermelho<\/em>. O seu <strong><em>Est\u00e1dio<\/em><\/strong> \u00e9 o <strong><em>Ant\u00f4nio Pereira<\/em><\/strong>.<\/p>\n<p><img loading=\"lazy\" decoding=\"async\" class=\"aligncenter size-full wp-image-118496\" title=\"01\" src=\"https:\/\/historiadofutebol.com\/blog\/wp-content\/uploads\/2018\/06\/01.jpg\" alt=\"\" width=\"910\" height=\"532\" srcset=\"https:\/\/historiadofutebol.com\/blog\/wp-content\/uploads\/2018\/06\/01.jpg 910w, https:\/\/historiadofutebol.com\/blog\/wp-content\/uploads\/2018\/06\/01-300x175.jpg 300w, https:\/\/historiadofutebol.com\/blog\/wp-content\/uploads\/2018\/06\/01-500x292.jpg 500w\" sizes=\"auto, (max-width: 910px) 100vw, 910px\" \/><\/p>\n<p>O <strong>Ferrovi\u00e1rio Ribeirense<\/strong>, juntamente com <strong><em>Associa\u00e7\u00e3o Ol\u00edmpica de Lavras<\/em><\/strong> <em>(fundada em 1937)<\/em>, a <strong><em>Associa\u00e7\u00e3o Atl\u00e9tica Ferrovi\u00e1ria<\/em><\/strong> <em>(fundada em 1944)<\/em>, ajudaram a fundar a <strong><em>Liga Esportiva de Desportos de Lavras (LEDL)<\/em><\/strong>, <em>em 29 de Agosto de 1943<\/em>.<\/p>\n<p>O 1\u00ba <strong><em>Campeonato Citadino de Lavras<\/em><\/strong>, transcorreu em 1944. Todavia, seria nos anos 1950 que o <em>futebol lavrense<\/em> ganharia novo impulso com a cria\u00e7\u00e3o da <strong><em>Liga Esportiva de Lavras (LEL)<\/em><\/strong>, em 1953, formada pelas tr\u00eas associa\u00e7\u00f5es da <strong><em>LEDL<\/em><\/strong> mais o <strong><em>Fabril Esporte Clube<\/em><\/strong>, que juntos disputaram v\u00e1rios campeonatos naquela d\u00e9cada.<\/p>\n<p><img loading=\"lazy\" decoding=\"async\" class=\"aligncenter size-large wp-image-118497\" title=\"00 FECR1\" src=\"https:\/\/historiadofutebol.com\/blog\/wp-content\/uploads\/2018\/06\/00-FECR1-500x314.jpg\" alt=\"\" width=\"500\" height=\"314\" srcset=\"https:\/\/historiadofutebol.com\/blog\/wp-content\/uploads\/2018\/06\/00-FECR1-500x314.jpg 500w, https:\/\/historiadofutebol.com\/blog\/wp-content\/uploads\/2018\/06\/00-FECR1-300x188.jpg 300w, https:\/\/historiadofutebol.com\/blog\/wp-content\/uploads\/2018\/06\/00-FECR1.jpg 684w\" sizes=\"auto, (max-width: 500px) 100vw, 500px\" \/><\/p>\n<p>No <strong><em>Campeonato Citadino de Lavras<\/em><\/strong>, o <strong>Ferrovi\u00e1rio Ribeirense<\/strong> possui tr\u00eas t\u00edtulos: 1967, 1976 e 1978. Foi <strong><em>vice-campe\u00e3o<\/em><\/strong> em tr\u00eas oportunidades: 1973, 1981 e 1987. Dois vices no <strong><em>Torneio In\u00edcio<\/em><\/strong> de 1954 e 1957. Um 3\u00ba lugar no <strong><em>Campeonato Citadino<\/em><\/strong> e no <strong><em>Torneio In\u00edcio<\/em><\/strong>, ambos em 1953. Recentemente, o clube participou do <strong><em>Campeonato Mineiro de 2006<\/em><\/strong>, nas categorias <strong><em>Sub-15 (Infantil)<\/em><\/strong> e <strong><em>Sub-17 (Juvenil)<\/em><\/strong>.<\/p>\n<p><img loading=\"lazy\" decoding=\"async\" class=\"aligncenter size-full wp-image-118493\" title=\"1936 FERROVIARIO RV\" src=\"https:\/\/historiadofutebol.com\/blog\/wp-content\/uploads\/2018\/06\/1936-FERROVIARIO-RV.jpg\" alt=\"\" width=\"1214\" height=\"2652\" srcset=\"https:\/\/historiadofutebol.com\/blog\/wp-content\/uploads\/2018\/06\/1936-FERROVIARIO-RV.jpg 1214w, https:\/\/historiadofutebol.com\/blog\/wp-content\/uploads\/2018\/06\/1936-FERROVIARIO-RV-137x300.jpg 137w, https:\/\/historiadofutebol.com\/blog\/wp-content\/uploads\/2018\/06\/1936-FERROVIARIO-RV-300x655.jpg 300w\" sizes=\"auto, (max-width: 1214px) 100vw, 1214px\" \/><\/p>\n<p><strong><em>FONTES:<\/em><\/strong><em> Wikip\u00e9dia &#8211; Gol Aberto &#8211; Ronaldo Fernandes &#8211; O Jornal<\/em><\/p>\n","protected":false},"excerpt":{"rendered":"<p>O Ferrovi\u00e1rio Esporte Clube Ribeirense \u00e9 uma agremia\u00e7\u00e3o do Munic\u00edpio de Ribeir\u00e3o Vermelho, que fica a 270 km da capital do Estado de Minas Gerais. Conta com a popula\u00e7\u00e3o de 3.826 habitantes (segundo o Censo do IBGE\/2010), ganhou status de munic\u00edpio na segunda-feira, do dia 27 de dezembro de 1948. Fundado na ter\u00e7a-feira, do dia [&hellip;]<\/p>\n","protected":false},"author":55,"featured_media":0,"comment_status":"open","ping_status":"closed","sticky":false,"template":"","format":"standard","meta":{"footnotes":""},"categories":[203,83,59,345,3,39],"tags":[],"class_list":["post-118491","post","type-post","status-publish","format-standard","hentry","category-sergio-mello","category-x9-curiosidades","category-escudos","category-fotos-historicas","category-historia-do-futebol","category-minas-gerais"],"_links":{"self":[{"href":"https:\/\/historiadofutebol.com\/blog\/index.php?rest_route=\/wp\/v2\/posts\/118491","targetHints":{"allow":["GET"]}}],"collection":[{"href":"https:\/\/historiadofutebol.com\/blog\/index.php?rest_route=\/wp\/v2\/posts"}],"about":[{"href":"https:\/\/historiadofutebol.com\/blog\/index.php?rest_route=\/wp\/v2\/types\/post"}],"author":[{"embeddable":true,"href":"https:\/\/historiadofutebol.com\/blog\/index.php?rest_route=\/wp\/v2\/users\/55"}],"replies":[{"embeddable":true,"href":"https:\/\/historiadofutebol.com\/blog\/index.php?rest_route=%2Fwp%2Fv2%2Fcomments&post=118491"}],"version-history":[{"count":3,"href":"https:\/\/historiadofutebol.com\/blog\/index.php?rest_route=\/wp\/v2\/posts\/118491\/revisions"}],"predecessor-version":[{"id":118499,"href":"https:\/\/historiadofutebol.com\/blog\/index.php?rest_route=\/wp\/v2\/posts\/118491\/revisions\/118499"}],"wp:attachment":[{"href":"https:\/\/historiadofutebol.com\/blog\/index.php?rest_route=%2Fwp%2Fv2%2Fmedia&parent=118491"}],"wp:term":[{"taxonomy":"category","embeddable":true,"href":"https:\/\/historiadofutebol.com\/blog\/index.php?rest_route=%2Fwp%2Fv2%2Fcategories&post=118491"},{"taxonomy":"post_tag","embeddable":true,"href":"https:\/\/historiadofutebol.com\/blog\/index.php?rest_route=%2Fwp%2Fv2%2Ftags&post=118491"}],"curies":[{"name":"wp","href":"https:\/\/api.w.org\/{rel}","templated":true}]}}