{"id":118153,"date":"2018-05-26T20:40:28","date_gmt":"2018-05-26T23:40:28","guid":{"rendered":"https:\/\/historiadofutebol.com\/blog\/?p=118153"},"modified":"2018-05-26T20:40:28","modified_gmt":"2018-05-26T23:40:28","slug":"jornal-do-brasil-football-club-rio-de-janeiro-rj-fundado-em-1921","status":"publish","type":"post","link":"https:\/\/historiadofutebol.com\/blog\/?p=118153","title":{"rendered":"Jornal do Brasil Football Club &#8211; Rio de Janeiro (RJ): Fundado em 1921"},"content":{"rendered":"<p><img loading=\"lazy\" decoding=\"async\" class=\"aligncenter size-large wp-image-118154\" title=\"0\" src=\"https:\/\/historiadofutebol.com\/blog\/wp-content\/uploads\/2018\/05\/0-500x320.jpg\" alt=\"\" width=\"500\" height=\"320\" srcset=\"https:\/\/historiadofutebol.com\/blog\/wp-content\/uploads\/2018\/05\/0-500x320.jpg 500w, https:\/\/historiadofutebol.com\/blog\/wp-content\/uploads\/2018\/05\/0-300x192.jpg 300w, https:\/\/historiadofutebol.com\/blog\/wp-content\/uploads\/2018\/05\/0.jpg 944w\" sizes=\"auto, (max-width: 500px) 100vw, 500px\" \/><\/p>\n<p>O <strong>Jornal do Brasil Football Club<\/strong> foi uma agremia\u00e7\u00e3o da cidade do Rio de Janeiro (RJ). O &#8220;<strong><em>Combinado da Torre<\/em><\/strong>&#8221; foi <strong>Fundado na ter\u00e7a-feira, do dia 13 de Setembro de 1921<\/strong>, por funcion\u00e1rios do Jornal do Brasil.<\/p>\n<p>A sua <strong><em>Sede administrativa<\/em><\/strong> ficava na <em>Avenida Rio Branco, n\u00ba 110\/ 112, no Centro do Rio<\/em>. J\u00e1 a sua <strong><em>Pra\u00e7a de Esportes<\/em><\/strong> estava situado na <em>Estrada do Norte, s\/n &#8211; Bairro de Ramos &#8211; Zona Norte do Rio<\/em>.<\/p>\n<p>O <strong><em>JB<\/em><\/strong> enfrentou o <strong><em>Argentino Football Club<\/em><\/strong> e arrancou um empatou em 0 a 0, em Cascadura (1921); encarou o <strong><em>Mesquita Futebol Clube<\/em><\/strong> (1926); e venceu o <strong><em>Athletic Club<\/em><\/strong>, por 2 a 1, em Matosinho, na cidade de S\u00e3o Jo\u00e3o Del Rey\/MG (1933). A sua \u00faltima apari\u00e7\u00e3o aconteceu no <strong><em>Campeonato Carioca da Liga Gr\u00e1fica de Esportes<\/em><\/strong>, de <strong><em>1954<\/em><\/strong>.<\/p>\n<p><img loading=\"lazy\" decoding=\"async\" class=\"aligncenter size-full wp-image-118155\" title=\"JBFC 1932\" src=\"https:\/\/historiadofutebol.com\/blog\/wp-content\/uploads\/2018\/05\/JBFC-1932.jpg\" alt=\"\" width=\"1088\" height=\"726\" srcset=\"https:\/\/historiadofutebol.com\/blog\/wp-content\/uploads\/2018\/05\/JBFC-1932.jpg 1088w, https:\/\/historiadofutebol.com\/blog\/wp-content\/uploads\/2018\/05\/JBFC-1932-300x200.jpg 300w, https:\/\/historiadofutebol.com\/blog\/wp-content\/uploads\/2018\/05\/JBFC-1932-500x333.jpg 500w\" sizes=\"auto, (max-width: 1088px) 100vw, 1088px\" \/><\/p>\n<p><strong><em>Time de 1921:<\/em><\/strong><em> Moreira (Vieira); Jarbas e Zaz\u00e1 (Durval);\u00a0 Adelino (Antonio), Archimedes e Coutinho; Nilo (Le\u00e3o Vasconcellos), Vadinho (Cap.), Cresipio, Romualdo (Laiz) e Jorge<\/em>.<\/p>\n<p>&nbsp;<\/p>\n<p><strong><em>Time de 1926:<\/em><\/strong><em> Edgard; Lauro e Nicanor; Alitado, Zaz\u00e1 e Aureliano; Moacyr, Fausto, Guerra, Anizio e Sant&#8217; Anna<\/em>.<\/p>\n<p>&nbsp;<\/p>\n<p><strong><em>Time de 1926:<\/em><\/strong><em> Castello; Vital e Badu; Waldemar, Carlos e Armando; Trist\u00e3o, Lagosta, Edgard, Otto e Quintanilha (Vadinho)<\/em>.<\/p>\n<p><img loading=\"lazy\" decoding=\"async\" class=\"aligncenter size-full wp-image-118156\" title=\"JBFC 1933 1\" src=\"https:\/\/historiadofutebol.com\/blog\/wp-content\/uploads\/2018\/05\/JBFC-1933-1.jpg\" alt=\"\" width=\"1094\" height=\"824\" srcset=\"https:\/\/historiadofutebol.com\/blog\/wp-content\/uploads\/2018\/05\/JBFC-1933-1.jpg 1094w, https:\/\/historiadofutebol.com\/blog\/wp-content\/uploads\/2018\/05\/JBFC-1933-1-300x225.jpg 300w, https:\/\/historiadofutebol.com\/blog\/wp-content\/uploads\/2018\/05\/JBFC-1933-1-500x376.jpg 500w\" sizes=\"auto, (max-width: 1094px) 100vw, 1094px\" \/><\/p>\n<p><img loading=\"lazy\" decoding=\"async\" class=\"aligncenter size-full wp-image-118157\" title=\"JBFC 1933\" src=\"https:\/\/historiadofutebol.com\/blog\/wp-content\/uploads\/2018\/05\/JBFC-1933.jpg\" alt=\"\" width=\"1110\" height=\"706\" srcset=\"https:\/\/historiadofutebol.com\/blog\/wp-content\/uploads\/2018\/05\/JBFC-1933.jpg 1110w, https:\/\/historiadofutebol.com\/blog\/wp-content\/uploads\/2018\/05\/JBFC-1933-300x190.jpg 300w, https:\/\/historiadofutebol.com\/blog\/wp-content\/uploads\/2018\/05\/JBFC-1933-500x318.jpg 500w\" sizes=\"auto, (max-width: 1110px) 100vw, 1110px\" \/><\/p>\n<p><strong><em>FONTES:<\/em><\/strong><em> <\/em><em>A Rua : Seman\u00e1rio Illustrado (RJ) &#8211; Jornal do Brasil &#8211; A Batalha &#8211; A Na\u00e7\u00e3o &#8211; A Noite &#8211; Jornal dos Sports &#8211; An\u00faario Estat\u00edstico do Distrito Federal : Ano VI &#8211; 1938 (RJ) &#8211; Di\u00e1rio da Noite<\/em><\/p>\n","protected":false},"excerpt":{"rendered":"<p>O Jornal do Brasil Football Club foi uma agremia\u00e7\u00e3o da cidade do Rio de Janeiro (RJ). O &#8220;Combinado da Torre&#8221; foi Fundado na ter\u00e7a-feira, do dia 13 de Setembro de 1921, por funcion\u00e1rios do Jornal do Brasil. A sua Sede administrativa ficava na Avenida Rio Branco, n\u00ba 110\/ 112, no Centro do Rio. J\u00e1 a [&hellip;]<\/p>\n","protected":false},"author":55,"featured_media":0,"comment_status":"open","ping_status":"closed","sticky":false,"template":"","format":"standard","meta":{"footnotes":""},"categories":[203,83,59,345,3,47,76],"tags":[],"class_list":["post-118153","post","type-post","status-publish","format-standard","hentry","category-sergio-mello","category-x9-curiosidades","category-escudos","category-fotos-historicas","category-historia-do-futebol","category-rio-de-janeiro","category-antigo-estado-do-rio"],"_links":{"self":[{"href":"https:\/\/historiadofutebol.com\/blog\/index.php?rest_route=\/wp\/v2\/posts\/118153","targetHints":{"allow":["GET"]}}],"collection":[{"href":"https:\/\/historiadofutebol.com\/blog\/index.php?rest_route=\/wp\/v2\/posts"}],"about":[{"href":"https:\/\/historiadofutebol.com\/blog\/index.php?rest_route=\/wp\/v2\/types\/post"}],"author":[{"embeddable":true,"href":"https:\/\/historiadofutebol.com\/blog\/index.php?rest_route=\/wp\/v2\/users\/55"}],"replies":[{"embeddable":true,"href":"https:\/\/historiadofutebol.com\/blog\/index.php?rest_route=%2Fwp%2Fv2%2Fcomments&post=118153"}],"version-history":[{"count":2,"href":"https:\/\/historiadofutebol.com\/blog\/index.php?rest_route=\/wp\/v2\/posts\/118153\/revisions"}],"predecessor-version":[{"id":118160,"href":"https:\/\/historiadofutebol.com\/blog\/index.php?rest_route=\/wp\/v2\/posts\/118153\/revisions\/118160"}],"wp:attachment":[{"href":"https:\/\/historiadofutebol.com\/blog\/index.php?rest_route=%2Fwp%2Fv2%2Fmedia&parent=118153"}],"wp:term":[{"taxonomy":"category","embeddable":true,"href":"https:\/\/historiadofutebol.com\/blog\/index.php?rest_route=%2Fwp%2Fv2%2Fcategories&post=118153"},{"taxonomy":"post_tag","embeddable":true,"href":"https:\/\/historiadofutebol.com\/blog\/index.php?rest_route=%2Fwp%2Fv2%2Ftags&post=118153"}],"curies":[{"name":"wp","href":"https:\/\/api.w.org\/{rel}","templated":true}]}}