{"id":117118,"date":"2018-03-05T16:34:24","date_gmt":"2018-03-05T19:34:24","guid":{"rendered":"https:\/\/historiadofutebol.com\/blog\/?p=117118"},"modified":"2018-03-05T16:34:24","modified_gmt":"2018-03-05T19:34:24","slug":"sport-club-mexicano-rio-de-janeiro-rj-fundado-em-1914","status":"publish","type":"post","link":"https:\/\/historiadofutebol.com\/blog\/?p=117118","title":{"rendered":"Sport Club Mexicano &#8211; Rio de Janeiro (RJ): Fundado em 1914"},"content":{"rendered":"<p><em><img loading=\"lazy\" decoding=\"async\" class=\"aligncenter\" title=\"00 SCM\" src=\"https:\/\/historiadofutebol.com\/blog\/wp-content\/uploads\/2018\/03\/00-SCM-368x500.jpg\" alt=\"\" width=\"368\" height=\"500\" \/><\/em><\/p>\n<p>O <strong>Sport Club Mexicano<\/strong> foi uma agremia\u00e7\u00e3o da cidade do Rio de Janeiro (RJ). A sua <strong><em>Sede<\/em><\/strong> <strong><em>provis\u00f3ria<\/em><\/strong> ficava localizada na <em>Rua de S\u00e3o Janu\u00e1rio, n\u00ba 131; e cerca de quatro meses depois se mudou para a Rua Emereciana, n\u00ba 7, ambos no Bairro de S\u00e3o Crist\u00f3v\u00e3o, na Zona Norte do Rio<\/em>. <strong>Fundado na sexta-feira, do dia 15 de Maio de 1914<\/strong>, por um grupo de desportistas do bairro imperial.<\/p>\n<p>A <strong><em>1\u00aa Diretoria<\/em><\/strong> foi definida, e teve a seguinte composi\u00e7\u00e3o:<\/p>\n<p><strong><em>Presidente &#8211;<\/em><\/strong><em> Edgard Medina Coeli;<\/em><\/p>\n<p><strong><em>Vice-Presidente &#8211;<\/em><\/strong><em> Eurico dos Santos Rosa;<\/em><\/p>\n<p><strong><em>1\u00ba Secret\u00e1rio &#8211;<\/em><\/strong><em> Anthony Berger;<\/em><\/p>\n<p><strong><em>2\u00ba Secret\u00e1rio &#8211;<\/em><\/strong><em> Gustavo Menezes;<\/em><\/p>\n<p><strong><em>1\u00ba Tesoureiro &#8211;<\/em><\/strong><em> Lucio Ferreira Fontes;<\/em><\/p>\n<p><strong><em>2\u00ba Tesoureiro &#8211;<\/em><\/strong><em> Seraphim Moreira de Andrade;<\/em><\/p>\n<p><strong><em>Captain Geral &#8211;<\/em><\/strong><em> Jos\u00e9 Henrique Gomes; <\/em><\/p>\n<p><strong><em>Procurador &#8211;<\/em><\/strong><em> Francisco Braga;<\/em><\/p>\n<p><strong><em>Comiss\u00e3o de Sindic\u00e2ncia &#8211;<\/em><\/strong><em> Paulo Ferreira, Amaisvindo Baptista, Antonio C. Ferreira<\/em>.<\/p>\n<p>O <strong>S.C. Mexicano<\/strong> mandava os seus no campo que ficava na <strong><em>Quinta da Boa Vista<\/em><\/strong>, em S\u00e3o Crist\u00f3v\u00e3o, quando participou do Campeonato, organizado pela A\u00a0<em><strong>Associa\u00e7\u00e3o Brasileira de Sports Athleticos<\/strong><\/em><strong>\u00a0(ABSA)<\/strong>, em <strong><em>1915<\/em><\/strong>.<\/p>\n<p>&nbsp;<\/p>\n<p><em><strong>Time de 1916:<\/strong> Zenobio; Zeferino (Cap.) e Figueiredo; Raphael, Jo\u00e3o e Carlos; Lyrio, Joaquim, Claudionor, Olympio e Manoel.<\/em><\/p>\n<p>&nbsp;<\/p>\n<p><strong><em>FONTES:<\/em><\/strong><em> Jornal do Brasil &#8211; O Imparcial<br \/>\n<\/em><\/p>\n","protected":false},"excerpt":{"rendered":"<p>O Sport Club Mexicano foi uma agremia\u00e7\u00e3o da cidade do Rio de Janeiro (RJ). A sua Sede provis\u00f3ria ficava localizada na Rua de S\u00e3o Janu\u00e1rio, n\u00ba 131; e cerca de quatro meses depois se mudou para a Rua Emereciana, n\u00ba 7, ambos no Bairro de S\u00e3o Crist\u00f3v\u00e3o, na Zona Norte do Rio. Fundado na sexta-feira, [&hellip;]<\/p>\n","protected":false},"author":55,"featured_media":0,"comment_status":"open","ping_status":"closed","sticky":false,"template":"","format":"standard","meta":{"footnotes":""},"categories":[203,83,59,3,47,76],"tags":[],"class_list":["post-117118","post","type-post","status-publish","format-standard","hentry","category-sergio-mello","category-x9-curiosidades","category-escudos","category-historia-do-futebol","category-rio-de-janeiro","category-antigo-estado-do-rio"],"_links":{"self":[{"href":"https:\/\/historiadofutebol.com\/blog\/index.php?rest_route=\/wp\/v2\/posts\/117118","targetHints":{"allow":["GET"]}}],"collection":[{"href":"https:\/\/historiadofutebol.com\/blog\/index.php?rest_route=\/wp\/v2\/posts"}],"about":[{"href":"https:\/\/historiadofutebol.com\/blog\/index.php?rest_route=\/wp\/v2\/types\/post"}],"author":[{"embeddable":true,"href":"https:\/\/historiadofutebol.com\/blog\/index.php?rest_route=\/wp\/v2\/users\/55"}],"replies":[{"embeddable":true,"href":"https:\/\/historiadofutebol.com\/blog\/index.php?rest_route=%2Fwp%2Fv2%2Fcomments&post=117118"}],"version-history":[{"count":2,"href":"https:\/\/historiadofutebol.com\/blog\/index.php?rest_route=\/wp\/v2\/posts\/117118\/revisions"}],"predecessor-version":[{"id":117121,"href":"https:\/\/historiadofutebol.com\/blog\/index.php?rest_route=\/wp\/v2\/posts\/117118\/revisions\/117121"}],"wp:attachment":[{"href":"https:\/\/historiadofutebol.com\/blog\/index.php?rest_route=%2Fwp%2Fv2%2Fmedia&parent=117118"}],"wp:term":[{"taxonomy":"category","embeddable":true,"href":"https:\/\/historiadofutebol.com\/blog\/index.php?rest_route=%2Fwp%2Fv2%2Fcategories&post=117118"},{"taxonomy":"post_tag","embeddable":true,"href":"https:\/\/historiadofutebol.com\/blog\/index.php?rest_route=%2Fwp%2Fv2%2Ftags&post=117118"}],"curies":[{"name":"wp","href":"https:\/\/api.w.org\/{rel}","templated":true}]}}