{"id":116987,"date":"2018-02-28T01:38:41","date_gmt":"2018-02-28T04:38:41","guid":{"rendered":"https:\/\/historiadofutebol.com\/blog\/?p=116987"},"modified":"2018-02-28T01:38:41","modified_gmt":"2018-02-28T04:38:41","slug":"amistoso-estadual-de-1958-g-e-fabrica-estrela-rj-2-x-2-irmaos-goulart-f-c-rj","status":"publish","type":"post","link":"https:\/\/historiadofutebol.com\/blog\/?p=116987","title":{"rendered":"Amistoso Estadual, de 1958: G.E. F\u00e1brica Estr\u00eala (RJ)  2  x  2  Irm\u00e3os Goulart F.C. (RJ)"},"content":{"rendered":"<p><img loading=\"lazy\" decoding=\"async\" class=\"aligncenter size-large wp-image-116989\" title=\"00 8\" src=\"https:\/\/historiadofutebol.com\/blog\/wp-content\/uploads\/2018\/02\/00-82-500x217.jpg\" alt=\"\" width=\"500\" height=\"217\" srcset=\"https:\/\/historiadofutebol.com\/blog\/wp-content\/uploads\/2018\/02\/00-82-500x217.jpg 500w, https:\/\/historiadofutebol.com\/blog\/wp-content\/uploads\/2018\/02\/00-82-300x130.jpg 300w\" sizes=\"auto, (max-width: 500px) 100vw, 500px\" \/><\/p>\n<table width=\"579\" border=\"0\" cellspacing=\"0\" cellpadding=\"0\">\n<tbody>\n<tr>\n<td colspan=\"2\" width=\"222\">\n<p align=\"center\"><strong>G.E. F\u00c1BRICA ESTR\u00caLA<\/strong><\/p>\n<\/td>\n<td width=\"24\">\n<p align=\"center\"><strong>2<\/strong><\/p>\n<\/td>\n<td width=\"25\">\n<p align=\"center\"><strong>X<\/strong><\/p>\n<\/td>\n<td width=\"27\">\n<p align=\"center\"><strong>2<\/strong><\/p>\n<\/td>\n<td width=\"281\">\n<p align=\"center\"><strong>IRM\u00c3OS GOULART F.C.<\/strong><\/p>\n<\/td>\n<\/tr>\n<tr>\n<td width=\"147\"><strong>LOCAL<\/strong><\/td>\n<td colspan=\"5\" width=\"432\">Est\u00e1dio da G.E. F\u00e1brica Estr\u00eala, em Mag\u00e9 (RJ)<\/td>\n<\/tr>\n<tr>\n<td width=\"147\"><strong>CAR\u00c1TER<\/strong><\/td>\n<td colspan=\"5\" width=\"432\">Amistoso Estadual de 1958<\/td>\n<\/tr>\n<tr>\n<td width=\"147\"><strong>DATA<\/strong><\/td>\n<td colspan=\"5\" width=\"432\">Domingo, do dia 05 de Janeiro de 1958<\/td>\n<\/tr>\n<tr>\n<td width=\"147\"><strong>RENDA<\/strong><\/td>\n<td colspan=\"5\" width=\"432\">N\u00e3o divulgado<\/td>\n<\/tr>\n<tr>\n<td width=\"147\"><strong>\u00c1RBITRO<\/strong><\/td>\n<td colspan=\"5\" width=\"432\">Ger\u00f4nimo M. dos Santos (FFD)<\/td>\n<\/tr>\n<tr>\n<td width=\"147\"><strong>ESTR\u00caLA<\/strong><\/td>\n<td colspan=\"5\" width=\"432\">Celso; Geir e Gago; H\u00e9lcio, Jorge e Angra; Nelson (Rebolo), Toninho, Z\u00e9 Luiz, Geraldo e Giffoni (\u00cdlio). <strong>T\u00e9cnico:<\/strong> Tenente Soares. <strong>Diretor de Esportes: <\/strong>Zeca.<\/td>\n<\/tr>\n<tr>\n<td width=\"147\"><strong>GOULART<\/strong><\/td>\n<td colspan=\"5\" width=\"432\">Olavo (Amaro); Neco e Djalma; Careca, Nelson Farias e Geraldo; Amaral, Ti\u00e3o, Tomesinho, Luisinho e H\u00e9lio.<\/td>\n<\/tr>\n<tr>\n<td width=\"147\"><strong>PRELIMINAR<\/strong><\/td>\n<td colspan=\"5\" width=\"432\">Gr\u00eamio Estrela \u00a01 x 1 Irm\u00e3os Goulart<\/td>\n<\/tr>\n<tr>\n<td width=\"147\"><strong>GOLS<\/strong><\/td>\n<td colspan=\"5\" width=\"432\">Z\u00e9 Luiz aos seis minutos (Estr\u00eala); \u00cdlio aos 28 minutos (Estr\u00eala); Tomesinho aos 38 minutos (Goulart); Gago, contra, aos 44 minutos (Goulart), no 2\u00ba Tempo.<\/td>\n<\/tr>\n<tr>\n<td width=\"147\"><\/td>\n<td colspan=\"5\" width=\"432\"><\/td>\n<\/tr>\n<\/tbody>\n<\/table>\n<p><img loading=\"lazy\" decoding=\"async\" class=\"aligncenter size-full wp-image-116988\" title=\"00 Diario da Noite -GRFE 1958\" src=\"https:\/\/historiadofutebol.com\/blog\/wp-content\/uploads\/2018\/02\/00-Diario-da-Noite-GRFE-19581.jpg\" alt=\"\" width=\"1126\" height=\"560\" srcset=\"https:\/\/historiadofutebol.com\/blog\/wp-content\/uploads\/2018\/02\/00-Diario-da-Noite-GRFE-19581.jpg 1126w, https:\/\/historiadofutebol.com\/blog\/wp-content\/uploads\/2018\/02\/00-Diario-da-Noite-GRFE-19581-300x149.jpg 300w, https:\/\/historiadofutebol.com\/blog\/wp-content\/uploads\/2018\/02\/00-Diario-da-Noite-GRFE-19581-500x248.jpg 500w\" sizes=\"auto, (max-width: 1126px) 100vw, 1126px\" \/><\/p>\n<p><img loading=\"lazy\" decoding=\"async\" class=\"aligncenter size-full wp-image-116990\" title=\"00 Tribuna da Imprensa -GRFE 1\" src=\"https:\/\/historiadofutebol.com\/blog\/wp-content\/uploads\/2018\/02\/00-Tribuna-da-Imprensa-GRFE-1.jpg\" alt=\"\" width=\"1680\" height=\"2840\" srcset=\"https:\/\/historiadofutebol.com\/blog\/wp-content\/uploads\/2018\/02\/00-Tribuna-da-Imprensa-GRFE-1.jpg 1680w, https:\/\/historiadofutebol.com\/blog\/wp-content\/uploads\/2018\/02\/00-Tribuna-da-Imprensa-GRFE-1-177x300.jpg 177w, https:\/\/historiadofutebol.com\/blog\/wp-content\/uploads\/2018\/02\/00-Tribuna-da-Imprensa-GRFE-1-295x500.jpg 295w, https:\/\/historiadofutebol.com\/blog\/wp-content\/uploads\/2018\/02\/00-Tribuna-da-Imprensa-GRFE-1-300x507.jpg 300w\" sizes=\"auto, (max-width: 1680px) 100vw, 1680px\" \/><\/p>\n<p><em><strong>FONTE:<\/strong> Tribuna da Imprensa\u00a0<\/em><\/p>\n","protected":false},"excerpt":{"rendered":"<p>G.E. F\u00c1BRICA ESTR\u00caLA 2 X 2 IRM\u00c3OS GOULART F.C. LOCAL Est\u00e1dio da G.E. F\u00e1brica Estr\u00eala, em Mag\u00e9 (RJ) CAR\u00c1TER Amistoso Estadual de 1958 DATA Domingo, do dia 05 de Janeiro de 1958 RENDA N\u00e3o divulgado \u00c1RBITRO Ger\u00f4nimo M. dos Santos (FFD) ESTR\u00caLA Celso; Geir e Gago; H\u00e9lcio, Jorge e Angra; Nelson (Rebolo), Toninho, Z\u00e9 Luiz, [&hellip;]<\/p>\n","protected":false},"author":55,"featured_media":0,"comment_status":"open","ping_status":"closed","sticky":false,"template":"","format":"standard","meta":{"footnotes":""},"categories":[203,83,59,925,345,3,47,76],"tags":[],"class_list":["post-116987","post","type-post","status-publish","format-standard","hentry","category-sergio-mello","category-x9-curiosidades","category-escudos","category-ficha-de-clubes","category-fotos-historicas","category-historia-do-futebol","category-rio-de-janeiro","category-antigo-estado-do-rio"],"_links":{"self":[{"href":"https:\/\/historiadofutebol.com\/blog\/index.php?rest_route=\/wp\/v2\/posts\/116987","targetHints":{"allow":["GET"]}}],"collection":[{"href":"https:\/\/historiadofutebol.com\/blog\/index.php?rest_route=\/wp\/v2\/posts"}],"about":[{"href":"https:\/\/historiadofutebol.com\/blog\/index.php?rest_route=\/wp\/v2\/types\/post"}],"author":[{"embeddable":true,"href":"https:\/\/historiadofutebol.com\/blog\/index.php?rest_route=\/wp\/v2\/users\/55"}],"replies":[{"embeddable":true,"href":"https:\/\/historiadofutebol.com\/blog\/index.php?rest_route=%2Fwp%2Fv2%2Fcomments&post=116987"}],"version-history":[{"count":2,"href":"https:\/\/historiadofutebol.com\/blog\/index.php?rest_route=\/wp\/v2\/posts\/116987\/revisions"}],"predecessor-version":[{"id":116992,"href":"https:\/\/historiadofutebol.com\/blog\/index.php?rest_route=\/wp\/v2\/posts\/116987\/revisions\/116992"}],"wp:attachment":[{"href":"https:\/\/historiadofutebol.com\/blog\/index.php?rest_route=%2Fwp%2Fv2%2Fmedia&parent=116987"}],"wp:term":[{"taxonomy":"category","embeddable":true,"href":"https:\/\/historiadofutebol.com\/blog\/index.php?rest_route=%2Fwp%2Fv2%2Fcategories&post=116987"},{"taxonomy":"post_tag","embeddable":true,"href":"https:\/\/historiadofutebol.com\/blog\/index.php?rest_route=%2Fwp%2Fv2%2Ftags&post=116987"}],"curies":[{"name":"wp","href":"https:\/\/api.w.org\/{rel}","templated":true}]}}