{"id":116321,"date":"2018-01-27T18:34:51","date_gmt":"2018-01-27T20:34:51","guid":{"rendered":"https:\/\/historiadofutebol.com\/blog\/?p=116321"},"modified":"2022-09-29T19:02:30","modified_gmt":"2022-09-29T22:02:30","slug":"torneio-inicio-carioca-da-1%c2%aa-divisao-de-1956-america-football-club","status":"publish","type":"post","link":"https:\/\/historiadofutebol.com\/blog\/?p=116321","title":{"rendered":"Torneio In\u00edcio Carioca da 1\u00aa Divis\u00e3o de 1956: America Football Club"},"content":{"rendered":"\n<figure class=\"wp-block-image size-large is-resized\"><img loading=\"lazy\" decoding=\"async\" src=\"https:\/\/historiadofutebol.com\/blog\/wp-content\/uploads\/2022\/09\/america-1956-ho-500x375.jpg\" alt=\"\" class=\"wp-image-127985\" width=\"659\" height=\"494\" srcset=\"https:\/\/historiadofutebol.com\/blog\/wp-content\/uploads\/2022\/09\/america-1956-ho-500x375.jpg 500w, https:\/\/historiadofutebol.com\/blog\/wp-content\/uploads\/2022\/09\/america-1956-ho-300x225.jpg 300w, https:\/\/historiadofutebol.com\/blog\/wp-content\/uploads\/2022\/09\/america-1956-ho-768x576.jpg 768w, https:\/\/historiadofutebol.com\/blog\/wp-content\/uploads\/2022\/09\/america-1956-ho-624x468.jpg 624w, https:\/\/historiadofutebol.com\/blog\/wp-content\/uploads\/2022\/09\/america-1956-ho.jpg 960w\" sizes=\"auto, (max-width: 659px) 100vw, 659px\" \/><\/figure>\n\n\n<p><img loading=\"lazy\" decoding=\"async\" class=\"aligncenter size-full wp-image-116322\" title=\"1956 AMERICA\" src=\"https:\/\/historiadofutebol.com\/blog\/wp-content\/uploads\/2018\/01\/1956-AMERICA.jpg\" alt=\"\" width=\"1042\" height=\"798\" srcset=\"https:\/\/historiadofutebol.com\/blog\/wp-content\/uploads\/2018\/01\/1956-AMERICA.jpg 1042w, https:\/\/historiadofutebol.com\/blog\/wp-content\/uploads\/2018\/01\/1956-AMERICA-300x229.jpg 300w, https:\/\/historiadofutebol.com\/blog\/wp-content\/uploads\/2018\/01\/1956-AMERICA-500x382.jpg 500w\" sizes=\"auto, (max-width: 1042px) 100vw, 1042px\" \/><\/p>\n<p><em><strong>Escala\u00e7\u00e3o:\u00a0<\/strong>Pomp\u00e9ia, Souza Filho e Alo\u00edsio; Ivan, Agnelo e H\u00e9lio; Ramos, Washington, Le\u00f4nidas, Davi e Alvinho.<\/em><\/p>\n\n\n<figure class=\"wp-block-image size-large is-resized\"><img loading=\"lazy\" decoding=\"async\" src=\"https:\/\/historiadofutebol.com\/blog\/wp-content\/uploads\/2022\/09\/america-1956-zal-353x500.jpg\" alt=\"\" class=\"wp-image-127983\" width=\"656\" height=\"929\" srcset=\"https:\/\/historiadofutebol.com\/blog\/wp-content\/uploads\/2022\/09\/america-1956-zal-353x500.jpg 353w, https:\/\/historiadofutebol.com\/blog\/wp-content\/uploads\/2022\/09\/america-1956-zal-212x300.jpg 212w, https:\/\/historiadofutebol.com\/blog\/wp-content\/uploads\/2022\/09\/america-1956-zal-768x1088.jpg 768w, https:\/\/historiadofutebol.com\/blog\/wp-content\/uploads\/2022\/09\/america-1956-zal-1084x1536.jpg 1084w, https:\/\/historiadofutebol.com\/blog\/wp-content\/uploads\/2022\/09\/america-1956-zal-624x884.jpg 624w, https:\/\/historiadofutebol.com\/blog\/wp-content\/uploads\/2022\/09\/america-1956-zal.jpg 1129w\" sizes=\"auto, (max-width: 656px) 100vw, 656px\" \/><\/figure>\n\n\n\n<p><strong><em>FONTES:<\/em><\/strong><em>&nbsp;Jornal dos Sports &#8211;&nbsp;Di\u00e1rio Carioca &#8211; Sport Ilustrado<\/em><\/p>\n\n\n","protected":false},"excerpt":{"rendered":"<p>Escala\u00e7\u00e3o:\u00a0Pomp\u00e9ia, Souza Filho e Alo\u00edsio; Ivan, Agnelo e H\u00e9lio; Ramos, Washington, Le\u00f4nidas, Davi e Alvinho. FONTES:&nbsp;Jornal dos Sports &#8211;&nbsp;Di\u00e1rio Carioca &#8211; Sport Ilustrado<\/p>\n","protected":false},"author":55,"featured_media":0,"comment_status":"open","ping_status":"closed","sticky":false,"template":"","format":"standard","meta":{"footnotes":""},"categories":[203,83,345,3,47,76],"tags":[],"class_list":["post-116321","post","type-post","status-publish","format-standard","hentry","category-sergio-mello","category-x9-curiosidades","category-fotos-historicas","category-historia-do-futebol","category-rio-de-janeiro","category-antigo-estado-do-rio"],"_links":{"self":[{"href":"https:\/\/historiadofutebol.com\/blog\/index.php?rest_route=\/wp\/v2\/posts\/116321","targetHints":{"allow":["GET"]}}],"collection":[{"href":"https:\/\/historiadofutebol.com\/blog\/index.php?rest_route=\/wp\/v2\/posts"}],"about":[{"href":"https:\/\/historiadofutebol.com\/blog\/index.php?rest_route=\/wp\/v2\/types\/post"}],"author":[{"embeddable":true,"href":"https:\/\/historiadofutebol.com\/blog\/index.php?rest_route=\/wp\/v2\/users\/55"}],"replies":[{"embeddable":true,"href":"https:\/\/historiadofutebol.com\/blog\/index.php?rest_route=%2Fwp%2Fv2%2Fcomments&post=116321"}],"version-history":[{"count":4,"href":"https:\/\/historiadofutebol.com\/blog\/index.php?rest_route=\/wp\/v2\/posts\/116321\/revisions"}],"predecessor-version":[{"id":127987,"href":"https:\/\/historiadofutebol.com\/blog\/index.php?rest_route=\/wp\/v2\/posts\/116321\/revisions\/127987"}],"wp:attachment":[{"href":"https:\/\/historiadofutebol.com\/blog\/index.php?rest_route=%2Fwp%2Fv2%2Fmedia&parent=116321"}],"wp:term":[{"taxonomy":"category","embeddable":true,"href":"https:\/\/historiadofutebol.com\/blog\/index.php?rest_route=%2Fwp%2Fv2%2Fcategories&post=116321"},{"taxonomy":"post_tag","embeddable":true,"href":"https:\/\/historiadofutebol.com\/blog\/index.php?rest_route=%2Fwp%2Fv2%2Ftags&post=116321"}],"curies":[{"name":"wp","href":"https:\/\/api.w.org\/{rel}","templated":true}]}}