{"id":116243,"date":"2018-01-25T18:28:34","date_gmt":"2018-01-25T20:28:34","guid":{"rendered":"https:\/\/historiadofutebol.com\/blog\/?p=116243"},"modified":"2026-03-06T14:34:37","modified_gmt":"2026-03-06T17:34:37","slug":"foto-historica-americano-futebol-clube-rio-de-janeiro-rj-1918","status":"publish","type":"post","link":"https:\/\/historiadofutebol.com\/blog\/?p=116243","title":{"rendered":"Foto Hist\u00f3rica &#8211; Americano Futebol Clube (Rio de Janeiro &#8211; RJ) &#8211; 1918"},"content":{"rendered":"\n<figure class=\"wp-block-image\"><a href=\"https:\/\/historiadofutebol.com\/blog\/?attachment_id=116244\" rel=\"attachment wp-att-116244\"><img loading=\"lazy\" decoding=\"async\" width=\"700\" height=\"507\" src=\"https:\/\/historiadofutebol.com\/blog\/wp-content\/uploads\/2018\/01\/019.jpg\" alt=\"\" class=\"wp-image-116244\" srcset=\"https:\/\/historiadofutebol.com\/blog\/wp-content\/uploads\/2018\/01\/019.jpg 700w, https:\/\/historiadofutebol.com\/blog\/wp-content\/uploads\/2018\/01\/019-300x217.jpg 300w, https:\/\/historiadofutebol.com\/blog\/wp-content\/uploads\/2018\/01\/019-500x362.jpg 500w\" sizes=\"auto, (max-width: 700px) 100vw, 700px\" \/><\/a><\/figure>\n\n\n\n<p><mark style=\"background-color:rgba(0, 0, 0, 0);color:#000000\" class=\"has-inline-color\">Esta foto publicada em <em><strong>1918<\/strong><\/em>, em reportagem sobre um amistoso entre <em><strong>Serrano de Petr\u00f3polis<\/strong><\/em> e o <em><strong>Americano <\/strong><\/em>do Rio de Janeiro, lan\u00e7a uma d\u00favida sobre as verdadeiras cores da equipe da capital carioca. O escudo que circula pela internet coloca a equipe alviverde, mas a foto n\u00e3o deixa d\u00favidas que a equipe \u00e9 tricolor.<\/mark><\/p>\n","protected":false},"excerpt":{"rendered":"<p>Esta foto publicada em 1918, em reportagem sobre um amistoso entre Serrano de Petr\u00f3polis e o Americano do Rio de Janeiro, lan\u00e7a uma d\u00favida sobre as verdadeiras cores da equipe da capital carioca. O escudo que circula pela internet coloca a equipe alviverde, mas a foto n\u00e3o deixa d\u00favidas que a equipe \u00e9 tricolor.<\/p>\n","protected":false},"author":6,"featured_media":0,"comment_status":"open","ping_status":"closed","sticky":false,"template":"","format":"standard","meta":{"footnotes":""},"categories":[96,83,345,47],"tags":[],"class_list":["post-116243","post","type-post","status-publish","format-standard","hentry","category-julio-diogo","category-x9-curiosidades","category-fotos-historicas","category-rio-de-janeiro"],"_links":{"self":[{"href":"https:\/\/historiadofutebol.com\/blog\/index.php?rest_route=\/wp\/v2\/posts\/116243","targetHints":{"allow":["GET"]}}],"collection":[{"href":"https:\/\/historiadofutebol.com\/blog\/index.php?rest_route=\/wp\/v2\/posts"}],"about":[{"href":"https:\/\/historiadofutebol.com\/blog\/index.php?rest_route=\/wp\/v2\/types\/post"}],"author":[{"embeddable":true,"href":"https:\/\/historiadofutebol.com\/blog\/index.php?rest_route=\/wp\/v2\/users\/6"}],"replies":[{"embeddable":true,"href":"https:\/\/historiadofutebol.com\/blog\/index.php?rest_route=%2Fwp%2Fv2%2Fcomments&post=116243"}],"version-history":[{"count":4,"href":"https:\/\/historiadofutebol.com\/blog\/index.php?rest_route=\/wp\/v2\/posts\/116243\/revisions"}],"predecessor-version":[{"id":135751,"href":"https:\/\/historiadofutebol.com\/blog\/index.php?rest_route=\/wp\/v2\/posts\/116243\/revisions\/135751"}],"wp:attachment":[{"href":"https:\/\/historiadofutebol.com\/blog\/index.php?rest_route=%2Fwp%2Fv2%2Fmedia&parent=116243"}],"wp:term":[{"taxonomy":"category","embeddable":true,"href":"https:\/\/historiadofutebol.com\/blog\/index.php?rest_route=%2Fwp%2Fv2%2Fcategories&post=116243"},{"taxonomy":"post_tag","embeddable":true,"href":"https:\/\/historiadofutebol.com\/blog\/index.php?rest_route=%2Fwp%2Fv2%2Ftags&post=116243"}],"curies":[{"name":"wp","href":"https:\/\/api.w.org\/{rel}","templated":true}]}}