{"id":116021,"date":"2018-01-15T15:23:50","date_gmt":"2018-01-15T17:23:50","guid":{"rendered":"https:\/\/historiadofutebol.com\/blog\/?p=116021"},"modified":"2018-01-15T15:23:50","modified_gmt":"2018-01-15T17:23:50","slug":"palmares-futebol-clube-palmares-pe-sete-participacoes-no-estadual-da-2%c2%aa-divisao","status":"publish","type":"post","link":"https:\/\/historiadofutebol.com\/blog\/?p=116021","title":{"rendered":"Palmares Futebol Clube &#8211; Palmares (PE): Sete participa\u00e7\u00f5es no Estadual da 2\u00aa Divis\u00e3o"},"content":{"rendered":"<p><em><img loading=\"lazy\" decoding=\"async\" class=\"aligncenter\" title=\"006\" src=\"https:\/\/historiadofutebol.com\/blog\/wp-content\/uploads\/2018\/01\/006-500x203.jpg\" alt=\"\" width=\"500\" height=\"203\" \/><\/em><\/p>\n<p>O <strong>Palmares Futebol Clube<\/strong> \u00e9 uma agremia\u00e7\u00e3o do Munic\u00edpio de Palmares <em>(128 km da capital Recife)<\/em>, no estado de Pernambuco. O <strong><em>&#8216;Zumbi&#8217;<\/em><\/strong> foi <strong>Fundado na sexta-feira, do dia 09 de Junho de 1995<\/strong>. A sua <strong><em>Sede<\/em><\/strong> est\u00e1 localizada na <em>Rua Vicente Pereira de Brito, n\u00ba 434, no Bairro Santa Luzia, em Palmares<\/em>.<\/p>\n<p>O clube manda os seus jogos no <strong><em>Est\u00e1dio Municipal Ulysses Arcanjo de Oliveira<\/em><\/strong>, popularmente conhecido como <strong><em>Ulyss\u00e3o<\/em><\/strong>, com <strong><em>Capacidade para 3 mil pessoas<\/em><\/strong>, em <strong><em>Palmares<\/em><\/strong>.<\/p>\n<p>A equipe participa de competi\u00e7\u00f5es amadoras e profissionais mas, nunca chegou a elite do Campeonato Estadual. Mesmo sem muitos incentivos financeiros, <strong>Palmares<\/strong> vem tendo resultados aceit\u00e1veis nos campeonatos que disputa.<\/p>\n<p>O time de futebol principal j\u00e1 realizou amistosos contra grandes equipes como: <strong><em>Sport Recife<\/em><\/strong>, <strong><em>N\u00e1utico Capibaribe<\/em><\/strong> e <strong><em>Santa Cruz<\/em><\/strong>. H\u00e1 tamb\u00e9m uma escolinha de futebol que seleciona futuros atletas.<\/p>\n<p>O <strong>Palmares <\/strong>participou sete vezes do <strong><em>Campeonato Pernambucano da S\u00e9rie A2<\/em><\/strong> <strong><em>(Segunda Divis\u00e3o)<\/em><\/strong>, organizado pela <strong><em>FPF<\/em><\/strong> <strong><em>(Federa\u00e7\u00e3o Pernambucana de Futebol)<\/em><\/strong>: <strong><em>1998<\/em><\/strong> <em>(4\u00ba lugar), <strong>2000<\/strong> (12\u00aa posi\u00e7\u00e3o), <strong>2001<\/strong> (desistiu dias antes do in\u00edcio da competi\u00e7\u00e3o), <strong>2003<\/strong> (12\u00ba lugar), <strong>2004<\/strong> (6\u00aa coloca\u00e7\u00e3o), <strong>2005<\/strong> (17\u00ba lugar), <strong>2007<\/strong> (19\u00aa posi\u00e7\u00e3o) e <strong>2012<\/strong> (9\u00ba lugar)<\/em>.<\/p>\n<p>Na <strong><em>Copa Pernambuco de Futebol<\/em><\/strong>, foram tr\u00eas edi\u00e7\u00f5es: <strong><em>2003<\/em><\/strong><em> (12\u00ba lugar), <strong>2007<\/strong> (13\u00aa coloca\u00e7\u00e3o) e <strong>2014<\/strong> (6\u00ba lugar)<\/em>. O <strong>Palmares Futebol Clube<\/strong> tamb\u00e9m esteve presente em uma oportunidade na <strong><em>Copa do Interior<\/em><\/strong>, em <strong><em>2015<\/em><\/strong>, terminando na <em>4\u00aa posi\u00e7\u00e3o<\/em>.<\/p>\n<p><strong><em>FONTES:<\/em><\/strong><em> Wikip\u00e9dia &#8211; Rsssf Brasil<br \/>\n<\/em><\/p>\n","protected":false},"excerpt":{"rendered":"<p>O Palmares Futebol Clube \u00e9 uma agremia\u00e7\u00e3o do Munic\u00edpio de Palmares (128 km da capital Recife), no estado de Pernambuco. O &#8216;Zumbi&#8217; foi Fundado na sexta-feira, do dia 09 de Junho de 1995. A sua Sede est\u00e1 localizada na Rua Vicente Pereira de Brito, n\u00ba 434, no Bairro Santa Luzia, em Palmares. O clube manda [&hellip;]<\/p>\n","protected":false},"author":55,"featured_media":0,"comment_status":"open","ping_status":"closed","sticky":false,"template":"","format":"standard","meta":{"footnotes":""},"categories":[203,531,83,59,3,43],"tags":[],"class_list":["post-116021","post","type-post","status-publish","format-standard","hentry","category-sergio-mello","category-carencias","category-x9-curiosidades","category-escudos","category-historia-do-futebol","category-pernambuco"],"_links":{"self":[{"href":"https:\/\/historiadofutebol.com\/blog\/index.php?rest_route=\/wp\/v2\/posts\/116021","targetHints":{"allow":["GET"]}}],"collection":[{"href":"https:\/\/historiadofutebol.com\/blog\/index.php?rest_route=\/wp\/v2\/posts"}],"about":[{"href":"https:\/\/historiadofutebol.com\/blog\/index.php?rest_route=\/wp\/v2\/types\/post"}],"author":[{"embeddable":true,"href":"https:\/\/historiadofutebol.com\/blog\/index.php?rest_route=\/wp\/v2\/users\/55"}],"replies":[{"embeddable":true,"href":"https:\/\/historiadofutebol.com\/blog\/index.php?rest_route=%2Fwp%2Fv2%2Fcomments&post=116021"}],"version-history":[{"count":2,"href":"https:\/\/historiadofutebol.com\/blog\/index.php?rest_route=\/wp\/v2\/posts\/116021\/revisions"}],"predecessor-version":[{"id":116024,"href":"https:\/\/historiadofutebol.com\/blog\/index.php?rest_route=\/wp\/v2\/posts\/116021\/revisions\/116024"}],"wp:attachment":[{"href":"https:\/\/historiadofutebol.com\/blog\/index.php?rest_route=%2Fwp%2Fv2%2Fmedia&parent=116021"}],"wp:term":[{"taxonomy":"category","embeddable":true,"href":"https:\/\/historiadofutebol.com\/blog\/index.php?rest_route=%2Fwp%2Fv2%2Fcategories&post=116021"},{"taxonomy":"post_tag","embeddable":true,"href":"https:\/\/historiadofutebol.com\/blog\/index.php?rest_route=%2Fwp%2Fv2%2Ftags&post=116021"}],"curies":[{"name":"wp","href":"https:\/\/api.w.org\/{rel}","templated":true}]}}