{"id":113148,"date":"2017-11-03T09:09:53","date_gmt":"2017-11-03T11:09:53","guid":{"rendered":"https:\/\/historiadofutebol.com\/blog\/?p=113148"},"modified":"2017-11-03T09:10:08","modified_gmt":"2017-11-03T11:10:08","slug":"foto-historica-associacao-atletica-pederneiras-pederneiras-sp-1946","status":"publish","type":"post","link":"https:\/\/historiadofutebol.com\/blog\/?p=113148","title":{"rendered":"Foto Hist\u00f3rica &#8211; Associa\u00e7\u00e3o Atl\u00e9tica Pederneiras (Pederneiras-SP) &#8211; 1946"},"content":{"rendered":"<div id=\"attachment_113149\" style=\"width: 775px\" class=\"wp-caption aligncenter\"><a href=\"https:\/\/historiadofutebol.com\/blog\/?attachment_id=113149\" rel=\"attachment wp-att-113149\"><img loading=\"lazy\" decoding=\"async\" aria-describedby=\"caption-attachment-113149\" class=\"size-full wp-image-113149\" title=\"1\" src=\"https:\/\/historiadofutebol.com\/blog\/wp-content\/uploads\/2017\/11\/121.jpg\" alt=\"\" width=\"765\" height=\"514\" srcset=\"https:\/\/historiadofutebol.com\/blog\/wp-content\/uploads\/2017\/11\/121.jpg 765w, https:\/\/historiadofutebol.com\/blog\/wp-content\/uploads\/2017\/11\/121-300x201.jpg 300w, https:\/\/historiadofutebol.com\/blog\/wp-content\/uploads\/2017\/11\/121-500x335.jpg 500w\" sizes=\"auto, (max-width: 765px) 100vw, 765px\" \/><\/a><p id=\"caption-attachment-113149\" class=\"wp-caption-text\">Fonte: Gazeta Esportiva - SP<\/p><\/div>\n","protected":false},"excerpt":{"rendered":"","protected":false},"author":6,"featured_media":0,"comment_status":"open","ping_status":"closed","sticky":false,"template":"","format":"standard","meta":{"footnotes":""},"categories":[96,345,51],"tags":[],"class_list":["post-113148","post","type-post","status-publish","format-standard","hentry","category-julio-diogo","category-fotos-historicas","category-sao-paulo"],"_links":{"self":[{"href":"https:\/\/historiadofutebol.com\/blog\/index.php?rest_route=\/wp\/v2\/posts\/113148","targetHints":{"allow":["GET"]}}],"collection":[{"href":"https:\/\/historiadofutebol.com\/blog\/index.php?rest_route=\/wp\/v2\/posts"}],"about":[{"href":"https:\/\/historiadofutebol.com\/blog\/index.php?rest_route=\/wp\/v2\/types\/post"}],"author":[{"embeddable":true,"href":"https:\/\/historiadofutebol.com\/blog\/index.php?rest_route=\/wp\/v2\/users\/6"}],"replies":[{"embeddable":true,"href":"https:\/\/historiadofutebol.com\/blog\/index.php?rest_route=%2Fwp%2Fv2%2Fcomments&post=113148"}],"version-history":[{"count":2,"href":"https:\/\/historiadofutebol.com\/blog\/index.php?rest_route=\/wp\/v2\/posts\/113148\/revisions"}],"predecessor-version":[{"id":113151,"href":"https:\/\/historiadofutebol.com\/blog\/index.php?rest_route=\/wp\/v2\/posts\/113148\/revisions\/113151"}],"wp:attachment":[{"href":"https:\/\/historiadofutebol.com\/blog\/index.php?rest_route=%2Fwp%2Fv2%2Fmedia&parent=113148"}],"wp:term":[{"taxonomy":"category","embeddable":true,"href":"https:\/\/historiadofutebol.com\/blog\/index.php?rest_route=%2Fwp%2Fv2%2Fcategories&post=113148"},{"taxonomy":"post_tag","embeddable":true,"href":"https:\/\/historiadofutebol.com\/blog\/index.php?rest_route=%2Fwp%2Fv2%2Ftags&post=113148"}],"curies":[{"name":"wp","href":"https:\/\/api.w.org\/{rel}","templated":true}]}}