{"id":112769,"date":"2017-10-30T19:53:25","date_gmt":"2017-10-30T21:53:25","guid":{"rendered":"https:\/\/historiadofutebol.com\/blog\/?p=112769"},"modified":"2017-10-30T21:03:37","modified_gmt":"2017-10-30T23:03:37","slug":"amistoso-nacional-de-1990-gremio-sao-carlense-sp-3-x-2-vasco-da-gama-rj","status":"publish","type":"post","link":"https:\/\/historiadofutebol.com\/blog\/?p=112769","title":{"rendered":"Amistoso nacional, de 1990: Gr\u00eamio S\u00e3ocarlense (SP)  3  x  2  Vasco da Gama (RJ)"},"content":{"rendered":"<p><strong>\u00a0<\/strong><\/p>\n<table width=\"532\" border=\"0\" cellspacing=\"0\" cellpadding=\"0\">\n<tbody>\n<tr>\n<td colspan=\"2\" width=\"193\">\n<p align=\"center\"><strong>GR\u00caMIO S\u00c3OCARLENSE<\/strong><\/p>\n<\/td>\n<td width=\"22\">\n<p align=\"center\"><strong>3<\/strong><\/p>\n<\/td>\n<td width=\"24\">\n<p align=\"center\"><strong>X<\/strong><\/p>\n<\/td>\n<td width=\"22\">\n<p align=\"center\"><strong>2<\/strong><\/p>\n<\/td>\n<td width=\"270\">\n<p align=\"center\"><strong>VASCO DA GAMA<\/strong><\/p>\n<\/td>\n<\/tr>\n<tr>\n<td width=\"137\"><strong>LOCAL<\/strong><\/td>\n<td colspan=\"5\" width=\"395\">Est\u00e1dio Lu\u00eds Augusto de Oliveira, o &#8220;Luis\u00e3o&#8221;, em S\u00e3o Carlos\/SP<\/td>\n<\/tr>\n<tr>\n<td width=\"137\"><strong>CAR\u00c1TER<\/strong><\/td>\n<td colspan=\"5\" width=\"395\">Amistoso Nacional<\/td>\n<\/tr>\n<tr>\n<td width=\"137\"><strong>DATA<\/strong><\/td>\n<td colspan=\"5\" width=\"395\">Domingo, no dia 1\u00ba de Julho de 1990<\/td>\n<\/tr>\n<tr>\n<td width=\"137\"><strong>HOR\u00c1RIO<\/strong><\/td>\n<td colspan=\"5\" width=\"395\">10 horas da manh\u00e3<\/td>\n<\/tr>\n<tr>\n<td width=\"137\"><strong>\u00c1RBITRO<\/strong><\/td>\n<td colspan=\"5\" width=\"395\">N\u00e3o mencionado<\/td>\n<\/tr>\n<tr>\n<td width=\"137\"><strong>S\u00c3O CARLENSE<\/strong><\/td>\n<td colspan=\"5\" width=\"395\">Narezzi; Zeti, Darci, Pinheirense e Toninho Paran\u00e1; Ercides, Paulo Leme e Leba; Carlos Alberto, Manguinha e Man\u00e9.<\/td>\n<\/tr>\n<tr>\n<td width=\"137\"><strong>VASCO <\/strong><\/td>\n<td colspan=\"5\" width=\"395\">Regis; Marco Aurelio Ayupe, C\u00e9lio Silva, Qui\u00f1ones e C\u00e1ssio; Z\u00e9 do Carmo, Andrade e Tornado; Sorato, Sonny Anderson e William. <strong>T\u00e9cnico:<\/strong> Alcir Portela<\/td>\n<\/tr>\n<tr>\n<td width=\"137\"><strong>GOLS<\/strong><\/td>\n<td colspan=\"5\" width=\"395\">Paulo Leme aos 10 e 35 minutos (S\u00e3ocarlense), no 1\u00ba Tempo; Manguinha (S\u00e3ocarlense); William aos 11 minutos (Vasco); Sorato aos 45 minutos (Vasco).<\/td>\n<\/tr>\n<tr>\n<td width=\"137\"><strong><em>CURIOSIDADE<\/em><\/strong><\/td>\n<td colspan=\"5\" width=\"395\"><em>O atacante da S\u00e3ocarlense, Leba \u00e9 irm\u00e3o de Muller, que jogou as Copas do Mundo de 1986, 1990 e 1994.<\/em><\/td>\n<\/tr>\n<tr>\n<td width=\"137\"><\/td>\n<td width=\"56\"><\/td>\n<td width=\"22\"><\/td>\n<td width=\"24\"><\/td>\n<td width=\"22\"><\/td>\n<td width=\"270\"><\/td>\n<\/tr>\n<\/tbody>\n<\/table>\n<p>&nbsp;<\/p>\n<p><strong><em>FONTES:<\/em><\/strong><em> Jornal dos Sports &#8211; Tribuna da Imprensa &#8211; Jornal do Commercio<\/em><\/p>\n","protected":false},"excerpt":{"rendered":"<p>\u00a0 GR\u00caMIO S\u00c3OCARLENSE 3 X 2 VASCO DA GAMA LOCAL Est\u00e1dio Lu\u00eds Augusto de Oliveira, o &#8220;Luis\u00e3o&#8221;, em S\u00e3o Carlos\/SP CAR\u00c1TER Amistoso Nacional DATA Domingo, no dia 1\u00ba de Julho de 1990 HOR\u00c1RIO 10 horas da manh\u00e3 \u00c1RBITRO N\u00e3o mencionado S\u00c3O CARLENSE Narezzi; Zeti, Darci, Pinheirense e Toninho Paran\u00e1; Ercides, Paulo Leme e Leba; Carlos [&hellip;]<\/p>\n","protected":false},"author":55,"featured_media":0,"comment_status":"open","ping_status":"closed","sticky":false,"template":"","format":"standard","meta":{"footnotes":""},"categories":[203,83,3,47,76,51],"tags":[],"class_list":["post-112769","post","type-post","status-publish","format-standard","hentry","category-sergio-mello","category-x9-curiosidades","category-historia-do-futebol","category-rio-de-janeiro","category-antigo-estado-do-rio","category-sao-paulo"],"_links":{"self":[{"href":"https:\/\/historiadofutebol.com\/blog\/index.php?rest_route=\/wp\/v2\/posts\/112769","targetHints":{"allow":["GET"]}}],"collection":[{"href":"https:\/\/historiadofutebol.com\/blog\/index.php?rest_route=\/wp\/v2\/posts"}],"about":[{"href":"https:\/\/historiadofutebol.com\/blog\/index.php?rest_route=\/wp\/v2\/types\/post"}],"author":[{"embeddable":true,"href":"https:\/\/historiadofutebol.com\/blog\/index.php?rest_route=\/wp\/v2\/users\/55"}],"replies":[{"embeddable":true,"href":"https:\/\/historiadofutebol.com\/blog\/index.php?rest_route=%2Fwp%2Fv2%2Fcomments&post=112769"}],"version-history":[{"count":2,"href":"https:\/\/historiadofutebol.com\/blog\/index.php?rest_route=\/wp\/v2\/posts\/112769\/revisions"}],"predecessor-version":[{"id":112776,"href":"https:\/\/historiadofutebol.com\/blog\/index.php?rest_route=\/wp\/v2\/posts\/112769\/revisions\/112776"}],"wp:attachment":[{"href":"https:\/\/historiadofutebol.com\/blog\/index.php?rest_route=%2Fwp%2Fv2%2Fmedia&parent=112769"}],"wp:term":[{"taxonomy":"category","embeddable":true,"href":"https:\/\/historiadofutebol.com\/blog\/index.php?rest_route=%2Fwp%2Fv2%2Fcategories&post=112769"},{"taxonomy":"post_tag","embeddable":true,"href":"https:\/\/historiadofutebol.com\/blog\/index.php?rest_route=%2Fwp%2Fv2%2Ftags&post=112769"}],"curies":[{"name":"wp","href":"https:\/\/api.w.org\/{rel}","templated":true}]}}