{"id":112120,"date":"2017-10-17T00:32:50","date_gmt":"2017-10-17T02:32:50","guid":{"rendered":"https:\/\/historiadofutebol.com\/blog\/?p=112120"},"modified":"2017-10-17T01:16:02","modified_gmt":"2017-10-17T03:16:02","slug":"barreirinha-futebol-e-regatas-de-paqueta-rio-de-janeiro-rj-tres-edicoes-no-d-a-da-decada-de-60","status":"publish","type":"post","link":"https:\/\/historiadofutebol.com\/blog\/?p=112120","title":{"rendered":"Barreirinha Futebol e Regatas, de Paquet\u00e1 &#8211; Rio de Janeiro (RJ): Tr\u00eas edi\u00e7\u00f5es no D.A. da d\u00e9cada de 60"},"content":{"rendered":"<p><img loading=\"lazy\" decoding=\"async\" class=\"aligncenter size-large wp-image-112121\" title=\"00 51\" src=\"https:\/\/historiadofutebol.com\/blog\/wp-content\/uploads\/2017\/10\/00-51-500x205.jpg\" alt=\"\" width=\"500\" height=\"205\" srcset=\"https:\/\/historiadofutebol.com\/blog\/wp-content\/uploads\/2017\/10\/00-51-500x205.jpg 500w, https:\/\/historiadofutebol.com\/blog\/wp-content\/uploads\/2017\/10\/00-51-300x123.jpg 300w, https:\/\/historiadofutebol.com\/blog\/wp-content\/uploads\/2017\/10\/00-51.jpg 1254w\" sizes=\"auto, (max-width: 500px) 100vw, 500px\" \/><\/p>\n<p>O <strong>Barreirinha Futebol e Regatas<\/strong> \u00e9 uma agremia\u00e7\u00e3o da cidade do Rio de Janeiro (RJ). A sua <strong><em>Sede<\/em><\/strong> est\u00e1 localizada na <em>Rua Pinheiro Freire, n\u00ba 20, na pacata Ilha de Paquet\u00e1, situado na Zona Central do Rio<\/em>. O <strong><em>Rubro-negro Paquetaense<\/em><\/strong> foi <strong>Fundado em 1949<\/strong>.<\/p>\n<div id=\"attachment_112122\" style=\"width: 922px\" class=\"wp-caption aligncenter\"><img loading=\"lazy\" decoding=\"async\" aria-describedby=\"caption-attachment-112122\" class=\"size-full wp-image-112122\" title=\"009\" src=\"https:\/\/historiadofutebol.com\/blog\/wp-content\/uploads\/2017\/10\/0091.jpg\" alt=\"\" width=\"912\" height=\"480\" srcset=\"https:\/\/historiadofutebol.com\/blog\/wp-content\/uploads\/2017\/10\/0091.jpg 912w, https:\/\/historiadofutebol.com\/blog\/wp-content\/uploads\/2017\/10\/0091-300x157.jpg 300w, https:\/\/historiadofutebol.com\/blog\/wp-content\/uploads\/2017\/10\/0091-500x263.jpg 500w\" sizes=\"auto, (max-width: 912px) 100vw, 912px\" \/><p id=\"caption-attachment-112122\" class=\"wp-caption-text\">Fachada da sede<\/p><\/div>\n<p><strong>Campe\u00e3o Estadual Amador de 1963<\/strong><\/p>\n<p>Em <strong><em>outubro de 1963<\/em><\/strong>, o <strong>Barreirinha<\/strong> se sagrou <strong><em>Campe\u00e3o<\/em><\/strong> do <strong><em>I Campeonato de Futebol Amador do Governo do Estado do Rio de Janeiro &#8220;Ta\u00e7a Governo do Estado&#8221;<\/em><\/strong>.<\/p>\n<p>A competi\u00e7\u00e3o contou com a impressionante participa\u00e7\u00e3o de <strong><em>376 clubes<\/em><\/strong> de todo o Estado do Rio de Janeiro. Em <strong><em>1964<\/em><\/strong>, o <strong><em>campe\u00e3o<\/em><\/strong> foi o <strong><em>Bandeirantes Futebol Clube<\/em><\/strong>, enquanto o <strong><em>Monte Castelo<\/em><\/strong> ficou com o <strong><em>vice<\/em><\/strong>.<\/p>\n<p>O t\u00edtulo foi confirmado na vit\u00f3ria diante do <strong><em>Progressista<\/em><\/strong>, na \u00faltima rodada, no <strong><em>Est\u00e1dio Aniceto Moscoso<\/em><\/strong>, na <em>Rua Conselheiro Galv\u00e3o, em Madureira, na Zona Norte do Rio<\/em>. A partida teve in\u00edcio \u00e0s <em>15h15<\/em>, com o trio de arbitragem formado pelo <em>\u00e1rbitro Otac\u00edlio Soares<\/em> e os <em>seus auxiliares: Afonso Jorge Hauat e Walter Santos<\/em>.<\/p>\n<p>Na cerim\u00f4nia de premia\u00e7\u00e3o, <em>no s\u00e1bado, do dia 09 de novembro de 1963<\/em>, \u00e0s 19h30, no <em>Gin\u00e1sio do Maracan\u00e3zinho<\/em>, o trof\u00e9u foi entregue ao capit\u00e3o do clube pelo pol\u00eamico jornalista e pol\u00edtico <em>Carlos Lacerda<\/em>. O evento contou com a exibi\u00e7\u00e3o da <strong><em>Escola de Samba Esta\u00e7\u00e3o Primeira de Mangueira<\/em><\/strong>. Em 1967, 1968 e 1969 o <strong><em>Rubro-negro Paquetaense<\/em><\/strong> participou do <strong><em>Campeonato Carioca do Departamento Aut\u00f4nomo<\/em><\/strong>.<\/p>\n<p><img loading=\"lazy\" decoding=\"async\" class=\"aligncenter size-full wp-image-112123\" title=\"22553670_1142860342516558_649043560_o\" src=\"https:\/\/historiadofutebol.com\/blog\/wp-content\/uploads\/2017\/10\/22553670_1142860342516558_649043560_o.jpg\" alt=\"\" width=\"1116\" height=\"720\" srcset=\"https:\/\/historiadofutebol.com\/blog\/wp-content\/uploads\/2017\/10\/22553670_1142860342516558_649043560_o.jpg 1116w, https:\/\/historiadofutebol.com\/blog\/wp-content\/uploads\/2017\/10\/22553670_1142860342516558_649043560_o-300x193.jpg 300w, https:\/\/historiadofutebol.com\/blog\/wp-content\/uploads\/2017\/10\/22553670_1142860342516558_649043560_o-500x322.jpg 500w\" sizes=\"auto, (max-width: 1116px) 100vw, 1116px\" \/><\/p>\n<p><strong>Foto <em>(acima)<\/em>, <\/strong>dos anos 60.<strong> Em PE (esquerda pra direita):<\/strong> Juquinha, Z\u00e9 Carlos, Beta,Jim, Bub,Cielio e o T\u00e9cnico Ivo. <strong>AGACHADOS (esquerda pra direita):<\/strong> Paulinho, Noel, Gerson, C\u00e9lio e Roberto.<\/p>\n<p style=\"text-align: center;\"><strong>Algumas Forma\u00e7\u00f5es<\/strong><\/p>\n<p><strong>Time-base de 1950:<\/strong> Cid; Caico e Waldir; Paulo, Mario e Carlos; Jaj\u00e1 (Peru), Jolar, Cepo (Niltinho), Nilo (Zez\u00e9) e Mi\u00fado.<\/p>\n<p><strong>Time-base de 1952:<\/strong> Ivo; Caico e Osmar; Haroldo, Jolar e Janu\u00e1rio; Olivio, Mario, Alair, Nilo e Darci.<\/p>\n<p><strong>Time-base de 1955:<\/strong> Bira; Caico e Waldir; Juquinha, Haroldo e Edson; Darci, Saquarema, Elaide, Dilson e Zezinho.<\/p>\n<p><strong>Time-base de 1957:<\/strong> Ivo; Caico e Waldir; Juquinha, Delson e Janu\u00e1rio; Adilson, Waltinho, Lessa, Heladio e Zezinho.<\/p>\n<p><strong>Time-base de 1963:<\/strong> Bira; Tunga, Ta\u00edco, Odir e Figueiredo; Delcio e Darcy; Lula, Vico, Walter e Get\u00falio.<\/p>\n<p>&nbsp;<\/p>\n<div id=\"attachment_112127\" style=\"width: 1150px\" class=\"wp-caption aligncenter\"><img loading=\"lazy\" decoding=\"async\" aria-describedby=\"caption-attachment-112127\" class=\"size-full wp-image-112127\" title=\"Barreirinha 1957\" src=\"https:\/\/historiadofutebol.com\/blog\/wp-content\/uploads\/2017\/10\/Barreirinha-1957-.jpg\" alt=\"\" width=\"1140\" height=\"964\" srcset=\"https:\/\/historiadofutebol.com\/blog\/wp-content\/uploads\/2017\/10\/Barreirinha-1957-.jpg 1140w, https:\/\/historiadofutebol.com\/blog\/wp-content\/uploads\/2017\/10\/Barreirinha-1957--300x253.jpg 300w, https:\/\/historiadofutebol.com\/blog\/wp-content\/uploads\/2017\/10\/Barreirinha-1957--500x422.jpg 500w\" sizes=\"auto, (max-width: 1140px) 100vw, 1140px\" \/><p id=\"caption-attachment-112127\" class=\"wp-caption-text\">Reportagem de 1957<\/p><\/div>\n<p><img loading=\"lazy\" decoding=\"async\" class=\"aligncenter size-full wp-image-112129\" title=\"00 65\" src=\"https:\/\/historiadofutebol.com\/blog\/wp-content\/uploads\/2017\/10\/00-651.jpg\" alt=\"\" width=\"392\" height=\"580\" srcset=\"https:\/\/historiadofutebol.com\/blog\/wp-content\/uploads\/2017\/10\/00-651.jpg 392w, https:\/\/historiadofutebol.com\/blog\/wp-content\/uploads\/2017\/10\/00-651-202x300.jpg 202w, https:\/\/historiadofutebol.com\/blog\/wp-content\/uploads\/2017\/10\/00-651-337x500.jpg 337w, https:\/\/historiadofutebol.com\/blog\/wp-content\/uploads\/2017\/10\/00-651-300x443.jpg 300w\" sizes=\"auto, (max-width: 392px) 100vw, 392px\" \/><\/p>\n<p style=\"text-align: center;\"><strong>Revela\u00e7\u00e3o: Nilo, campe\u00e3o Carioca em 1960 pelo Am\u00e9rica \u00a0<\/strong><\/p>\n<p>O <strong><em>Barreirinha de Paquet\u00e1<\/em><\/strong> surgiu em 1949, e na sua primeira forma\u00e7\u00e3o apresentou um craque para o futebol brasileiro: <em>Nascido em 20 de Janeiro de 1932<\/em>, <strong><em>Nilo Alves da Cunha<\/em><\/strong>, o <strong><em>Nilo<\/em><\/strong>, ponta-esquerda campe\u00e3o carioca de 1960 pelo <strong><em>Am\u00e9rica<\/em><\/strong>, morreu no dia 20 de dezembro de 2006, em Nil\u00f3polis (RJ).<\/p>\n<p>Jogou no <strong><em>Barreirinha de Paquet\u00e1<\/em><\/strong> dos 17 aos 23 anos. Em 1952, ingressou no juvenil do <strong><em>Flamengo<\/em><\/strong>, e depois se transferiu para o <strong><em>Bonsucesso Futebol Clube<\/em><\/strong>, entre 1955 a 1957; <strong><em>Am\u00e9rica<\/em><\/strong>, entre 1959 a 1964, e nesse per\u00edodo tamb\u00e9m defendeu o <strong><em>Palmeiras<\/em><\/strong>.<\/p>\n<p>No <strong>Bonsucesso<\/strong>, onde atuou pela primeira vez ao lado do goleiro <em>Ari<\/em> <em>(os dois ainda seriam juntos campe\u00f5es cariocas pelo Am\u00e9rica)<\/em>. Ele veio para o <strong><em>Palmeiras<\/em><\/strong> na mesma transa\u00e7\u00e3o que trouxe <em>Djalma Dias<\/em> para o <strong><em>Palestra It\u00e1lia<\/em><\/strong>, em 1962.<\/p>\n<p>Pelo <em>Palmeiras<\/em>, Nilo atuou entre os anos de 1963 e 1964, realizou 50 jogos (33 vit\u00f3rias, 13 empates e 4 derrotas) e marcou 16 gols. Depois do <strong><em>Verd\u00e3o<\/em><\/strong>, <strong><em>Nilo<\/em><\/strong> foi para o <strong><em>Am\u00e9rica Mineiro<\/em><\/strong> e atuou ao lado do zagueiro <em>Aldemar<\/em>.<\/p>\n<p>O ex-ponta era conhecido por ter um &#8220;canh\u00e3o&#8221; no p\u00e9 esquerdo. Um gol de falta marcado &#8220;do meio da rua&#8221; no <strong><em>Botafogo<\/em><\/strong> do goleiro <em>Manga<\/em>, no Maracan\u00e3, n\u00e3o sai da mem\u00f3ria dos americanos.<\/p>\n<p><img loading=\"lazy\" decoding=\"async\" class=\"aligncenter size-full wp-image-112128\" title=\"22561290_1142861032516489_384231010_o\" src=\"https:\/\/historiadofutebol.com\/blog\/wp-content\/uploads\/2017\/10\/22561290_1142861032516489_384231010_o1.jpg\" alt=\"\" width=\"1115\" height=\"720\" srcset=\"https:\/\/historiadofutebol.com\/blog\/wp-content\/uploads\/2017\/10\/22561290_1142861032516489_384231010_o1.jpg 1115w, https:\/\/historiadofutebol.com\/blog\/wp-content\/uploads\/2017\/10\/22561290_1142861032516489_384231010_o1-300x193.jpg 300w, https:\/\/historiadofutebol.com\/blog\/wp-content\/uploads\/2017\/10\/22561290_1142861032516489_384231010_o1-500x322.jpg 500w\" sizes=\"auto, (max-width: 1115px) 100vw, 1115px\" \/><\/p>\n<p><strong>FOTO (Anos 60) &#8211;\u00a0<\/strong>\u00a0<strong>Da esquerda para a direita:<\/strong> Alfredo Maravilha, Ivo, Tunga, Bira, Caico, Delcio, Odir, Ouri\u00e7o, Zez\u00e9, Lula, Ivinho (Mascote), Waltinho, Darcy, Ferreirinha, Noel e Roque Freire.<\/p>\n<p><img loading=\"lazy\" decoding=\"async\" class=\"aligncenter size-full wp-image-112126\" title=\"Barreirinha 01-12-1963\" src=\"https:\/\/historiadofutebol.com\/blog\/wp-content\/uploads\/2017\/10\/Barreirinha-01-12-1963-.jpg\" alt=\"\" width=\"1060\" height=\"1660\" srcset=\"https:\/\/historiadofutebol.com\/blog\/wp-content\/uploads\/2017\/10\/Barreirinha-01-12-1963-.jpg 1060w, https:\/\/historiadofutebol.com\/blog\/wp-content\/uploads\/2017\/10\/Barreirinha-01-12-1963--191x300.jpg 191w, https:\/\/historiadofutebol.com\/blog\/wp-content\/uploads\/2017\/10\/Barreirinha-01-12-1963--319x500.jpg 319w, https:\/\/historiadofutebol.com\/blog\/wp-content\/uploads\/2017\/10\/Barreirinha-01-12-1963--300x469.jpg 300w\" sizes=\"auto, (max-width: 1060px) 100vw, 1060px\" \/><\/p>\n<p>Nesse jogo, o\u00a0<strong>Barreirinha<\/strong> venceu a <strong><em>Sele\u00e7\u00e3o de Amadores de Juiz de Fora<\/em><\/strong> pelo placar de 1 a 0.<\/p>\n<p>&nbsp;<\/p>\n<p>O <strong>Barreirinha<\/strong> jogou pela primeira vez no Maracan\u00e3, em 1951. O clube fez a preliminar do jogo entre <strong><em>Flamengo<\/em><\/strong> versus <strong><em>S\u00e3o Paulo<\/em><\/strong>, v\u00e1lido pelo <strong><em>Torneio Rio &#8211; S\u00e3o Paulo<\/em><\/strong>. O que ningu\u00e9m poderia imaginar \u00e9 que um jogador do clube de Paquet\u00e1 chamaria a aten\u00e7\u00e3o dos torcedores e jornalistas. O final dessa hist\u00f3ria \u00e9 surpreendente! Leiam a hist\u00f3ria na integra abaixo e entendam:<\/p>\n<p align=\"center\"><strong>Um &#8220;Extrema&#8221; do outro mundo&#8230; <\/strong><\/p>\n<p align=\"center\"><em>N\u00e3o ligava ao juiz\u00a0 e acabou quebrando a canela <\/em><\/p>\n<p align=\"center\"><em>do goleiro e sendo, afinal, expulso de campo<\/em><\/p>\n<p>\u00a0O <strong><em>Est\u00e1dio Municipal (Maracan\u00e3)<\/em><\/strong>, <em>no domingo, do dia 18 de mar\u00e7o de 1951<\/em>, \u00a0estava repleto de f\u00e3s de futebol, que ali foram para assistir ao jogo entre <strong><em>Flamengo<\/em><\/strong> e <strong><em>S\u00e3o Paulo<\/em><\/strong> <em>(vit\u00f3ria rubro-negra pelo placar de 4 a 2)<\/em>, pelo <strong><em>Torneio Rio &#8211; S\u00e3o Paulo<\/em><\/strong>.<\/p>\n<p>Como sempre acontece, havia uma preliminar, e essa foi jogada entre o <strong><em>Barreirinha de Paquet\u00e1<\/em><\/strong> e o <strong><em>Uni\u00e3o de Botafogo<\/em><\/strong>, encontro esse, ali\u00e1s, movimentado e apresentando por vezes fases jamais vistas em Football.<\/p>\n<p>Tudo ali aconteceu. O guardi\u00e3o do <strong><em>Uni\u00e3o de Botafogo<\/em><\/strong> foi para a Assist\u00eancia com a perna esquerda quebrada. O extrema esquerda do <strong><em>Barreirinha de Paquet\u00e1<\/em><\/strong>, quando pegava a bola, era um verdadeiro sucesso. O juiz podia apitar com todas as for\u00e7as do pulm\u00e3o, que o homem n\u00e3o parava nunca. Para ele n\u00e3o havia penalidades e tudo corria as mil maravilhas.<\/p>\n<p>Tamb\u00e9m tinha uma vantagem. N\u00e3o fazia nenhuma reclama\u00e7\u00e3o ao juiz da partida, n\u00e3o falava. E toda aquela multid\u00e3o ali n\u00e3o tinha explica\u00e7\u00e3o para tudo a que assistia. Quando o jogador do <strong><em>Barreirinha<\/em><\/strong>, pegava a bola, o est\u00e1dio vibrava.<\/p>\n<p>Aconteceu, por\u00e9m, que, em determinada ocasi\u00e3o, o &#8220;<em>famoso<\/em>&#8221; extrema esquerda conseguiu escapar e fechar sobre o &#8220;<em>gol<\/em>&#8220;. O arqueiro do<strong><em> Uni\u00e3o de Botafogo<\/em><\/strong>, num lance arrojado, jogou-se aos seus p\u00e9s.<\/p>\n<p>Antes, por\u00e9m, o juiz, j\u00e1 tinha apitado mais de trinta vezes. Mas o extrema esquerda n\u00e3o quis saber de nada,\u00a0 e aplicou uma falta no guardi\u00e3o, penalidade feia. O juiz apitou. Em v\u00e3o. O homem havia marcado o gol e deixara estendido, com a perna fraturada, Fernando Nascimento Cagenin, de 23 anos, funcion\u00e1rio dos Correios e Tel\u00e9grafos, residente a Pra\u00e7a Duque de Caxias, n\u00ba 233\/ 1\u00ba andar, e que era quem defendia o arco do <strong><em>Uni\u00e3o de Botafogo<\/em><\/strong>.<\/p>\n<p>O juiz, a esta altura, j\u00e1 indignado, fez gestos, expulsando o extrema esquerda de campo. Foi a \u00fanica vez em que ele o atendeu. No fim, o capit\u00e3o da equipe do <strong><em>Barreirinha de Paquet\u00e1<\/em><\/strong>, explicou tudo. O extrema esquerda era surdo-mudo.<\/p>\n<p>Fernando, foi levado para o Hospital e a\u00ed teve\u00a0 a perna engessada. Falando ao rep\u00f3rter sobre o antagonista, disse: &#8220;<em>Ele \u00e9 excelente rapaz. Ficou t\u00e3o nervoso e fez tantos gestos, quando soube o que me aconteceu, que chegou a me comover. Tenho at\u00e9 pena dele. Como deve estar sofrendo!<\/em>&#8221;<\/p>\n<p><img loading=\"lazy\" decoding=\"async\" class=\"aligncenter size-full wp-image-112124\" title=\"22554520_1142860495849876_1555541281_n\" src=\"https:\/\/historiadofutebol.com\/blog\/wp-content\/uploads\/2017\/10\/22554520_1142860495849876_1555541281_n.jpg\" alt=\"\" width=\"960\" height=\"720\" srcset=\"https:\/\/historiadofutebol.com\/blog\/wp-content\/uploads\/2017\/10\/22554520_1142860495849876_1555541281_n.jpg 960w, https:\/\/historiadofutebol.com\/blog\/wp-content\/uploads\/2017\/10\/22554520_1142860495849876_1555541281_n-300x225.jpg 300w, https:\/\/historiadofutebol.com\/blog\/wp-content\/uploads\/2017\/10\/22554520_1142860495849876_1555541281_n-500x375.jpg 500w\" sizes=\"auto, (max-width: 960px) 100vw, 960px\" \/><\/p>\n<p><strong><em>FONTES:<\/em><\/strong><em> Google Maps &#8211; A Manh\u00e3 &#8211; Correio da Manh\u00e3 &#8211; A Noite &#8211; Di\u00e1rio da Noite &#8211; Jornal do Commercio &#8211; Jornal dos Sports &#8211; O Jornal (RJ) &#8211; Andr\u00e9 Luiz Pereira Nunes\u00a0<\/em><\/p>\n","protected":false},"excerpt":{"rendered":"<p>O Barreirinha Futebol e Regatas \u00e9 uma agremia\u00e7\u00e3o da cidade do Rio de Janeiro (RJ). A sua Sede est\u00e1 localizada na Rua Pinheiro Freire, n\u00ba 20, na pacata Ilha de Paquet\u00e1, situado na Zona Central do Rio. O Rubro-negro Paquetaense foi Fundado em 1949. Campe\u00e3o Estadual Amador de 1963 Em outubro de 1963, o Barreirinha [&hellip;]<\/p>\n","protected":false},"author":55,"featured_media":0,"comment_status":"open","ping_status":"closed","sticky":false,"template":"","format":"standard","meta":{"footnotes":""},"categories":[203,531,83,59,345,3,47,76],"tags":[],"class_list":["post-112120","post","type-post","status-publish","format-standard","hentry","category-sergio-mello","category-carencias","category-x9-curiosidades","category-escudos","category-fotos-historicas","category-historia-do-futebol","category-rio-de-janeiro","category-antigo-estado-do-rio"],"_links":{"self":[{"href":"https:\/\/historiadofutebol.com\/blog\/index.php?rest_route=\/wp\/v2\/posts\/112120","targetHints":{"allow":["GET"]}}],"collection":[{"href":"https:\/\/historiadofutebol.com\/blog\/index.php?rest_route=\/wp\/v2\/posts"}],"about":[{"href":"https:\/\/historiadofutebol.com\/blog\/index.php?rest_route=\/wp\/v2\/types\/post"}],"author":[{"embeddable":true,"href":"https:\/\/historiadofutebol.com\/blog\/index.php?rest_route=\/wp\/v2\/users\/55"}],"replies":[{"embeddable":true,"href":"https:\/\/historiadofutebol.com\/blog\/index.php?rest_route=%2Fwp%2Fv2%2Fcomments&post=112120"}],"version-history":[{"count":6,"href":"https:\/\/historiadofutebol.com\/blog\/index.php?rest_route=\/wp\/v2\/posts\/112120\/revisions"}],"predecessor-version":[{"id":112135,"href":"https:\/\/historiadofutebol.com\/blog\/index.php?rest_route=\/wp\/v2\/posts\/112120\/revisions\/112135"}],"wp:attachment":[{"href":"https:\/\/historiadofutebol.com\/blog\/index.php?rest_route=%2Fwp%2Fv2%2Fmedia&parent=112120"}],"wp:term":[{"taxonomy":"category","embeddable":true,"href":"https:\/\/historiadofutebol.com\/blog\/index.php?rest_route=%2Fwp%2Fv2%2Fcategories&post=112120"},{"taxonomy":"post_tag","embeddable":true,"href":"https:\/\/historiadofutebol.com\/blog\/index.php?rest_route=%2Fwp%2Fv2%2Ftags&post=112120"}],"curies":[{"name":"wp","href":"https:\/\/api.w.org\/{rel}","templated":true}]}}