{"id":11210,"date":"2010-10-03T17:08:56","date_gmt":"2010-10-03T20:08:56","guid":{"rendered":"https:\/\/historiadofutebol.com\/blog\/?p=11210"},"modified":"2023-06-09T00:09:19","modified_gmt":"2023-06-09T03:09:19","slug":"recordar-e-viver-uberlandia-ec-1969","status":"publish","type":"post","link":"https:\/\/historiadofutebol.com\/blog\/?p=11210","title":{"rendered":"Recordar \u00e9 Viver! Uberl\u00e2ndia (MG) 1969"},"content":{"rendered":"\n<figure class=\"wp-block-image size-large is-resized\"><img loading=\"lazy\" decoding=\"async\" src=\"https:\/\/historiadofutebol.com\/blog\/wp-content\/uploads\/2023\/06\/Sem-titulo-500x327.jpg\" alt=\"\" class=\"wp-image-129938\" width=\"655\" height=\"428\" srcset=\"https:\/\/historiadofutebol.com\/blog\/wp-content\/uploads\/2023\/06\/Sem-titulo-500x327.jpg 500w, https:\/\/historiadofutebol.com\/blog\/wp-content\/uploads\/2023\/06\/Sem-titulo-300x196.jpg 300w, https:\/\/historiadofutebol.com\/blog\/wp-content\/uploads\/2023\/06\/Sem-titulo-768x502.jpg 768w, https:\/\/historiadofutebol.com\/blog\/wp-content\/uploads\/2023\/06\/Sem-titulo-624x408.jpg 624w, https:\/\/historiadofutebol.com\/blog\/wp-content\/uploads\/2023\/06\/Sem-titulo.jpg 930w\" sizes=\"auto, (max-width: 655px) 100vw, 655px\" \/><\/figure>\n\n\n<p><span style=\"color: #000000;\">Esta semana estive em <strong><em>Uberl\u00e2ndia<\/em><\/strong>, e resolvi postar a foto de um jogo da tradicional agremia\u00e7\u00e3o do tri\u00e2ngulo mineiro, contando com Vav\u00e1. aparentemente se trata de um jogo amistoso pois a <em><strong>foto<\/strong> <\/em>\u00e9 de<em><strong> domingo, do dia 13 de Julho de<\/strong> <strong>1969<\/strong><\/em>, e o <strong><em>Campeonato<\/em> <em>Mineiro<\/em><\/strong> j\u00e1 havia terminado.<\/span><\/p>\n<p>Na ocasi\u00e3o, o <em><strong>Corinthians<\/strong> <\/em>venceu o <strong><em>Uberl\u00e2ndia<\/em> <\/strong>por <strong><em>2 a 0<\/em><\/strong>. Os gols\u00a0<b><i>corintianos<\/i> <\/b>na partida foram marcados por <em>Tales<\/em> e <em>Lu\u00eds Carlos Feij\u00e3o<\/em>, um gol em cada tempo. O duelo foi realizado no Est\u00e1dio Juca Ribeiro, em Uberl\u00e2ndia\/MG. O <strong><em>p\u00fablico<\/em> <\/strong>foi de <strong><em>19.845 pagantes<\/em><\/strong> e a <strong><em>Renda<\/em> <\/strong>de <strong><em>52.450,00 cruzeiros novos<\/em><\/strong>.<\/p>\n<p><span style=\"color: #000000;\"><em>Vav\u00e1<\/em> havia deixado o <em>futebol norte-americano<\/em>, onde atuou por 11 meses, defendendo a equipe do <strong><em>Touros de San Diego<\/em><\/strong>. <em>Vav\u00e1<\/em> contou que nos Estados Unidos o futebol era muito deficit\u00e1rio e que ao final da temporada cada uma das <em>17 equipes<\/em> perderam ao redor de<em> 500 mil d\u00f3lares<\/em>. Ainda aconselhava os brasileiros a n\u00e3o investir no futebol de l\u00e1, pois ele s\u00f3 conseguiu trazer <em>250 d\u00f3lares<\/em>.<\/span><\/p>\n<p><span style=\"color: #000000;\">Mas voltando \u00e0 <strong><em>foto<\/em><\/strong>, essa equipe foi base que disputou o <strong><em>Campeonato<\/em> <em>Mineiro de 1969, <\/em><\/strong>onde o <strong><em>Cruzeiro<\/em> <\/strong>acabou conquistando o <strong><em>Estadual<\/em> <\/strong>com <em>tr\u00eas rodadas de anteced\u00eancia<\/em>.<\/span><\/p>\n<p><span style=\"color: #000000;\">Participaram as seguintes equipes:<strong><em><span style=\"color: #0000ff;\"> Cruzeiro (BH)<\/span>, <span style=\"color: #99cc00;\">Am\u00e9rica (BH)<\/span>, Atl\u00e9tico (BH), <span style=\"color: #ff0000;\">Val\u00e9rio (Itabira)<\/span>, <span style=\"color: #800000;\">Democrata (Sete Lagoas)<\/span>, Democrata (Gov. Valadares), Tupi (Juiz de Fora), <span style=\"color: #003366;\">Formiga (Formiga)<\/span>, <span style=\"color: #008000;\">Uberl\u00e2ndia<\/span>, <span style=\"color: #ff0000;\">Uberaba<\/span>, Arax\u00e1, <span style=\"color: #008000;\">Usipa (Ipatinga)<\/span>, Independente (Uberaba), <span style=\"color: #ff0000;\">Sete de Setembro (BH)<\/span>, <span style=\"color: #ff0000;\">Villa Nova (Nova Lima)<\/span> e Vila do Carmo (Barbacena)<\/em><\/strong>.<\/span><\/p>\n<p><span style=\"color: #000000;\">Sobre essa participa\u00e7\u00e3o do <em>Vav\u00e1<\/em>, pedirei ao amigo <em>\u00c2ngelo Pedrosa<\/em>, morador da cidade, ajuda para elucidar o advers\u00e1rio e demais dados dessa partida hist\u00f3rica. Abaixo, a placa que o atacante <em>Vav\u00e1<\/em> recebeu ap\u00f3s a partida diante do <strong><em>Corinthians Paulista<\/em><\/strong>.\u00a0<\/span><\/p>\n\n<div class=\"wp-block-image\">\n<figure class=\"aligncenter size-large is-resized\"><img loading=\"lazy\" decoding=\"async\" src=\"https:\/\/historiadofutebol.com\/blog\/wp-content\/uploads\/2023\/06\/17055250-500x311.jpg\" alt=\"\" class=\"wp-image-129944\" width=\"638\" height=\"397\" srcset=\"https:\/\/historiadofutebol.com\/blog\/wp-content\/uploads\/2023\/06\/17055250-500x311.jpg 500w, https:\/\/historiadofutebol.com\/blog\/wp-content\/uploads\/2023\/06\/17055250-300x187.jpg 300w, https:\/\/historiadofutebol.com\/blog\/wp-content\/uploads\/2023\/06\/17055250-768x478.jpg 768w, https:\/\/historiadofutebol.com\/blog\/wp-content\/uploads\/2023\/06\/17055250-624x388.jpg 624w, https:\/\/historiadofutebol.com\/blog\/wp-content\/uploads\/2023\/06\/17055250.jpg 1024w\" sizes=\"auto, (max-width: 638px) 100vw, 638px\" \/><figcaption class=\"wp-element-caption\"><strong>Os dizeres na Placa diz:<\/strong><br \/>\u201c<em>Esportes Imperial e a R\u00e1dio Cultura<\/em><br \/><em>Homenagem Vav\u00e1<\/em><br \/><em>Bi-campe\u00e3o Mundial,<\/em><br \/><em>Jogando pelo Uberl\u00e2ndia E.C.<\/em><br \/><em>13-7-69<\/em>\u201d<\/figcaption><\/figure><\/div>\n\n<div class=\"wp-block-image\">\n<figure class=\"aligncenter size-large is-resized\"><img loading=\"lazy\" decoding=\"async\" src=\"https:\/\/historiadofutebol.com\/blog\/wp-content\/uploads\/2023\/06\/uec-500x307.png\" alt=\"\" class=\"wp-image-129941\" width=\"650\" height=\"399\" srcset=\"https:\/\/historiadofutebol.com\/blog\/wp-content\/uploads\/2023\/06\/uec-500x307.png 500w, https:\/\/historiadofutebol.com\/blog\/wp-content\/uploads\/2023\/06\/uec-300x184.png 300w, https:\/\/historiadofutebol.com\/blog\/wp-content\/uploads\/2023\/06\/uec-624x383.png 624w, https:\/\/historiadofutebol.com\/blog\/wp-content\/uploads\/2023\/06\/uec.png 732w\" sizes=\"auto, (max-width: 650px) 100vw, 650px\" \/><figcaption class=\"wp-element-caption\"><em><strong><mark style=\"background-color:rgba(0, 0, 0, 0);color:#118131\" class=\"has-inline-color\">Na foto, os centroavantes do Uberl\u00e2ndia E.C.: Ferreira e Vav\u00e1<\/mark><\/strong><\/em><\/figcaption><\/figure><\/div>\n\n\n<h2 class=\"wp-block-heading has-text-align-center\"><strong><mark style=\"background-color:rgba(0, 0, 0, 0);color:#289812\" class=\"has-inline-color\">UBERL\u00c2NDIA E.C. (MG)<\/mark><mark style=\"background-color:rgba(0, 0, 0, 0);color:#000000\" class=\"has-inline-color\">\u00a0 0\u00a0\u00a0\u00a0\u00a0\u00a0\u00a0\u00a0\u00a0\u00a0 X\u00a0\u00a0\u00a0\u00a0\u00a0\u00a0\u00a0\u00a0 2\u00a0\u00a0\u00a0\u00a0\u00a0\u00a0\u00a0\u00a0\u00a0 S.C. CORINTHIANS (SP)<\/mark><\/strong><\/h2>\n\n\n<div class=\"wp-block-image\">\n<figure class=\"aligncenter size-large is-resized\"><img loading=\"lazy\" decoding=\"async\" src=\"https:\/\/historiadofutebol.com\/blog\/wp-content\/uploads\/2023\/06\/11811573_985652111486436_759143635257715777_n-500x281.jpg\" alt=\"\" class=\"wp-image-129915\" width=\"653\" height=\"367\" srcset=\"https:\/\/historiadofutebol.com\/blog\/wp-content\/uploads\/2023\/06\/11811573_985652111486436_759143635257715777_n-500x281.jpg 500w, https:\/\/historiadofutebol.com\/blog\/wp-content\/uploads\/2023\/06\/11811573_985652111486436_759143635257715777_n-300x169.jpg 300w, https:\/\/historiadofutebol.com\/blog\/wp-content\/uploads\/2023\/06\/11811573_985652111486436_759143635257715777_n-624x351.jpg 624w, https:\/\/historiadofutebol.com\/blog\/wp-content\/uploads\/2023\/06\/11811573_985652111486436_759143635257715777_n.jpg 640w\" sizes=\"auto, (max-width: 653px) 100vw, 653px\" \/><\/figure><\/div>\n\n\n<figure class=\"wp-block-table is-style-stripes\"><table><tbody><tr><td><strong>LOCAL<\/strong><\/td><td>Est\u00e1dio Juca Ribeiro, Uberl\u00e2ndia\/MG<\/td><\/tr><tr><td><strong>CAR\u00c1TER<\/strong><\/td><td>Amistoso Nacional de 1969<\/td><\/tr><tr><td><strong>DATA<\/strong><\/td><td>Domingo, do dia 13 de julho de 1969<\/td><\/tr><tr><td><strong>HOR\u00c1RIO<\/strong><\/td><td>16 horas (de Bras\u00edlia)<\/td><\/tr><tr><td><strong>RENDA<\/strong><\/td><td>NCr$ 52.450,00 <em>(cinquenta e dois mil e quatrocentos e cinquenta cruzeiros novos)<\/em>&nbsp;<\/td><\/tr><tr><td><strong>P\u00daBLICO<\/strong><\/td><td>19.845 pagantes<\/td><\/tr><tr><td><strong>\u00c1RBITRO<\/strong><\/td><td>Paulo C\u00e9sar<\/td><\/tr><tr><td><strong>CART\u00c3O VERMELHO<\/strong><\/td><td>Adnan aos 15 minutos do 2\u00ba tempo (Corinthians)<\/td><\/tr><tr><td><strong>UBERL\u00c2NDIA<\/strong><\/td><td>Louren\u00e7o; Wellington (Paulo), Dunga, Neriberto, Carlinhos e Alem\u00e3o; Ham\u00edlton e Arcanjo; Vav\u00e1 (Edgar Maia), Ferreira e Fazendeiro.<\/td><\/tr><tr><td><strong>CORINTHIANS<\/strong><\/td><td>Alexandre; Maciel, Mendes, Lu\u00eds Carlos e Pedro Rodrigues; Dirceu Alves e Suingue; Marcos (Serginho), Tales, Ben\u00ea (Lu\u00eds Carlos Feij\u00e3o) e Adnan.<\/td><\/tr><tr><td><strong>GOLS<\/strong><\/td><td>Tales aos 40 minutos (Corinthians), no 1\u00ba Tempo. Lu\u00eds Carlos Feij\u00e3o aos 35 minutos (Corinthians), no 2\u00ba Tempo.<\/td><\/tr><\/tbody><\/table><\/figure>\n\n\n\n<p><mark style=\"background-color:rgba(0, 0, 0, 0);color:#0a4f6f\" class=\"has-inline-color\"><em><strong><a href=\"FONTES:\">FONTES:<\/a><\/strong> Arquivo pessoal da cole\u00e7\u00e3o &#8220;Revista do Esporte&#8221;<\/em> <em>&#8211; Meu Tim\u00e3o &#8211; Di\u00e1rio da Noite (RJ)<\/em><\/mark><\/p>\n","protected":false},"excerpt":{"rendered":"<p>Esta semana estive em Uberl\u00e2ndia, e resolvi postar a foto de um jogo da tradicional agremia\u00e7\u00e3o do tri\u00e2ngulo mineiro, contando com Vav\u00e1. aparentemente se trata de um jogo amistoso pois a foto \u00e9 de domingo, do dia 13 de Julho de 1969, e o Campeonato Mineiro j\u00e1 havia terminado. Na ocasi\u00e3o, o Corinthians venceu o [&hellip;]<\/p>\n","protected":false},"author":55,"featured_media":0,"comment_status":"open","ping_status":"closed","sticky":false,"template":"","format":"standard","meta":{"footnotes":""},"categories":[203,128,3],"tags":[],"class_list":["post-11210","post","type-post","status-publish","format-standard","hentry","category-sergio-mello","category-marcos-galves-moreira","category-historia-do-futebol"],"_links":{"self":[{"href":"https:\/\/historiadofutebol.com\/blog\/index.php?rest_route=\/wp\/v2\/posts\/11210","targetHints":{"allow":["GET"]}}],"collection":[{"href":"https:\/\/historiadofutebol.com\/blog\/index.php?rest_route=\/wp\/v2\/posts"}],"about":[{"href":"https:\/\/historiadofutebol.com\/blog\/index.php?rest_route=\/wp\/v2\/types\/post"}],"author":[{"embeddable":true,"href":"https:\/\/historiadofutebol.com\/blog\/index.php?rest_route=\/wp\/v2\/users\/55"}],"replies":[{"embeddable":true,"href":"https:\/\/historiadofutebol.com\/blog\/index.php?rest_route=%2Fwp%2Fv2%2Fcomments&post=11210"}],"version-history":[{"count":15,"href":"https:\/\/historiadofutebol.com\/blog\/index.php?rest_route=\/wp\/v2\/posts\/11210\/revisions"}],"predecessor-version":[{"id":129947,"href":"https:\/\/historiadofutebol.com\/blog\/index.php?rest_route=\/wp\/v2\/posts\/11210\/revisions\/129947"}],"wp:attachment":[{"href":"https:\/\/historiadofutebol.com\/blog\/index.php?rest_route=%2Fwp%2Fv2%2Fmedia&parent=11210"}],"wp:term":[{"taxonomy":"category","embeddable":true,"href":"https:\/\/historiadofutebol.com\/blog\/index.php?rest_route=%2Fwp%2Fv2%2Fcategories&post=11210"},{"taxonomy":"post_tag","embeddable":true,"href":"https:\/\/historiadofutebol.com\/blog\/index.php?rest_route=%2Fwp%2Fv2%2Ftags&post=11210"}],"curies":[{"name":"wp","href":"https:\/\/api.w.org\/{rel}","templated":true}]}}