{"id":11193,"date":"2010-10-03T12:09:39","date_gmt":"2010-10-03T15:09:39","guid":{"rendered":"https:\/\/historiadofutebol.com\/blog\/?p=11193"},"modified":"2022-07-06T02:20:59","modified_gmt":"2022-07-06T05:20:59","slug":"democratas","status":"publish","type":"post","link":"https:\/\/historiadofutebol.com\/blog\/?p=11193","title":{"rendered":"Foto Rara, de 1956: America Football Clube &#8211; Rio de Janeiro (RJ)"},"content":{"rendered":"\n<figure class=\"wp-block-image size-large is-resized is-style-default\"><img loading=\"lazy\" decoding=\"async\" src=\"https:\/\/historiadofutebol.com\/blog\/wp-content\/uploads\/2022\/07\/AFC-500x362.jpg\" alt=\"\" class=\"wp-image-126317\" width=\"653\" height=\"473\" srcset=\"https:\/\/historiadofutebol.com\/blog\/wp-content\/uploads\/2022\/07\/AFC-500x362.jpg 500w, https:\/\/historiadofutebol.com\/blog\/wp-content\/uploads\/2022\/07\/AFC-300x217.jpg 300w, https:\/\/historiadofutebol.com\/blog\/wp-content\/uploads\/2022\/07\/AFC-624x452.jpg 624w, https:\/\/historiadofutebol.com\/blog\/wp-content\/uploads\/2022\/07\/AFC.jpg 768w\" sizes=\"auto, (max-width: 653px) 100vw, 653px\" \/><figcaption><strong><em>EM P\u00c9 (esquerda para a direita):<\/em><\/strong><em> Rubens, Pomp\u00e9ia, Edson, Ivan, Agnelo e Helio;<\/em><br \/><strong><em>\u00a0AGACHADOS (esquerda para a direita):<\/em><\/strong><em> Can\u00e1rio, Romeiro, Le\u00f4nidas, Alarcon e Alvinho.<\/em><\/figcaption><\/figure>\n\n\n<p>As fotos posadas do <strong><em>America Football Club<\/em><\/strong>, de <strong><em>1956<\/em><\/strong>, em <em>preto e branco<\/em> e <em>colorida<\/em>! Na legenda a escala\u00e7\u00e3o do poderoso <strong><em>Mec\u00e3o<\/em><\/strong>!<\/p>\n\n\n<figure class=\"wp-block-image size-large is-resized\"><img loading=\"lazy\" decoding=\"async\" src=\"https:\/\/historiadofutebol.com\/blog\/wp-content\/uploads\/2022\/07\/1956-America-02-500x368.jpg\" alt=\"\" class=\"wp-image-126318\" width=\"654\" height=\"481\" srcset=\"https:\/\/historiadofutebol.com\/blog\/wp-content\/uploads\/2022\/07\/1956-America-02-500x368.jpg 500w, https:\/\/historiadofutebol.com\/blog\/wp-content\/uploads\/2022\/07\/1956-America-02-300x221.jpg 300w, https:\/\/historiadofutebol.com\/blog\/wp-content\/uploads\/2022\/07\/1956-America-02-768x566.jpg 768w, https:\/\/historiadofutebol.com\/blog\/wp-content\/uploads\/2022\/07\/1956-America-02-1536x1132.jpg 1536w, https:\/\/historiadofutebol.com\/blog\/wp-content\/uploads\/2022\/07\/1956-America-02-2048x1509.jpg 2048w, https:\/\/historiadofutebol.com\/blog\/wp-content\/uploads\/2022\/07\/1956-America-02-624x460.jpg 624w\" sizes=\"auto, (max-width: 654px) 100vw, 654px\" \/><figcaption><strong><em>EM P\u00c9 (esquerda para a direita):<\/em><\/strong><em> Rubens, Pomp\u00e9ia, Edson, Ivan, Agnelo e Helio;<\/em><br \/><strong><em>\u00a0AGACHADOS (esquerda para a direita):<\/em><\/strong><em> Can\u00e1rio, Romeiro, Le\u00f4nidas, Alarcon e Alvinho.<\/em><\/figcaption><\/figure>\n\n\n\n<div class=\"wp-block-image\"><figure class=\"aligncenter size-large is-resized\"><img loading=\"lazy\" decoding=\"async\" src=\"https:\/\/historiadofutebol.com\/blog\/wp-content\/uploads\/2022\/07\/1956-America-01-356x500.jpg\" alt=\"\" class=\"wp-image-126319\" width=\"356\" height=\"500\" srcset=\"https:\/\/historiadofutebol.com\/blog\/wp-content\/uploads\/2022\/07\/1956-America-01-356x500.jpg 356w, https:\/\/historiadofutebol.com\/blog\/wp-content\/uploads\/2022\/07\/1956-America-01-214x300.jpg 214w, https:\/\/historiadofutebol.com\/blog\/wp-content\/uploads\/2022\/07\/1956-America-01-768x1078.jpg 768w, https:\/\/historiadofutebol.com\/blog\/wp-content\/uploads\/2022\/07\/1956-America-01-1095x1536.jpg 1095w, https:\/\/historiadofutebol.com\/blog\/wp-content\/uploads\/2022\/07\/1956-America-01-1460x2048.jpg 1460w, https:\/\/historiadofutebol.com\/blog\/wp-content\/uploads\/2022\/07\/1956-America-01-624x875.jpg 624w, https:\/\/historiadofutebol.com\/blog\/wp-content\/uploads\/2022\/07\/1956-America-01-scaled.jpg 1825w\" sizes=\"auto, (max-width: 356px) 100vw, 356px\" \/><\/figure><\/div>\n\n\n\n<p><strong><em><u>FONTE<\/u><\/em><\/strong><strong><em>:<\/em><\/strong><em> Sport Ilustrado (RJ)<\/em><\/p>\n","protected":false},"excerpt":{"rendered":"<p>As fotos posadas do America Football Club, de 1956, em preto e branco e colorida! Na legenda a escala\u00e7\u00e3o do poderoso Mec\u00e3o! FONTE: Sport Ilustrado (RJ)<\/p>\n","protected":false},"author":55,"featured_media":0,"comment_status":"open","ping_status":"closed","sticky":false,"template":"","format":"standard","meta":{"footnotes":""},"categories":[203,83,345,3,47,76],"tags":[],"class_list":["post-11193","post","type-post","status-publish","format-standard","hentry","category-sergio-mello","category-x9-curiosidades","category-fotos-historicas","category-historia-do-futebol","category-rio-de-janeiro","category-antigo-estado-do-rio"],"_links":{"self":[{"href":"https:\/\/historiadofutebol.com\/blog\/index.php?rest_route=\/wp\/v2\/posts\/11193","targetHints":{"allow":["GET"]}}],"collection":[{"href":"https:\/\/historiadofutebol.com\/blog\/index.php?rest_route=\/wp\/v2\/posts"}],"about":[{"href":"https:\/\/historiadofutebol.com\/blog\/index.php?rest_route=\/wp\/v2\/types\/post"}],"author":[{"embeddable":true,"href":"https:\/\/historiadofutebol.com\/blog\/index.php?rest_route=\/wp\/v2\/users\/55"}],"replies":[{"embeddable":true,"href":"https:\/\/historiadofutebol.com\/blog\/index.php?rest_route=%2Fwp%2Fv2%2Fcomments&post=11193"}],"version-history":[{"count":3,"href":"https:\/\/historiadofutebol.com\/blog\/index.php?rest_route=\/wp\/v2\/posts\/11193\/revisions"}],"predecessor-version":[{"id":126321,"href":"https:\/\/historiadofutebol.com\/blog\/index.php?rest_route=\/wp\/v2\/posts\/11193\/revisions\/126321"}],"wp:attachment":[{"href":"https:\/\/historiadofutebol.com\/blog\/index.php?rest_route=%2Fwp%2Fv2%2Fmedia&parent=11193"}],"wp:term":[{"taxonomy":"category","embeddable":true,"href":"https:\/\/historiadofutebol.com\/blog\/index.php?rest_route=%2Fwp%2Fv2%2Fcategories&post=11193"},{"taxonomy":"post_tag","embeddable":true,"href":"https:\/\/historiadofutebol.com\/blog\/index.php?rest_route=%2Fwp%2Fv2%2Ftags&post=11193"}],"curies":[{"name":"wp","href":"https:\/\/api.w.org\/{rel}","templated":true}]}}