{"id":11148,"date":"2010-10-01T12:34:57","date_gmt":"2010-10-01T15:34:57","guid":{"rendered":"https:\/\/historiadofutebol.com\/blog\/?p=11148"},"modified":"2022-03-12T15:57:13","modified_gmt":"2022-03-12T18:57:13","slug":"amanha-comeca-a-nova-etapa__trashed","status":"publish","type":"post","link":"https:\/\/historiadofutebol.com\/blog\/?p=11148","title":{"rendered":"HOJE COME\u00c7A A NOVA ETAPA"},"content":{"rendered":"<p>Hoje se inicia uma nova etapa no blog, com a divis\u00e3o de tarefas, vou relembrar de cada uma.<\/p>\n<p><strong>ARTIGO DA SEMANA<\/strong><\/p>\n<p>RESPONSAVEL TITULAR- RICARDO AMARAL<br \/>\nemail:ricardoamaralrn@yahoo.com.br<\/p>\n<p>RESPONSAVEL RESERVA-EDU CACELLA<\/p>\n<p><strong>BOL\u00d5ES DO BRASILEIRO E OUTROS<\/strong><\/p>\n<p>RESPONSAVEL TITULAR- GILBERTO MALUF<br \/>\nemail:azermaluf@yahoo.com.br<\/p>\n<p>RESPONSAVEL RESERVA-EDU CACELLA<\/p>\n<p><strong>ENTRADA DE NOVOS MEMBROS<\/strong><\/p>\n<p>COMISS\u00c3O DE ENTRADA<br \/>\nJULIO DIOGO: juliobovidiogo@uol.com.br<br \/>\nADALBERTO KLUSER: kluser@uol.com.br<br \/>\nANDRE MARTINS: jmartins1943@uol.com.br<\/p>\n<p>RESPONSAVEL RESERVA-EDU CACELLA<\/p>\n<p><strong>ORGANIZA\u00c7\u00c3O DOS BLOGS<\/strong><\/p>\n<p>COMISS\u00c3O DE ORGANIZA\u00c7\u00c3O<br \/>\nANTONIO IELO: preciso do email<br \/>\nJOSE RICARDO ALMEIDA:jrca1957@gmail.com<br \/>\nDECIO VITAL:deciovital@uol.com.br<br \/>\nWALTER IRIS(AMISTOSOS INTERNACIONAIS E NACIONAIS) walter.iris@globo.com<br \/>\nBRAZ LEME(FORMATA\u00c7\u00c3O) jlbraz@uol.com.br<\/p>\n<p>RESPONSAVEL RESERVA-EDU CACELLA<\/p>\n","protected":false},"excerpt":{"rendered":"<p>Hoje se inicia uma nova etapa no blog, com a divis\u00e3o de tarefas, vou relembrar de cada uma. ARTIGO DA SEMANA RESPONSAVEL TITULAR- RICARDO AMARAL email:ricardoamaralrn@yahoo.com.br RESPONSAVEL RESERVA-EDU CACELLA BOL\u00d5ES DO BRASILEIRO E OUTROS RESPONSAVEL TITULAR- GILBERTO MALUF email:azermaluf@yahoo.com.br RESPONSAVEL RESERVA-EDU CACELLA ENTRADA DE NOVOS MEMBROS COMISS\u00c3O DE ENTRADA JULIO DIOGO: juliobovidiogo@uol.com.br ADALBERTO KLUSER: kluser@uol.com.br [&hellip;]<\/p>\n","protected":false},"author":1,"featured_media":0,"comment_status":"open","ping_status":"closed","sticky":false,"template":"","format":"standard","meta":{"footnotes":""},"categories":[3],"tags":[],"class_list":["post-11148","post","type-post","status-publish","format-standard","hentry","category-historia-do-futebol"],"_links":{"self":[{"href":"https:\/\/historiadofutebol.com\/blog\/index.php?rest_route=\/wp\/v2\/posts\/11148","targetHints":{"allow":["GET"]}}],"collection":[{"href":"https:\/\/historiadofutebol.com\/blog\/index.php?rest_route=\/wp\/v2\/posts"}],"about":[{"href":"https:\/\/historiadofutebol.com\/blog\/index.php?rest_route=\/wp\/v2\/types\/post"}],"author":[{"embeddable":true,"href":"https:\/\/historiadofutebol.com\/blog\/index.php?rest_route=\/wp\/v2\/users\/1"}],"replies":[{"embeddable":true,"href":"https:\/\/historiadofutebol.com\/blog\/index.php?rest_route=%2Fwp%2Fv2%2Fcomments&post=11148"}],"version-history":[{"count":1,"href":"https:\/\/historiadofutebol.com\/blog\/index.php?rest_route=\/wp\/v2\/posts\/11148\/revisions"}],"predecessor-version":[{"id":11151,"href":"https:\/\/historiadofutebol.com\/blog\/index.php?rest_route=\/wp\/v2\/posts\/11148\/revisions\/11151"}],"wp:attachment":[{"href":"https:\/\/historiadofutebol.com\/blog\/index.php?rest_route=%2Fwp%2Fv2%2Fmedia&parent=11148"}],"wp:term":[{"taxonomy":"category","embeddable":true,"href":"https:\/\/historiadofutebol.com\/blog\/index.php?rest_route=%2Fwp%2Fv2%2Fcategories&post=11148"},{"taxonomy":"post_tag","embeddable":true,"href":"https:\/\/historiadofutebol.com\/blog\/index.php?rest_route=%2Fwp%2Fv2%2Ftags&post=11148"}],"curies":[{"name":"wp","href":"https:\/\/api.w.org\/{rel}","templated":true}]}}