{"id":111147,"date":"2017-10-01T21:47:43","date_gmt":"2017-10-02T00:47:43","guid":{"rendered":"https:\/\/historiadofutebol.com\/blog\/?p=111147"},"modified":"2017-10-01T22:17:12","modified_gmt":"2017-10-02T01:17:12","slug":"um-craque-de-mato-grosso-tracaia","status":"publish","type":"post","link":"https:\/\/historiadofutebol.com\/blog\/?p=111147","title":{"rendered":"Um craque de Mato Grosso &#8211; Tra\u00e7aia"},"content":{"rendered":"<address><strong>Nome<\/strong>: Jos\u00e9 Roque Paes<\/address>\n<address><strong>Nascimento<\/strong>: 16\/08\/1933 \u2013 Cuiab\u00e1<\/address>\n<address><strong>Posi\u00e7\u00e3o<\/strong>: Atacante<\/address>\n<address><strong>Per\u00edodo<\/strong> <strong>em<\/strong> <strong>que<\/strong> <strong>jogou<\/strong>: 1950 Mixto; 1951 Mixto; 1951\/52 Palmeiras; 1952 Dom Bosco; 1952 Flamengo; 1952\/53 Guarani; 1954 Flamengo; 1954 Botafogo; 1955\/62 Sport; 1963\/66 Admira Wacker (Austria)<\/address>\n<p>&nbsp;<\/p>\n<address>Tra\u00e7aia iniciou a carreira em 1950, nos aspirantes do Mixto. Jogou tamb\u00e9m no Palmeiras e no Dom Bosco. Em 1952 o t\u00e9cnico Jarbas, da sele\u00e7\u00e3o Matogrossense convocou Tra\u00e7aia para disputar o Campeonato Brasileiro de Sele\u00e7\u00f5es. O jovem atleta se destacou, sendo o artilheiro matogrossense na competi\u00e7\u00e3o com 7 gols. As suas atua\u00e7\u00f5es despertaram o interesse do Flamengo que o contratou logo ap\u00f3s o Campeonato Brasileiro. Por\u00e9m n\u00e3o se adpatou ao clube carioca, sendo emprestado ao Guarani de Campinas. Em 1954 foi para o Botafogo do Rio. Em 1955 foi para o Sport Recife onde fez hist\u00f3ria. Logo em seu primeiro ano no clube, sagrou-se campe\u00e3o Pernambucano e tamb\u00e9m artilheiro da competi\u00e7\u00e3o com 22 gols. Em 1956, faturou o bicampeonato pernambucano. Em 1958, voltou a ser campe\u00e3o pernambucano e fez parte da Sele\u00e7\u00e3o Pernambucana, que representou a Sele\u00e7\u00e3o Brasileira no Campeonato Sul-Americano (atual Copa Am\u00e9rica). O craque jogou 5 jogos e marcou 1 gol com a camisa canarinho.<\/address>\n<address>O quarto t\u00edtulo pernambucano do artilheiro veio em 1961. Em 1962, teve uma pequena participa\u00e7\u00e3o no Campeonato Pernambucano, que lhe rendeu o quinto e \u00faltimo t\u00edtulo. Naquele mesmo ano, seria transferido para o FC Admira Wacker M\u00f6dling da \u00c1ustria, clube no qual se despediu do futebol. Tra\u00e7aia \u00e9 at\u00e9 hoje o maior artilheiro da hist\u00f3ria do Sport Recife com 201 gols. Morreu em junho de 1971.<\/address>\n<p><a href=\"https:\/\/historiadofutebol.com\/blog\/?attachment_id=111148\" rel=\"attachment wp-att-111148\"><img loading=\"lazy\" decoding=\"async\" class=\"aligncenter size-full wp-image-111148\" src=\"https:\/\/historiadofutebol.com\/blog\/wp-content\/uploads\/2017\/10\/tracaiaa.jpg\" alt=\"\" width=\"275\" height=\"400\" srcset=\"https:\/\/historiadofutebol.com\/blog\/wp-content\/uploads\/2017\/10\/tracaiaa.jpg 275w, https:\/\/historiadofutebol.com\/blog\/wp-content\/uploads\/2017\/10\/tracaiaa-206x300.jpg 206w\" sizes=\"auto, (max-width: 275px) 100vw, 275px\" \/><\/a><\/p>\n<p><em><strong>Fonte<\/strong>: Arquivo Pessoal e Site do Sport Recife<\/em><\/p>\n<p>&nbsp;<\/p>\n","protected":false},"excerpt":{"rendered":"<p>Nome: Jos\u00e9 Roque Paes Nascimento: 16\/08\/1933 \u2013 Cuiab\u00e1 Posi\u00e7\u00e3o: Atacante Per\u00edodo em que jogou: 1950 Mixto; 1951 Mixto; 1951\/52 Palmeiras; 1952 Dom Bosco; 1952 Flamengo; 1952\/53 Guarani; 1954 Flamengo; 1954 Botafogo; 1955\/62 Sport; 1963\/66 Admira Wacker (Austria) &nbsp; Tra\u00e7aia iniciou a carreira em 1950, nos aspirantes do Mixto. Jogou tamb\u00e9m no Palmeiras e no Dom [&hellip;]<\/p>\n","protected":false},"author":67,"featured_media":0,"comment_status":"open","ping_status":"closed","sticky":false,"template":"","format":"standard","meta":{"footnotes":""},"categories":[816,37,150,43],"tags":[],"class_list":["post-111147","post","type-post","status-publish","format-standard","hentry","category-sergio-santos","category-mato-grosso","category-x7-perfis-de-jogadores","category-pernambuco"],"_links":{"self":[{"href":"https:\/\/historiadofutebol.com\/blog\/index.php?rest_route=\/wp\/v2\/posts\/111147","targetHints":{"allow":["GET"]}}],"collection":[{"href":"https:\/\/historiadofutebol.com\/blog\/index.php?rest_route=\/wp\/v2\/posts"}],"about":[{"href":"https:\/\/historiadofutebol.com\/blog\/index.php?rest_route=\/wp\/v2\/types\/post"}],"author":[{"embeddable":true,"href":"https:\/\/historiadofutebol.com\/blog\/index.php?rest_route=\/wp\/v2\/users\/67"}],"replies":[{"embeddable":true,"href":"https:\/\/historiadofutebol.com\/blog\/index.php?rest_route=%2Fwp%2Fv2%2Fcomments&post=111147"}],"version-history":[{"count":6,"href":"https:\/\/historiadofutebol.com\/blog\/index.php?rest_route=\/wp\/v2\/posts\/111147\/revisions"}],"predecessor-version":[{"id":111159,"href":"https:\/\/historiadofutebol.com\/blog\/index.php?rest_route=\/wp\/v2\/posts\/111147\/revisions\/111159"}],"wp:attachment":[{"href":"https:\/\/historiadofutebol.com\/blog\/index.php?rest_route=%2Fwp%2Fv2%2Fmedia&parent=111147"}],"wp:term":[{"taxonomy":"category","embeddable":true,"href":"https:\/\/historiadofutebol.com\/blog\/index.php?rest_route=%2Fwp%2Fv2%2Fcategories&post=111147"},{"taxonomy":"post_tag","embeddable":true,"href":"https:\/\/historiadofutebol.com\/blog\/index.php?rest_route=%2Fwp%2Fv2%2Ftags&post=111147"}],"curies":[{"name":"wp","href":"https:\/\/api.w.org\/{rel}","templated":true}]}}