{"id":111050,"date":"2017-09-29T20:17:52","date_gmt":"2017-09-29T23:17:52","guid":{"rendered":"https:\/\/historiadofutebol.com\/blog\/?p=111050"},"modified":"2017-09-29T20:17:52","modified_gmt":"2017-09-29T23:17:52","slug":"foto-rara-de-1977-bangu-atletico-clube-rio-de-janeiro-rj","status":"publish","type":"post","link":"https:\/\/historiadofutebol.com\/blog\/?p=111050","title":{"rendered":"Foto rara, de 1977 &#8211; Bangu Atl\u00e9tico Clube &#8211; Rio de Janeiro (RJ)"},"content":{"rendered":"<p><img loading=\"lazy\" decoding=\"async\" class=\"aligncenter size-full wp-image-111051\" src=\"https:\/\/historiadofutebol.com\/blog\/wp-content\/uploads\/2017\/09\/Bangu-AC-1977-001.jpg\" alt=\"\" width=\"1501\" height=\"937\" srcset=\"https:\/\/historiadofutebol.com\/blog\/wp-content\/uploads\/2017\/09\/Bangu-AC-1977-001.jpg 1501w, https:\/\/historiadofutebol.com\/blog\/wp-content\/uploads\/2017\/09\/Bangu-AC-1977-001-300x187.jpg 300w, https:\/\/historiadofutebol.com\/blog\/wp-content\/uploads\/2017\/09\/Bangu-AC-1977-001-500x312.jpg 500w\" sizes=\"auto, (max-width: 1501px) 100vw, 1501px\" \/><\/p>\n<p>Em p\u00e9, da esquerda para a direita: Serj\u00e3o, Ademir, Edinho, S\u00e9rgio Cosme, Cacau e Luis Alberto.<\/p>\n<p>Agachados, na mesma ordem: Fernandinho, Jorge Nunes, Luis\u00e3o, Didinho e Gilberto<\/p>\n<p>Fonte: Placar<\/p>\n","protected":false},"excerpt":{"rendered":"<p>Em p\u00e9, da esquerda para a direita: Serj\u00e3o, Ademir, Edinho, S\u00e9rgio Cosme, Cacau e Luis Alberto. Agachados, na mesma ordem: Fernandinho, Jorge Nunes, Luis\u00e3o, Didinho e Gilberto Fonte: Placar<\/p>\n","protected":false},"author":47,"featured_media":0,"comment_status":"open","ping_status":"closed","sticky":false,"template":"","format":"standard","meta":{"footnotes":""},"categories":[189,531,83,345,3,47],"tags":[],"class_list":["post-111050","post","type-post","status-publish","format-standard","hentry","category-toninho-sereno","category-carencias","category-x9-curiosidades","category-fotos-historicas","category-historia-do-futebol","category-rio-de-janeiro"],"_links":{"self":[{"href":"https:\/\/historiadofutebol.com\/blog\/index.php?rest_route=\/wp\/v2\/posts\/111050","targetHints":{"allow":["GET"]}}],"collection":[{"href":"https:\/\/historiadofutebol.com\/blog\/index.php?rest_route=\/wp\/v2\/posts"}],"about":[{"href":"https:\/\/historiadofutebol.com\/blog\/index.php?rest_route=\/wp\/v2\/types\/post"}],"author":[{"embeddable":true,"href":"https:\/\/historiadofutebol.com\/blog\/index.php?rest_route=\/wp\/v2\/users\/47"}],"replies":[{"embeddable":true,"href":"https:\/\/historiadofutebol.com\/blog\/index.php?rest_route=%2Fwp%2Fv2%2Fcomments&post=111050"}],"version-history":[{"count":2,"href":"https:\/\/historiadofutebol.com\/blog\/index.php?rest_route=\/wp\/v2\/posts\/111050\/revisions"}],"predecessor-version":[{"id":111053,"href":"https:\/\/historiadofutebol.com\/blog\/index.php?rest_route=\/wp\/v2\/posts\/111050\/revisions\/111053"}],"wp:attachment":[{"href":"https:\/\/historiadofutebol.com\/blog\/index.php?rest_route=%2Fwp%2Fv2%2Fmedia&parent=111050"}],"wp:term":[{"taxonomy":"category","embeddable":true,"href":"https:\/\/historiadofutebol.com\/blog\/index.php?rest_route=%2Fwp%2Fv2%2Fcategories&post=111050"},{"taxonomy":"post_tag","embeddable":true,"href":"https:\/\/historiadofutebol.com\/blog\/index.php?rest_route=%2Fwp%2Fv2%2Ftags&post=111050"}],"curies":[{"name":"wp","href":"https:\/\/api.w.org\/{rel}","templated":true}]}}