{"id":11072,"date":"2010-09-24T22:22:51","date_gmt":"2010-09-25T01:22:51","guid":{"rendered":"https:\/\/historiadofutebol.com\/blog\/?p=11072"},"modified":"2011-07-16T00:30:13","modified_gmt":"2011-07-16T03:30:13","slug":"ec-rennersao-josers","status":"publish","type":"post","link":"https:\/\/historiadofutebol.com\/blog\/?p=11072","title":{"rendered":"EC Renner\/S\u00e3o Jos\u00e9(RS)"},"content":{"rendered":"<p><img loading=\"lazy\" decoding=\"async\" class=\"alignleft size-large wp-image-11073\" title=\"Renner Sao Jose\" src=\"https:\/\/historiadofutebol.com\/blog\/wp-content\/uploads\/2010\/09\/Renner-Sao-Jose-500x375.jpg\" alt=\"Renner Sao Jose\" width=\"500\" height=\"375\" srcset=\"https:\/\/historiadofutebol.com\/blog\/wp-content\/uploads\/2010\/09\/Renner-Sao-Jose-500x375.jpg 500w, https:\/\/historiadofutebol.com\/blog\/wp-content\/uploads\/2010\/09\/Renner-Sao-Jose-300x225.jpg 300w, https:\/\/historiadofutebol.com\/blog\/wp-content\/uploads\/2010\/09\/Renner-Sao-Jose.jpg 640w\" sizes=\"auto, (max-width: 500px) 100vw, 500px\" \/>Em 1995, as Tintas Renner S.A. acertou uma co-gest\u00e3o com o Esporte Clube S\u00e3o Jos\u00e9 de Porto Alegre. O Renner-S\u00e3o Jos\u00e9 tinha as cores do velho Renner (Camisa listrada, Vermelha e Branca) e o distintivo do S\u00e3o Jos\u00e9. Infelizmente, a parceria n\u00e3o deu certo e, meses depois, o sonho de trazer de volta o Renner foi desfeito.<\/p>\n","protected":false},"excerpt":{"rendered":"<p>Em 1995, as Tintas Renner S.A. acertou uma co-gest\u00e3o com o Esporte Clube S\u00e3o Jos\u00e9 de Porto Alegre. O Renner-S\u00e3o Jos\u00e9 tinha as cores do velho Renner (Camisa listrada, Vermelha e Branca) e o distintivo do S\u00e3o Jos\u00e9. Infelizmente, a parceria n\u00e3o deu certo e, meses depois, o sonho de trazer de volta o Renner [&hellip;]<\/p>\n","protected":false},"author":34,"featured_media":0,"comment_status":"open","ping_status":"closed","sticky":false,"template":"","format":"standard","meta":{"footnotes":""},"categories":[187,3,46],"tags":[],"class_list":["post-11072","post","type-post","status-publish","format-standard","hentry","category-roselio-basei","category-historia-do-futebol","category-rg-do-sul"],"_links":{"self":[{"href":"https:\/\/historiadofutebol.com\/blog\/index.php?rest_route=\/wp\/v2\/posts\/11072","targetHints":{"allow":["GET"]}}],"collection":[{"href":"https:\/\/historiadofutebol.com\/blog\/index.php?rest_route=\/wp\/v2\/posts"}],"about":[{"href":"https:\/\/historiadofutebol.com\/blog\/index.php?rest_route=\/wp\/v2\/types\/post"}],"author":[{"embeddable":true,"href":"https:\/\/historiadofutebol.com\/blog\/index.php?rest_route=\/wp\/v2\/users\/34"}],"replies":[{"embeddable":true,"href":"https:\/\/historiadofutebol.com\/blog\/index.php?rest_route=%2Fwp%2Fv2%2Fcomments&post=11072"}],"version-history":[{"count":2,"href":"https:\/\/historiadofutebol.com\/blog\/index.php?rest_route=\/wp\/v2\/posts\/11072\/revisions"}],"predecessor-version":[{"id":18340,"href":"https:\/\/historiadofutebol.com\/blog\/index.php?rest_route=\/wp\/v2\/posts\/11072\/revisions\/18340"}],"wp:attachment":[{"href":"https:\/\/historiadofutebol.com\/blog\/index.php?rest_route=%2Fwp%2Fv2%2Fmedia&parent=11072"}],"wp:term":[{"taxonomy":"category","embeddable":true,"href":"https:\/\/historiadofutebol.com\/blog\/index.php?rest_route=%2Fwp%2Fv2%2Fcategories&post=11072"},{"taxonomy":"post_tag","embeddable":true,"href":"https:\/\/historiadofutebol.com\/blog\/index.php?rest_route=%2Fwp%2Fv2%2Ftags&post=11072"}],"curies":[{"name":"wp","href":"https:\/\/api.w.org\/{rel}","templated":true}]}}