{"id":110006,"date":"2017-08-29T20:01:34","date_gmt":"2017-08-29T23:01:34","guid":{"rendered":"https:\/\/historiadofutebol.com\/blog\/?p=110006"},"modified":"2022-07-25T02:20:03","modified_gmt":"2022-07-25T05:20:03","slug":"foto-rara-de-1988-paulista-futebol-clube-jundiai-sp","status":"publish","type":"post","link":"https:\/\/historiadofutebol.com\/blog\/?p=110006","title":{"rendered":"Foto rara de 1988: Paulista Futebol Clube &#8211; Jundia\u00ed (SP)"},"content":{"rendered":"<p><img loading=\"lazy\" decoding=\"async\" class=\"aligncenter size-full wp-image-110011\" src=\"https:\/\/historiadofutebol.com\/blog\/wp-content\/uploads\/2017\/08\/paulista-jundiai-1988-001.jpg\" alt=\"\" width=\"1284\" height=\"844\" srcset=\"https:\/\/historiadofutebol.com\/blog\/wp-content\/uploads\/2017\/08\/paulista-jundiai-1988-001.jpg 1284w, https:\/\/historiadofutebol.com\/blog\/wp-content\/uploads\/2017\/08\/paulista-jundiai-1988-001-300x197.jpg 300w, https:\/\/historiadofutebol.com\/blog\/wp-content\/uploads\/2017\/08\/paulista-jundiai-1988-001-500x328.jpg 500w\" sizes=\"auto, (max-width: 1284px) 100vw, 1284px\" \/><\/p>\n<p><strong><em>Paulista Futebol Clube<\/em><\/strong>, da cidade de Jundia\u00ed (SP), no ano de <strong><em>1988<\/em><\/strong>. Na foto acima, aa seguinte forma\u00e7\u00e3o:<\/p>\n<p><strong><em>EM P\u00c9 (Esquerda para a direita):<\/em><\/strong><em>\u00a0<\/em><em>Gilberto, Edgar, Jorge Silva, Maur\u00edcio, Z\u00e9 Ant\u00f4nio e Eg\u00eddio;<\/em><\/p>\n<p><strong><em>AGACHADOS (Esquerda para a direita):<\/em><\/strong><em>\u00a0<\/em><em>G\u00e9rson, Biazoto, Arturzinho, Ricardo e Rinaldo.<\/em><\/p>\n<p><em><strong>FONTES:<\/strong> A Gazeta Esportiva &#8211; Blog Arquivo do Futebol<\/em><\/p>\n","protected":false},"excerpt":{"rendered":"<p>Paulista Futebol Clube, da cidade de Jundia\u00ed (SP), no ano de 1988. Na foto acima, aa seguinte forma\u00e7\u00e3o: EM P\u00c9 (Esquerda para a direita):\u00a0Gilberto, Edgar, Jorge Silva, Maur\u00edcio, Z\u00e9 Ant\u00f4nio e Eg\u00eddio; AGACHADOS (Esquerda para a direita):\u00a0G\u00e9rson, Biazoto, Arturzinho, Ricardo e Rinaldo. FONTES: A Gazeta Esportiva &#8211; Blog Arquivo do Futebol<\/p>\n","protected":false},"author":47,"featured_media":0,"comment_status":"open","ping_status":"closed","sticky":false,"template":"","format":"standard","meta":{"footnotes":""},"categories":[189,68,345,3,51],"tags":[],"class_list":["post-110006","post","type-post","status-publish","format-standard","hentry","category-toninho-sereno","category-blog-historia-do-futebol","category-fotos-historicas","category-historia-do-futebol","category-sao-paulo"],"_links":{"self":[{"href":"https:\/\/historiadofutebol.com\/blog\/index.php?rest_route=\/wp\/v2\/posts\/110006","targetHints":{"allow":["GET"]}}],"collection":[{"href":"https:\/\/historiadofutebol.com\/blog\/index.php?rest_route=\/wp\/v2\/posts"}],"about":[{"href":"https:\/\/historiadofutebol.com\/blog\/index.php?rest_route=\/wp\/v2\/types\/post"}],"author":[{"embeddable":true,"href":"https:\/\/historiadofutebol.com\/blog\/index.php?rest_route=\/wp\/v2\/users\/47"}],"replies":[{"embeddable":true,"href":"https:\/\/historiadofutebol.com\/blog\/index.php?rest_route=%2Fwp%2Fv2%2Fcomments&post=110006"}],"version-history":[{"count":5,"href":"https:\/\/historiadofutebol.com\/blog\/index.php?rest_route=\/wp\/v2\/posts\/110006\/revisions"}],"predecessor-version":[{"id":126627,"href":"https:\/\/historiadofutebol.com\/blog\/index.php?rest_route=\/wp\/v2\/posts\/110006\/revisions\/126627"}],"wp:attachment":[{"href":"https:\/\/historiadofutebol.com\/blog\/index.php?rest_route=%2Fwp%2Fv2%2Fmedia&parent=110006"}],"wp:term":[{"taxonomy":"category","embeddable":true,"href":"https:\/\/historiadofutebol.com\/blog\/index.php?rest_route=%2Fwp%2Fv2%2Fcategories&post=110006"},{"taxonomy":"post_tag","embeddable":true,"href":"https:\/\/historiadofutebol.com\/blog\/index.php?rest_route=%2Fwp%2Fv2%2Ftags&post=110006"}],"curies":[{"name":"wp","href":"https:\/\/api.w.org\/{rel}","templated":true}]}}