{"id":108912,"date":"2017-07-17T23:38:15","date_gmt":"2017-07-18T02:38:15","guid":{"rendered":"https:\/\/historiadofutebol.com\/blog\/?p=108912"},"modified":"2017-07-17T23:39:51","modified_gmt":"2017-07-18T02:39:51","slug":"excursao-do-ipiranga-ro-no-acre-1958","status":"publish","type":"post","link":"https:\/\/historiadofutebol.com\/blog\/?p=108912","title":{"rendered":"Excurs\u00e3o do Ipiranga (RO) no Acre &#8211; 1958"},"content":{"rendered":"<address>A convite do presidente da Federa\u00e7\u00e3o Acreana de Desportos (Sr. Ary Rodrigues), esteve na cidade de Rio Branco, o Ipiranga do at\u00e9 ent\u00e3o Territ\u00f3rio de Rond\u00f4nia, para a disputa de tr\u00eas partidas, a saber:<\/address>\n<address><strong>\u00a0<\/strong><\/address>\n<address><strong>Atl\u00e9tico Acreano 1 x 1 Ipiranga (RO)<\/strong><\/address>\n<address><strong>Data:<\/strong> 05\/09\/1958<\/address>\n<address><strong>Local<\/strong>: Est\u00e1dio Jos\u00e9 de Melo (Rio Branco)<\/address>\n<address><strong>\u00c1rbitro<\/strong>: Jos\u00e9 Anibal Tinoco<\/address>\n<address><strong>Gols<\/strong>: Mois\u00e9s 7 e Souza 41 do 1\u00ba tempo<\/address>\n<address><strong>Atl\u00e9tico<\/strong>: Bruzugu, Barar\u00fa, Adalberto, Edgar, Tug, Bo\u00e1, Fernando (Oceano), Rivaldo, Roberto, Mois\u00e9s e Zelito (Aramis).<\/address>\n<address><strong>Ipiranga<\/strong>: Murilo, Zezinho, Tracaj\u00e1, Bringel, Astrogildo, Pacamon, Jorge, Normando, Souza, Ney e Sebinho (Dorival).<\/address>\n<p>&nbsp;<\/p>\n<address><strong>Independ\u00eancia 1 x 3 Ipiranga<\/strong><\/address>\n<address><strong>Data<\/strong>: 07\/09\/1958<\/address>\n<address><strong>Local<\/strong>: Est\u00e1dio Jos\u00e9 de Melo (Rio Branco)<\/address>\n<address><strong>\u00c1rbitro<\/strong>: Walter Felix<\/address>\n<address><strong>Gols<\/strong>: Souza (3) e Carreon<\/address>\n<address><strong>Independ\u00eancia<\/strong>: Tinoco, Mosarino, L\u00e9o, Alicio, Adalberto Viana, Cidico, Airton, Fuad, Carreon, Hugo e Gilito.<\/address>\n<address><strong>Ipiranga<\/strong>: Murilo, Jos\u00e9 Barros, Jos\u00e9 Maria, Aur\u00e9lio, Ant\u00f4nio Matos, Astrogildo, Ant\u00f4nio Albano, Normando, Jorge, Ney e Sebasti\u00e3o Sena.<\/address>\n<p>&nbsp;<\/p>\n<address><strong>Rio Branco 3 x 0 Ipiranga<\/strong><\/address>\n<address><strong>Data<\/strong>: 09\/07\/1958<\/address>\n<address><strong>Local<\/strong>: Est\u00e1dio Jos\u00e9 de Melo (Rio Branco)<\/address>\n<address><strong>Renda<\/strong>: Cr$ 14.750,00<\/address>\n<address><strong>\u00c1rbitro<\/strong>: Albanor Arouca<\/address>\n<address><strong>Gols<\/strong>: Felix 7, Hugo 32 do 1\u00ba tempo e T\u00f4ca 28 do 2\u00ba tempo<\/address>\n<address><strong>Rio Branco:<\/strong> Tinoco, Said, Olavo, Sombra, Biduca, Evandro, Onofre, Caetano, Felix, T\u00f4ca e D\u00e3o.<\/address>\n<address><strong>Ipiranga<\/strong>: Murilo, Jos\u00e9 Barros, Astrogildo, Aur\u00e9lio, Ant\u00f4nio Matos, Jos\u00e9 Maria, Dorival, Normando, Jorge, Ney e Sebasti\u00e3o Sena.<\/address>\n<p>&nbsp;<\/p>\n<address><em><strong>\u00a0Fonte<\/strong>: Jornal O Acre<\/em><\/address>\n","protected":false},"excerpt":{"rendered":"<p>A convite do presidente da Federa\u00e7\u00e3o Acreana de Desportos (Sr. Ary Rodrigues), esteve na cidade de Rio Branco, o Ipiranga do at\u00e9 ent\u00e3o Territ\u00f3rio de Rond\u00f4nia, para a disputa de tr\u00eas partidas, a saber: \u00a0 Atl\u00e9tico Acreano 1 x 1 Ipiranga (RO) Data: 05\/09\/1958 Local: Est\u00e1dio Jos\u00e9 de Melo (Rio Branco) \u00c1rbitro: Jos\u00e9 Anibal Tinoco [&hellip;]<\/p>\n","protected":false},"author":67,"featured_media":0,"comment_status":"open","ping_status":"closed","sticky":false,"template":"","format":"standard","meta":{"footnotes":""},"categories":[816,28,105],"tags":[],"class_list":["post-108912","post","type-post","status-publish","format-standard","hentry","category-sergio-santos","category-acre","category-amistosos-nacionais"],"_links":{"self":[{"href":"https:\/\/historiadofutebol.com\/blog\/index.php?rest_route=\/wp\/v2\/posts\/108912","targetHints":{"allow":["GET"]}}],"collection":[{"href":"https:\/\/historiadofutebol.com\/blog\/index.php?rest_route=\/wp\/v2\/posts"}],"about":[{"href":"https:\/\/historiadofutebol.com\/blog\/index.php?rest_route=\/wp\/v2\/types\/post"}],"author":[{"embeddable":true,"href":"https:\/\/historiadofutebol.com\/blog\/index.php?rest_route=\/wp\/v2\/users\/67"}],"replies":[{"embeddable":true,"href":"https:\/\/historiadofutebol.com\/blog\/index.php?rest_route=%2Fwp%2Fv2%2Fcomments&post=108912"}],"version-history":[{"count":4,"href":"https:\/\/historiadofutebol.com\/blog\/index.php?rest_route=\/wp\/v2\/posts\/108912\/revisions"}],"predecessor-version":[{"id":108916,"href":"https:\/\/historiadofutebol.com\/blog\/index.php?rest_route=\/wp\/v2\/posts\/108912\/revisions\/108916"}],"wp:attachment":[{"href":"https:\/\/historiadofutebol.com\/blog\/index.php?rest_route=%2Fwp%2Fv2%2Fmedia&parent=108912"}],"wp:term":[{"taxonomy":"category","embeddable":true,"href":"https:\/\/historiadofutebol.com\/blog\/index.php?rest_route=%2Fwp%2Fv2%2Fcategories&post=108912"},{"taxonomy":"post_tag","embeddable":true,"href":"https:\/\/historiadofutebol.com\/blog\/index.php?rest_route=%2Fwp%2Fv2%2Ftags&post=108912"}],"curies":[{"name":"wp","href":"https:\/\/api.w.org\/{rel}","templated":true}]}}