{"id":108894,"date":"2017-07-16T23:01:29","date_gmt":"2017-07-17T02:01:29","guid":{"rendered":"https:\/\/historiadofutebol.com\/blog\/?p=108894"},"modified":"2017-07-16T23:01:29","modified_gmt":"2017-07-17T02:01:29","slug":"inedito-transporte-futebol-clube-teresopolis-rj-participou-do-campeonato-fluminense-de-1943","status":"publish","type":"post","link":"https:\/\/historiadofutebol.com\/blog\/?p=108894","title":{"rendered":"In\u00e9dito!! Transporte Futebol Clube &#8211; Teres\u00f3polis (RJ): Participou do Campeonato Fluminense de 1943"},"content":{"rendered":"<p><img loading=\"lazy\" decoding=\"async\" class=\"aligncenter size-large wp-image-108899\" title=\"15\" src=\"https:\/\/historiadofutebol.com\/blog\/wp-content\/uploads\/2017\/07\/151-500x325.jpg\" alt=\"\" width=\"500\" height=\"325\" srcset=\"https:\/\/historiadofutebol.com\/blog\/wp-content\/uploads\/2017\/07\/151-500x325.jpg 500w, https:\/\/historiadofutebol.com\/blog\/wp-content\/uploads\/2017\/07\/151-300x195.jpg 300w, https:\/\/historiadofutebol.com\/blog\/wp-content\/uploads\/2017\/07\/151.jpg 960w\" sizes=\"auto, (max-width: 500px) 100vw, 500px\" \/><\/p>\n<p><strong><em>Por Andr\u00e9 Luiz Pereira Nunes<\/em><\/strong><\/p>\n<p><strong>\u00a0<\/strong>O futebol do Rio de Janeiro ganhou mais uma figurinha para o seu &#8220;<strong><em>\u00c1lbum da Hist\u00f3ria do Futebol Fluminense<\/em><\/strong>&#8220;. Trata-se do <strong>Transporte Futebol Clube<\/strong> que foi uma agremia\u00e7\u00e3o da cidade de Teres\u00f3polis, localizado na Regi\u00e3o Serrana do Estado do Rio de Janeiro. O <strong><em>clube Alvirrubro<\/em><\/strong> \u00e9 uma das saudosas e gloriosas express\u00f5es do futebol teresopolitano e fluminense.<\/p>\n<p><strong>Fundado no domingo, do dia 27 de agosto de 1939<\/strong>, mesma data da inaugura\u00e7\u00e3o de seu <strong><em>est\u00e1dio<\/em><\/strong>, o <strong>Transporte<\/strong> foi idealizado por <em>caminhoneiros que faziam frete em frente \u00e0 Rodovi\u00e1ria de Teres\u00f3polis<\/em>.<\/p>\n<p><img loading=\"lazy\" decoding=\"async\" class=\"aligncenter size-full wp-image-108896\" title=\"12\" src=\"https:\/\/historiadofutebol.com\/blog\/wp-content\/uploads\/2017\/07\/121.jpg\" alt=\"\" width=\"408\" height=\"652\" srcset=\"https:\/\/historiadofutebol.com\/blog\/wp-content\/uploads\/2017\/07\/121.jpg 408w, https:\/\/historiadofutebol.com\/blog\/wp-content\/uploads\/2017\/07\/121-187x300.jpg 187w, https:\/\/historiadofutebol.com\/blog\/wp-content\/uploads\/2017\/07\/121-312x500.jpg 312w, https:\/\/historiadofutebol.com\/blog\/wp-content\/uploads\/2017\/07\/121-300x479.jpg 300w\" sizes=\"auto, (max-width: 408px) 100vw, 408px\" \/><\/p>\n<p><strong>Primeira forma\u00e7\u00e3o de 1939<\/strong><\/p>\n<p>Em sua 1\u00aa forma\u00e7\u00e3o, o time era composto pelos seguintes atletas: <em>Paiva, Waldir e Jos\u00e9 Granito, ajoelhados; Virg\u00edlio Zampini, Professor Eug\u00eanio Fraga, Alfredinho Tabira, Eduardo Nascimento, L\u00facio Algorta, Pedro Jahara, o presidente do Clube Jos\u00e9 Barbosa, Picol\u00e9, Manoel Mande Teresduca e Jofre, o &#8220;Alfaiate&#8221;, de branco<\/em>.<\/p>\n<p><img loading=\"lazy\" decoding=\"async\" class=\"aligncenter size-large wp-image-108900\" title=\"16\" src=\"https:\/\/historiadofutebol.com\/blog\/wp-content\/uploads\/2017\/07\/161-500x312.jpg\" alt=\"\" width=\"500\" height=\"312\" srcset=\"https:\/\/historiadofutebol.com\/blog\/wp-content\/uploads\/2017\/07\/161-500x312.jpg 500w, https:\/\/historiadofutebol.com\/blog\/wp-content\/uploads\/2017\/07\/161-300x187.jpg 300w, https:\/\/historiadofutebol.com\/blog\/wp-content\/uploads\/2017\/07\/161.jpg 988w\" sizes=\"auto, (max-width: 500px) 100vw, 500px\" \/><\/p>\n<p><strong>Bicampe\u00e3o Teresopolitano<\/strong><\/p>\n<p>Entre outras conquistas, <strong><em>se sagrou bicampe\u00e3o<\/em><\/strong> do <strong><em>Campeonato Citadino de Teres\u00f3polis<\/em><\/strong>, em <strong><em>1953<\/em><\/strong> e <strong><em>1954<\/em><\/strong>, organizado pela <strong><em>Liga Teresopolitana de Desportos (LTD)<\/em><\/strong>.<\/p>\n<p>O seu <strong><em>campo<\/em><\/strong> ficava situado na <em>Rua Darc\u00ed Menezes de Arag\u00e3o, s\/n, no Bairro da V\u00e1rzea<\/em>, \u00e0 beira do <em>rio Paquequer<\/em>, onde surgiu depois a garagem da <em>Via\u00e7\u00e3o Teres\u00f3polis<\/em>.<\/p>\n<p><img loading=\"lazy\" decoding=\"async\" class=\"aligncenter size-full wp-image-108898\" title=\"14\" src=\"https:\/\/historiadofutebol.com\/blog\/wp-content\/uploads\/2017\/07\/141.jpg\" alt=\"\" width=\"1280\" height=\"914\" srcset=\"https:\/\/historiadofutebol.com\/blog\/wp-content\/uploads\/2017\/07\/141.jpg 1280w, https:\/\/historiadofutebol.com\/blog\/wp-content\/uploads\/2017\/07\/141-300x214.jpg 300w, https:\/\/historiadofutebol.com\/blog\/wp-content\/uploads\/2017\/07\/141-500x357.jpg 500w\" sizes=\"auto, (max-width: 1280px) 100vw, 1280px\" \/><\/p>\n<p><em>O <strong>Transporte Futebol Clube<\/strong>, bicampe\u00e3o de 1953-1954 da <strong>Liga Teresopolitana de Desportos (LTD)<\/strong>. Escala\u00e7\u00e3o escrita atr\u00e1s da foto: Zez\u00e9, Z\u00e9 Luiz, Amado, Waltinho, Waldir, Geraldo, Milton, Agenor, Mesti\u00e7o, Japon\u00eas e Ti\u00e3o Coquinho.<\/em><\/p>\n<p><strong>Participa\u00e7\u00e3o no Campeonato Fluminense de 1943<\/strong><\/p>\n<p>A competi\u00e7\u00e3o mais expressiva aconteceu no ano de <strong><em>1943<\/em><\/strong>, quando participou do <strong><em>Campeonato Fluminense<\/em><\/strong>, terminando na <strong><em>9\u00aa posi\u00e7\u00e3o<\/em><\/strong>. A competi\u00e7\u00e3o contou com a participa\u00e7\u00e3o de 24 equipes:<\/p>\n<p><em>Barra Mansa Futebol Clube (Barra Mansa);<\/em><\/p>\n<p><em>Esporte Clube Barroso (Valen\u00e7a);<\/em><\/p>\n<p><em>Esporte Clube Belford Roxo (Belford Roxo);<\/em><\/p>\n<p><em>Esporte Clube Cascatinha (Petr\u00f3polis);<\/em><\/p>\n<p><em>Esporte Clube Central (Guapimirim);<\/em><\/p>\n<p><em>Cordeiro Futebol Clube (Cordeiro);<\/em><\/p>\n<p><em>Entrerriense Futebol Clube (Tr\u00eas Rios);<\/em><\/p>\n<p><em>Esperan\u00e7a Futebol Clube (Nova Friburgo);<\/em><\/p>\n<p><em>Floresta Atl\u00e9tico Clube (Cambuci);<\/em><\/p>\n<p><em>Fluminense Futebol Clube (Bom Jesus do Itabapoana);<\/em><\/p>\n<p><em>Frigor\u00edfico Atl\u00e9tico Clube (Mendes);<\/em><\/p>\n<p><em>Goytacaz Futebol Clube (Campos);<\/em><\/p>\n<p><em>Icara\u00ed Futebol Clube (Niter\u00f3i);<\/em><\/p>\n<p><em>Esporte Clube Itaocara (Itaocara);<\/em><\/p>\n<p><em>Esporte Clube Metal\u00fargico (S\u00e3o Gon\u00e7alo);<\/em><\/p>\n<p><em>Centro Esportivo Miracemense (Miracema);<\/em><\/p>\n<p><em>Natividade Atl\u00e9tico Clube (Natividade);<\/em><\/p>\n<p><em>Paduano Esporte Clube (Santo Ant\u00f4nio de P\u00e1dua);<\/em><\/p>\n<p><em>Esporte Clube Perinas (Angra dos Reis);<\/em><\/p>\n<p><em>Portela Atl\u00e9tico Clube (Miguel Pereira);<\/em><\/p>\n<p><em>Resende Futebol Clube (Resende);<\/em><\/p>\n<p><em>Rio Grande Futebol Clube (Cabo Frio);<\/em><\/p>\n<p><em>Transporte Futebol Clube (Teres\u00f3polis);<\/em><\/p>\n<p><em>Ypiranga Futebol Clube (Maca\u00e9)<\/em>.<\/p>\n<p><img loading=\"lazy\" decoding=\"async\" class=\"aligncenter size-large wp-image-108901\" title=\"17\" src=\"https:\/\/historiadofutebol.com\/blog\/wp-content\/uploads\/2017\/07\/171-500x313.jpg\" alt=\"\" width=\"500\" height=\"313\" srcset=\"https:\/\/historiadofutebol.com\/blog\/wp-content\/uploads\/2017\/07\/171-500x313.jpg 500w, https:\/\/historiadofutebol.com\/blog\/wp-content\/uploads\/2017\/07\/171-300x188.jpg 300w, https:\/\/historiadofutebol.com\/blog\/wp-content\/uploads\/2017\/07\/171.jpg 1002w\" sizes=\"auto, (max-width: 500px) 100vw, 500px\" \/><br \/>\n<strong>Agradecimentos<\/strong><\/p>\n<p>Quem pesquisa s\u00e9rio, sabe perfeitamente a dificuldade em se resgatar clubes que fizeram hist\u00f3ria. Os obst\u00e1culos s\u00e3o grandes! Nesse caso, as informa\u00e7\u00f5es do <strong>Transporte Futebol Clube<\/strong> n\u00e3o foi encontrado em nenhum site, nem revistas, jornais. Essa descoberta s\u00f3 foi poss\u00edvel gra\u00e7as ao empenho e generosidade do amigo <strong><em>Wanderley Peres<\/em><\/strong>, que fez todo esfor\u00e7o para conseguir as informa\u00e7\u00f5es, fotos e os escudos desta agremia\u00e7\u00e3o. Obrigado <strong><em>Wanderley Peres<\/em><\/strong>, por compreender a relev\u00e2ncia dessa publica\u00e7\u00e3o!<\/p>\n<p><img loading=\"lazy\" decoding=\"async\" class=\"aligncenter size-full wp-image-108895\" title=\"11\" src=\"https:\/\/historiadofutebol.com\/blog\/wp-content\/uploads\/2017\/07\/115.jpg\" alt=\"\" width=\"1925\" height=\"1422\" srcset=\"https:\/\/historiadofutebol.com\/blog\/wp-content\/uploads\/2017\/07\/115.jpg 1925w, https:\/\/historiadofutebol.com\/blog\/wp-content\/uploads\/2017\/07\/115-300x221.jpg 300w, https:\/\/historiadofutebol.com\/blog\/wp-content\/uploads\/2017\/07\/115-500x369.jpg 500w\" sizes=\"auto, (max-width: 1925px) 100vw, 1925px\" \/><\/p>\n<p><img loading=\"lazy\" decoding=\"async\" class=\"aligncenter size-full wp-image-108897\" title=\"13\" src=\"https:\/\/historiadofutebol.com\/blog\/wp-content\/uploads\/2017\/07\/131.jpg\" alt=\"\" width=\"1080\" height=\"720\" srcset=\"https:\/\/historiadofutebol.com\/blog\/wp-content\/uploads\/2017\/07\/131.jpg 1080w, https:\/\/historiadofutebol.com\/blog\/wp-content\/uploads\/2017\/07\/131-300x200.jpg 300w, https:\/\/historiadofutebol.com\/blog\/wp-content\/uploads\/2017\/07\/131-500x333.jpg 500w\" sizes=\"auto, (max-width: 1080px) 100vw, 1080px\" \/><\/p>\n<p><img loading=\"lazy\" decoding=\"async\" class=\"aligncenter size-large wp-image-108902\" title=\"20132582_1080249998777593_1115636742_o\" src=\"https:\/\/historiadofutebol.com\/blog\/wp-content\/uploads\/2017\/07\/20132582_1080249998777593_1115636742_o-281x500.jpg\" alt=\"\" width=\"281\" height=\"500\" srcset=\"https:\/\/historiadofutebol.com\/blog\/wp-content\/uploads\/2017\/07\/20132582_1080249998777593_1115636742_o-281x500.jpg 281w, https:\/\/historiadofutebol.com\/blog\/wp-content\/uploads\/2017\/07\/20132582_1080249998777593_1115636742_o-168x300.jpg 168w, https:\/\/historiadofutebol.com\/blog\/wp-content\/uploads\/2017\/07\/20132582_1080249998777593_1115636742_o-300x533.jpg 300w, https:\/\/historiadofutebol.com\/blog\/wp-content\/uploads\/2017\/07\/20132582_1080249998777593_1115636742_o.jpg 720w\" sizes=\"auto, (max-width: 281px) 100vw, 281px\" \/><\/p>\n<p><img loading=\"lazy\" decoding=\"async\" class=\"aligncenter size-full wp-image-108903\" title=\"20136317_1080248992111027_1371543940_n\" src=\"https:\/\/historiadofutebol.com\/blog\/wp-content\/uploads\/2017\/07\/20136317_1080248992111027_1371543940_n.jpg\" alt=\"\" width=\"326\" height=\"381\" srcset=\"https:\/\/historiadofutebol.com\/blog\/wp-content\/uploads\/2017\/07\/20136317_1080248992111027_1371543940_n.jpg 326w, https:\/\/historiadofutebol.com\/blog\/wp-content\/uploads\/2017\/07\/20136317_1080248992111027_1371543940_n-256x300.jpg 256w, https:\/\/historiadofutebol.com\/blog\/wp-content\/uploads\/2017\/07\/20136317_1080248992111027_1371543940_n-300x350.jpg 300w\" sizes=\"auto, (max-width: 326px) 100vw, 326px\" \/><\/p>\n<p><strong><em>FONTES &amp; FOTOS:<\/em><\/strong><em> Rsssf Brasil &#8211; Wanderley Peres<\/em><\/p>\n","protected":false},"excerpt":{"rendered":"<p>Por Andr\u00e9 Luiz Pereira Nunes \u00a0O futebol do Rio de Janeiro ganhou mais uma figurinha para o seu &#8220;\u00c1lbum da Hist\u00f3ria do Futebol Fluminense&#8220;. Trata-se do Transporte Futebol Clube que foi uma agremia\u00e7\u00e3o da cidade de Teres\u00f3polis, localizado na Regi\u00e3o Serrana do Estado do Rio de Janeiro. O clube Alvirrubro \u00e9 uma das saudosas e [&hellip;]<\/p>\n","protected":false},"author":55,"featured_media":0,"comment_status":"open","ping_status":"closed","sticky":false,"template":"","format":"standard","meta":{"footnotes":""},"categories":[203,531,83,59,345,3,47,76],"tags":[],"class_list":["post-108894","post","type-post","status-publish","format-standard","hentry","category-sergio-mello","category-carencias","category-x9-curiosidades","category-escudos","category-fotos-historicas","category-historia-do-futebol","category-rio-de-janeiro","category-antigo-estado-do-rio"],"_links":{"self":[{"href":"https:\/\/historiadofutebol.com\/blog\/index.php?rest_route=\/wp\/v2\/posts\/108894","targetHints":{"allow":["GET"]}}],"collection":[{"href":"https:\/\/historiadofutebol.com\/blog\/index.php?rest_route=\/wp\/v2\/posts"}],"about":[{"href":"https:\/\/historiadofutebol.com\/blog\/index.php?rest_route=\/wp\/v2\/types\/post"}],"author":[{"embeddable":true,"href":"https:\/\/historiadofutebol.com\/blog\/index.php?rest_route=\/wp\/v2\/users\/55"}],"replies":[{"embeddable":true,"href":"https:\/\/historiadofutebol.com\/blog\/index.php?rest_route=%2Fwp%2Fv2%2Fcomments&post=108894"}],"version-history":[{"count":1,"href":"https:\/\/historiadofutebol.com\/blog\/index.php?rest_route=\/wp\/v2\/posts\/108894\/revisions"}],"predecessor-version":[{"id":108904,"href":"https:\/\/historiadofutebol.com\/blog\/index.php?rest_route=\/wp\/v2\/posts\/108894\/revisions\/108904"}],"wp:attachment":[{"href":"https:\/\/historiadofutebol.com\/blog\/index.php?rest_route=%2Fwp%2Fv2%2Fmedia&parent=108894"}],"wp:term":[{"taxonomy":"category","embeddable":true,"href":"https:\/\/historiadofutebol.com\/blog\/index.php?rest_route=%2Fwp%2Fv2%2Fcategories&post=108894"},{"taxonomy":"post_tag","embeddable":true,"href":"https:\/\/historiadofutebol.com\/blog\/index.php?rest_route=%2Fwp%2Fv2%2Ftags&post=108894"}],"curies":[{"name":"wp","href":"https:\/\/api.w.org\/{rel}","templated":true}]}}