{"id":107406,"date":"2017-05-23T18:34:29","date_gmt":"2017-05-23T21:34:29","guid":{"rendered":"https:\/\/historiadofutebol.com\/blog\/?p=107406"},"modified":"2017-05-23T18:47:20","modified_gmt":"2017-05-23T21:47:20","slug":"foto-rara-dos-anos-60-associacao-atletica-cabofriense-cabo-frio-rj","status":"publish","type":"post","link":"https:\/\/historiadofutebol.com\/blog\/?p=107406","title":{"rendered":"Foto Rara, de 1959-60: Associa\u00e7\u00e3o Atl\u00e9tica Cabofriense &#8211; Cabo Frio (RJ)"},"content":{"rendered":"<p><img loading=\"lazy\" decoding=\"async\" class=\"aligncenter size-large wp-image-107407\" title=\"00\" src=\"https:\/\/historiadofutebol.com\/blog\/wp-content\/uploads\/2017\/05\/0059-500x316.jpg\" alt=\"\" width=\"500\" height=\"316\" srcset=\"https:\/\/historiadofutebol.com\/blog\/wp-content\/uploads\/2017\/05\/0059-500x316.jpg 500w, https:\/\/historiadofutebol.com\/blog\/wp-content\/uploads\/2017\/05\/0059-300x190.jpg 300w, https:\/\/historiadofutebol.com\/blog\/wp-content\/uploads\/2017\/05\/0059.jpg 1026w\" sizes=\"auto, (max-width: 500px) 100vw, 500px\" \/><\/p>\n<p><img loading=\"lazy\" decoding=\"async\" class=\"aligncenter size-full wp-image-107408\" title=\"anos 60\" src=\"https:\/\/historiadofutebol.com\/blog\/wp-content\/uploads\/2017\/05\/anos-60.jpg\" alt=\"\" width=\"960\" height=\"702\" srcset=\"https:\/\/historiadofutebol.com\/blog\/wp-content\/uploads\/2017\/05\/anos-60.jpg 960w, https:\/\/historiadofutebol.com\/blog\/wp-content\/uploads\/2017\/05\/anos-60-300x219.jpg 300w, https:\/\/historiadofutebol.com\/blog\/wp-content\/uploads\/2017\/05\/anos-60-500x365.jpg 500w\" sizes=\"auto, (max-width: 960px) 100vw, 960px\" \/><\/p>\n<p><em>\u00a0<strong>FOTO:<\/strong> Acervo de\u00a0Marcel\u00e3o,\u00a0Marcelo\u00a0Santos, ex-goleiro da\u00a0Cabofriense.<\/em><\/p>\n","protected":false},"excerpt":{"rendered":"<p>\u00a0FOTO: Acervo de\u00a0Marcel\u00e3o,\u00a0Marcelo\u00a0Santos, ex-goleiro da\u00a0Cabofriense.<\/p>\n","protected":false},"author":55,"featured_media":0,"comment_status":"open","ping_status":"closed","sticky":false,"template":"","format":"standard","meta":{"footnotes":""},"categories":[203,83,59,345,3,47,76],"tags":[],"class_list":["post-107406","post","type-post","status-publish","format-standard","hentry","category-sergio-mello","category-x9-curiosidades","category-escudos","category-fotos-historicas","category-historia-do-futebol","category-rio-de-janeiro","category-antigo-estado-do-rio"],"_links":{"self":[{"href":"https:\/\/historiadofutebol.com\/blog\/index.php?rest_route=\/wp\/v2\/posts\/107406","targetHints":{"allow":["GET"]}}],"collection":[{"href":"https:\/\/historiadofutebol.com\/blog\/index.php?rest_route=\/wp\/v2\/posts"}],"about":[{"href":"https:\/\/historiadofutebol.com\/blog\/index.php?rest_route=\/wp\/v2\/types\/post"}],"author":[{"embeddable":true,"href":"https:\/\/historiadofutebol.com\/blog\/index.php?rest_route=\/wp\/v2\/users\/55"}],"replies":[{"embeddable":true,"href":"https:\/\/historiadofutebol.com\/blog\/index.php?rest_route=%2Fwp%2Fv2%2Fcomments&post=107406"}],"version-history":[{"count":2,"href":"https:\/\/historiadofutebol.com\/blog\/index.php?rest_route=\/wp\/v2\/posts\/107406\/revisions"}],"predecessor-version":[{"id":107410,"href":"https:\/\/historiadofutebol.com\/blog\/index.php?rest_route=\/wp\/v2\/posts\/107406\/revisions\/107410"}],"wp:attachment":[{"href":"https:\/\/historiadofutebol.com\/blog\/index.php?rest_route=%2Fwp%2Fv2%2Fmedia&parent=107406"}],"wp:term":[{"taxonomy":"category","embeddable":true,"href":"https:\/\/historiadofutebol.com\/blog\/index.php?rest_route=%2Fwp%2Fv2%2Fcategories&post=107406"},{"taxonomy":"post_tag","embeddable":true,"href":"https:\/\/historiadofutebol.com\/blog\/index.php?rest_route=%2Fwp%2Fv2%2Ftags&post=107406"}],"curies":[{"name":"wp","href":"https:\/\/api.w.org\/{rel}","templated":true}]}}