{"id":107365,"date":"2017-05-22T14:02:26","date_gmt":"2017-05-22T17:02:26","guid":{"rendered":"https:\/\/historiadofutebol.com\/blog\/?p=107365"},"modified":"2017-05-22T16:10:49","modified_gmt":"2017-05-22T19:10:49","slug":"associacao-atletica-orlandia-orlandia-sp-diversas-participacoes-na-segundona-paulista","status":"publish","type":"post","link":"https:\/\/historiadofutebol.com\/blog\/?p=107365","title":{"rendered":"Associa\u00e7\u00e3o Atl\u00e9tica Orl\u00e2ndia &#8211; Orl\u00e2ndia (SP): Diversas participa\u00e7\u00f5es na Segundona Paulista"},"content":{"rendered":"<p><img loading=\"lazy\" decoding=\"async\" class=\"aligncenter size-large wp-image-107366\" title=\"00\" src=\"https:\/\/historiadofutebol.com\/blog\/wp-content\/uploads\/2017\/05\/0056-500x306.jpg\" alt=\"\" width=\"500\" height=\"306\" srcset=\"https:\/\/historiadofutebol.com\/blog\/wp-content\/uploads\/2017\/05\/0056-500x306.jpg 500w, https:\/\/historiadofutebol.com\/blog\/wp-content\/uploads\/2017\/05\/0056-300x184.jpg 300w, https:\/\/historiadofutebol.com\/blog\/wp-content\/uploads\/2017\/05\/0056.jpg 1030w\" sizes=\"auto, (max-width: 500px) 100vw, 500px\" \/><\/p>\n<p>A <strong>Associa\u00e7\u00e3o Atl\u00e9tica Orl\u00e2ndia<\/strong> \u00e9 uma agremia\u00e7\u00e3o da cidade de Orl\u00e2ndia, no Interior do estado de S\u00e3o Paulo. <strong>Fundado na quarta-feira, do dia 05 de Maio de 1920<\/strong>, as cores de seu uniforme eram preta e branca. A sua <strong><em>Sede social<\/em><\/strong> fica localizado na <em>Rua Quatro, n\u00ba 845, no Jardim Arantes, em Orl\u00e2ndia<\/em>. A equipe mandava os seus jogos no <strong><em>Est\u00e1dio Municipal Virg\u00edlio Ferreira Jorge, o &#8220;Virgilh\u00e3o&#8221;<\/em><\/strong>.<\/p>\n<p>Ao longo da sua hist\u00f3ria, o <strong>Orl\u00e2ndia<\/strong> participou 27 vezes do <strong><em>Campeonato Paulista da FPF (Federa\u00e7\u00e3o Paulista de Futebol)<\/em><\/strong>. Na <strong><em>Segundona Paulista (atual A-2)<\/em><\/strong> \u00a0foram 15 edi\u00e7\u00f5es: 1949 &#8211; 1950 &#8211; 1951 &#8211; 1952 &#8211; 1967 &#8211; 1969 &#8211; 1971 &#8211; 1972 &#8211; 1973 &#8211; 1974 &#8211; 1976 &#8211; 1982 &#8211; 1983 &#8211; 1984 &#8211; 1986.<\/p>\n<p>Na <strong><em>Terceirona (atual A-3)<\/em><\/strong>, esteve presente 11 vezes: 1961 &#8211; 1962 &#8211; 1963 &#8211; 1964 &#8211; 1965 &#8211; 1966 &#8211; 1977 &#8211; 1978 &#8211; 1979 &#8211; 1980 &#8211; 1981. Em <strong><em>1982<\/em><\/strong>, se <strong><em>sagrou campe\u00e3o<\/em><\/strong> do <strong><em>Torneio Matheus Marinelli<\/em><\/strong>.<\/p>\n<p>Sua \u00faltima participa\u00e7\u00e3o ocorreu em 1994, quando a <strong>Associa\u00e7\u00e3o Atl\u00e9tica Orl\u00e2ndia<\/strong>\u00a0se sagrou <strong><em>campe\u00e3<\/em><\/strong> da <strong><em>Quinta Divis\u00e3o (atual S\u00e9rie B)<\/em><\/strong>. Logo ap\u00f3s, encerrou suas atividades no futebol profissional, se tornando atualmente um clube recreativo e social.<\/p>\n<p><img loading=\"lazy\" decoding=\"async\" class=\"aligncenter size-full wp-image-107367\" title=\"113\" src=\"https:\/\/historiadofutebol.com\/blog\/wp-content\/uploads\/2017\/05\/1131.jpg\" alt=\"\" width=\"996\" height=\"600\" srcset=\"https:\/\/historiadofutebol.com\/blog\/wp-content\/uploads\/2017\/05\/1131.jpg 996w, https:\/\/historiadofutebol.com\/blog\/wp-content\/uploads\/2017\/05\/1131-300x180.jpg 300w, https:\/\/historiadofutebol.com\/blog\/wp-content\/uploads\/2017\/05\/1131-500x301.jpg 500w\" sizes=\"auto, (max-width: 996px) 100vw, 996px\" \/><\/p>\n<p><strong><em>FONTES &amp; FOTO:<\/em><\/strong><em> A Bola e o Tempo &#8211; Wikip\u00e9dia<\/em><\/p>\n","protected":false},"excerpt":{"rendered":"<p>A Associa\u00e7\u00e3o Atl\u00e9tica Orl\u00e2ndia \u00e9 uma agremia\u00e7\u00e3o da cidade de Orl\u00e2ndia, no Interior do estado de S\u00e3o Paulo. Fundado na quarta-feira, do dia 05 de Maio de 1920, as cores de seu uniforme eram preta e branca. A sua Sede social fica localizado na Rua Quatro, n\u00ba 845, no Jardim Arantes, em Orl\u00e2ndia. A equipe [&hellip;]<\/p>\n","protected":false},"author":55,"featured_media":0,"comment_status":"open","ping_status":"closed","sticky":false,"template":"","format":"standard","meta":{"footnotes":""},"categories":[203,83,59,345,3,51],"tags":[],"class_list":["post-107365","post","type-post","status-publish","format-standard","hentry","category-sergio-mello","category-x9-curiosidades","category-escudos","category-fotos-historicas","category-historia-do-futebol","category-sao-paulo"],"_links":{"self":[{"href":"https:\/\/historiadofutebol.com\/blog\/index.php?rest_route=\/wp\/v2\/posts\/107365","targetHints":{"allow":["GET"]}}],"collection":[{"href":"https:\/\/historiadofutebol.com\/blog\/index.php?rest_route=\/wp\/v2\/posts"}],"about":[{"href":"https:\/\/historiadofutebol.com\/blog\/index.php?rest_route=\/wp\/v2\/types\/post"}],"author":[{"embeddable":true,"href":"https:\/\/historiadofutebol.com\/blog\/index.php?rest_route=\/wp\/v2\/users\/55"}],"replies":[{"embeddable":true,"href":"https:\/\/historiadofutebol.com\/blog\/index.php?rest_route=%2Fwp%2Fv2%2Fcomments&post=107365"}],"version-history":[{"count":3,"href":"https:\/\/historiadofutebol.com\/blog\/index.php?rest_route=\/wp\/v2\/posts\/107365\/revisions"}],"predecessor-version":[{"id":107372,"href":"https:\/\/historiadofutebol.com\/blog\/index.php?rest_route=\/wp\/v2\/posts\/107365\/revisions\/107372"}],"wp:attachment":[{"href":"https:\/\/historiadofutebol.com\/blog\/index.php?rest_route=%2Fwp%2Fv2%2Fmedia&parent=107365"}],"wp:term":[{"taxonomy":"category","embeddable":true,"href":"https:\/\/historiadofutebol.com\/blog\/index.php?rest_route=%2Fwp%2Fv2%2Fcategories&post=107365"},{"taxonomy":"post_tag","embeddable":true,"href":"https:\/\/historiadofutebol.com\/blog\/index.php?rest_route=%2Fwp%2Fv2%2Ftags&post=107365"}],"curies":[{"name":"wp","href":"https:\/\/api.w.org\/{rel}","templated":true}]}}