{"id":107330,"date":"2017-05-20T23:57:55","date_gmt":"2017-05-21T02:57:55","guid":{"rendered":"https:\/\/historiadofutebol.com\/blog\/?p=107330"},"modified":"2017-05-21T00:00:43","modified_gmt":"2017-05-21T03:00:43","slug":"juta-belem-football-club-sao-paulo-sp-duas-participacoes-na-segundona-paulista","status":"publish","type":"post","link":"https:\/\/historiadofutebol.com\/blog\/?p=107330","title":{"rendered":"Juta Bel\u00e9m Football Club- S\u00e3o Paulo (SP): Duas participa\u00e7\u00f5es na Segundona Paulista"},"content":{"rendered":"<p><img loading=\"lazy\" decoding=\"async\" class=\"aligncenter\" title=\"00\" src=\"https:\/\/historiadofutebol.com\/blog\/wp-content\/uploads\/2017\/05\/0052-500x330.jpg\" alt=\"\" width=\"500\" height=\"330\" \/><em><\/em><\/p>\n<p><em>O <strong>Juta Bel\u00e9m Football Club<\/strong> <\/em><em>(Atual: <strong>Clube Atl\u00e9tico e Recreativo Maria Z\u00e9lia<\/strong>)<\/em><em> foi uma agremia\u00e7\u00e3o da cidade de S\u00e3o Paulo (SP<strong>). Fundado na quarta-feira, do dia 17 de Maio de 1916<\/strong>, por empregados da <\/em><em><strong>Companhia Nacional de Tecidos da Juta<\/strong><\/em><em>. A sua <\/em><em><strong>Sede<\/strong><\/em><em> e a <\/em><em><strong>Pra\u00e7a de Esportes<\/strong><\/em><em> ficava na <\/em><em>Villa Maria Z\u00e9lia (junto \u00e0 ponte da Vila Maria), no Belenzinho, em S\u00e3o Paulo<\/em><em>.<\/em><\/p>\n<p><em>\u00a0<\/em><em><strong>Hist\u00f3ria<\/strong><\/em><\/p>\n<p><em>Em duas d\u00e9cadas de exist\u00eancia o clube mudou o nome tr\u00eas vezes por causa da <\/em><strong><em>Cia Nacional de Tecidos da Juta<\/em><\/strong>. Inaugurada em 1917, a Vila Maria Z\u00e9lia come\u00e7ou a ser constru\u00edda em 1912, pelo m\u00e9dico e industrial <em>Jorge Street<\/em>, para dar abrigo aos 2.500 funcion\u00e1rios que trabalhavam na filial do Belenzinho da poderosa tecelagem <strong><em>Cia Nacional de Tecidos da Juta<\/em><\/strong>, cuja sede estava localizada nas imedia\u00e7\u00f5es da Rua Gabriel Piza, em Santana.<\/p>\n<p>Apesar de todo este crescimento vertiginoso e da produ\u00e7\u00e3o indo de vento em popa, o empres\u00e1rio acumulou d\u00edvidas cujo pagamento come\u00e7ou a se complicar. Para liquidar parte delas, <em>Jorge Street<\/em> decidiu vender a vila e a f\u00e1brica em 1924. Tudo foi comprado pela <em>fam\u00edlia Scarpa<\/em> que ao tomar posse da vila imediatamente optou por mudar o nome do local, que passou ent\u00e3o a ser conhecido como Vila Scarpa.<\/p>\n<p><strong>Mudan\u00e7as de nome<\/strong><\/p>\n<p><em>No meio dessa metamorfose, o clube sofreu e teve de <\/em><em><strong>mudar o nome<\/strong><\/em><em>. Em <\/em><em><strong>1925<\/strong><\/em><em>, numa clara homenagem ao novo propriet\u00e1rio, passou a se chamar: <\/em><em><strong>Associa\u00e7\u00e3o <\/strong><\/em><em><strong>Athletica<\/strong><\/em><em><strong> <\/strong><\/em><em><strong>Scarpa<\/strong><\/em><em>.<\/em><\/p>\n<p>Mesmo n\u00e3o tendo agradado aos oper\u00e1rios o novo nome da vila seria mantido durante todo o per\u00edodo que a fam\u00edlia Scarpa ficou como propriet\u00e1ria do complexo. Em 1929, com a crise financeira que assolou o Brasil e o mundo, a <em>fam\u00edlia Scarpa<\/em> tamb\u00e9m sofre com dificuldades para pagar algumas hipotecas. E \u00e9 assim que o <em>Grupo Guinle<\/em> toma posse do local e restabelece, t\u00e3o logo assume a propriedade, o nome original <strong><em>Vila Maria Z\u00e9lia<\/em><\/strong>.<em><\/em><\/p>\n<p><em>No ano seguinte, novamente o clube alterou o seu nome e voltou ao nome original: <strong>Juta Bel\u00e9m Football Clube, <\/strong>permanecendo assim at\u00e9<strong> 1935<\/strong>. <\/em><em>Na tarde da segunda-feira, do dia 20 de Setembro de 1935<\/em><em>, foi rebatizado como <\/em><em><strong>Clube Atl\u00e9tico e Recreativo Maria Z\u00e9lia<\/strong><\/em><em>, uma homenagem \u00e0 dona Maria Z\u00e9lia, mulher do Dr. <\/em><em>Jorge Street<\/em><em>, administrador da Ind\u00fastria e incentivador do clube.<\/em><\/p>\n<p><em>\u00a0<\/em><em><strong>Participa\u00e7\u00f5es na Segunda e Terceira Divis\u00f5es<\/strong><\/em><\/p>\n<p><em>No meio de tantas mudan\u00e7as, o clube disputou competi\u00e7\u00f5es de express\u00e3o. No <\/em><em><strong>Campeonato Paulista da Segunda Divis\u00e3o<\/strong><\/em><em>, em <\/em><em><strong>1921<\/strong><\/em><em> e <\/em><em><strong>1922<\/strong><\/em><em>; e em <\/em><em><strong>1925<\/strong><\/em><em>, <strong>Juta Bel\u00e9m Football Club<\/strong> participou do <\/em><em><strong>Campeonato Municipal<\/strong><\/em><em>, organizado pela <\/em><em><strong>APEA (Associa\u00e7\u00e3o Paulista de Esportes Athleticos)<\/strong><\/em><em>. E, em <\/em><em><strong>1935<\/strong><\/em><em>, esteve presente no <\/em><em><strong>Campeonato Paulista da Terceira Divis\u00e3o<\/strong><\/em><em>.<\/em><\/p>\n<p><em>J\u00e1 como <\/em><em><strong>AA Scarpa<\/strong><\/em><em> disputou o <\/em><em><strong>Campeonato Paulista da Terceira Divis\u00e3o<\/strong><\/em><em>, em <\/em><em><strong>1926<\/strong><\/em><em> e <\/em><em><strong>1928<\/strong><\/em><em>; e na <\/em><em><strong>Campeonato Paulista da Segunda Divis\u00e3o<\/strong><\/em><em>, em <\/em><em><strong>1927<\/strong><\/em><em>, <\/em><em><strong>1929<\/strong><\/em><em> e <\/em><em><strong>1930<\/strong><\/em><em>.<\/em><\/p>\n<p><em>\u00a0<\/em><\/p>\n<p><em><strong>FONTES:<\/strong><\/em><em> Revista Placar &#8211; <\/em>A Gazeta &#8211; <em>S\u00e3o Paulo Antiga &#8211; O Combate<\/em> <em><\/em><\/p>\n","protected":false},"excerpt":{"rendered":"<p>O Juta Bel\u00e9m Football Club (Atual: Clube Atl\u00e9tico e Recreativo Maria Z\u00e9lia) foi uma agremia\u00e7\u00e3o da cidade de S\u00e3o Paulo (SP). Fundado na quarta-feira, do dia 17 de Maio de 1916, por empregados da Companhia Nacional de Tecidos da Juta. A sua Sede e a Pra\u00e7a de Esportes ficava na Villa Maria Z\u00e9lia (junto \u00e0 [&hellip;]<\/p>\n","protected":false},"author":55,"featured_media":0,"comment_status":"open","ping_status":"closed","sticky":false,"template":"","format":"standard","meta":{"footnotes":""},"categories":[203,189,531,83,59,3,51],"tags":[],"class_list":["post-107330","post","type-post","status-publish","format-standard","hentry","category-sergio-mello","category-toninho-sereno","category-carencias","category-x9-curiosidades","category-escudos","category-historia-do-futebol","category-sao-paulo"],"_links":{"self":[{"href":"https:\/\/historiadofutebol.com\/blog\/index.php?rest_route=\/wp\/v2\/posts\/107330","targetHints":{"allow":["GET"]}}],"collection":[{"href":"https:\/\/historiadofutebol.com\/blog\/index.php?rest_route=\/wp\/v2\/posts"}],"about":[{"href":"https:\/\/historiadofutebol.com\/blog\/index.php?rest_route=\/wp\/v2\/types\/post"}],"author":[{"embeddable":true,"href":"https:\/\/historiadofutebol.com\/blog\/index.php?rest_route=\/wp\/v2\/users\/55"}],"replies":[{"embeddable":true,"href":"https:\/\/historiadofutebol.com\/blog\/index.php?rest_route=%2Fwp%2Fv2%2Fcomments&post=107330"}],"version-history":[{"count":2,"href":"https:\/\/historiadofutebol.com\/blog\/index.php?rest_route=\/wp\/v2\/posts\/107330\/revisions"}],"predecessor-version":[{"id":107333,"href":"https:\/\/historiadofutebol.com\/blog\/index.php?rest_route=\/wp\/v2\/posts\/107330\/revisions\/107333"}],"wp:attachment":[{"href":"https:\/\/historiadofutebol.com\/blog\/index.php?rest_route=%2Fwp%2Fv2%2Fmedia&parent=107330"}],"wp:term":[{"taxonomy":"category","embeddable":true,"href":"https:\/\/historiadofutebol.com\/blog\/index.php?rest_route=%2Fwp%2Fv2%2Fcategories&post=107330"},{"taxonomy":"post_tag","embeddable":true,"href":"https:\/\/historiadofutebol.com\/blog\/index.php?rest_route=%2Fwp%2Fv2%2Ftags&post=107330"}],"curies":[{"name":"wp","href":"https:\/\/api.w.org\/{rel}","templated":true}]}}