{"id":107120,"date":"2017-05-15T15:43:42","date_gmt":"2017-05-15T18:43:42","guid":{"rendered":"https:\/\/historiadofutebol.com\/blog\/?p=107120"},"modified":"2017-05-15T16:08:17","modified_gmt":"2017-05-15T19:08:17","slug":"escudo-raro-de-1964-mineiro-futebol-clube-santos-dumont-mg","status":"publish","type":"post","link":"https:\/\/historiadofutebol.com\/blog\/?p=107120","title":{"rendered":"Escudo Raro, de 1964: Mineiro Futebol Clube &#8211; Santos Dumont (MG)"},"content":{"rendered":"<p><img loading=\"lazy\" decoding=\"async\" class=\"aligncenter size-large wp-image-107125\" title=\"00\" src=\"https:\/\/historiadofutebol.com\/blog\/wp-content\/uploads\/2017\/05\/0041-500x309.jpg\" alt=\"\" width=\"500\" height=\"309\" srcset=\"https:\/\/historiadofutebol.com\/blog\/wp-content\/uploads\/2017\/05\/0041-500x309.jpg 500w, https:\/\/historiadofutebol.com\/blog\/wp-content\/uploads\/2017\/05\/0041-300x185.jpg 300w, https:\/\/historiadofutebol.com\/blog\/wp-content\/uploads\/2017\/05\/0041.jpg 1036w\" sizes=\"auto, (max-width: 500px) 100vw, 500px\" \/><\/p>\n<p><em>O\u00a0<strong>Mineiro Futebol Clube<\/strong>\u00a0\u00e9 uma agremia\u00e7\u00e3o do\u00a0 Munic\u00edpio de Santos Dumont (MG).<\/em>\u00a0O<em><strong>\u00a0Alvinegro Sandumonense\u00a0<\/strong><\/em>foi<em><strong>\u00a0Fundado no dia 24 de Maio de 1925<\/strong>, como\u00a0<\/em><em><strong>Palmira<\/strong><\/em><em>, possui a sua\u00a0<\/em><em><strong>Sede\u00a0<\/strong><\/em><em>localizada na\u00a0<\/em><em>Rua Roberto Dinamite, 320, no Centro da Cidade<\/em><em>. Cerca de dois meses depois,\u00a0<\/em><em>no dia 22 de junho<\/em><em>, foi constitu\u00edda a\u00a0<\/em><em><strong>1\u00aa Diretoria<\/strong><\/em><em>:<\/em><em><\/em><\/p>\n<p><em><strong>Presidente &#8211;<\/strong><\/em><em>\u00a0Vicente Spinelli;<\/em><\/p>\n<p><em><strong>Vice-presidente &#8211;<\/strong><\/em><em>\u00a0Goiat\u00e1 Camopi;<\/em><\/p>\n<p><em><strong>1\u00ba Tesoureiro &#8211;<\/strong><\/em><em>\u00a0Jos\u00e9 Abreu Jr.;<\/em><\/p>\n<p><em><strong>2\u00ba Tesoureiro &#8211;<\/strong><\/em><em>\u00a0Broncibel Castelo Branco;<\/em><\/p>\n<p><em><strong>1\u00ba Secret\u00e1rio &#8211;<\/strong><\/em><em>\u00a0Derossi Abreu;<\/em><\/p>\n<p><em><strong>2\u00ba Secret\u00e1rio &#8211;<\/strong><\/em><em>\u00a0Moacir Pires de Mendon\u00e7a;<\/em><\/p>\n<p><em><strong>Diretor Esportivo &#8211;<\/strong><\/em><em>\u00a0Henrique Dias Coelho.<\/em><\/p>\n<p><img loading=\"lazy\" decoding=\"async\" class=\"aligncenter size-full wp-image-107122\" title=\"1964 MFC\" src=\"https:\/\/historiadofutebol.com\/blog\/wp-content\/uploads\/2017\/05\/1964-MFC.jpg\" alt=\"\" width=\"960\" height=\"1280\" srcset=\"https:\/\/historiadofutebol.com\/blog\/wp-content\/uploads\/2017\/05\/1964-MFC.jpg 960w, https:\/\/historiadofutebol.com\/blog\/wp-content\/uploads\/2017\/05\/1964-MFC-225x300.jpg 225w, https:\/\/historiadofutebol.com\/blog\/wp-content\/uploads\/2017\/05\/1964-MFC-375x500.jpg 375w, https:\/\/historiadofutebol.com\/blog\/wp-content\/uploads\/2017\/05\/1964-MFC-300x400.jpg 300w\" sizes=\"auto, (max-width: 960px) 100vw, 960px\" \/><\/p>\n<p><em>\u00a0<\/em><em>\u00a0<\/em><em>No dia 21 de Junho de 1932<\/em><em>, o\u00a0<strong>Mineiro<\/strong>\u00a0enfrentou o\u00a0<\/em><em><strong>Flamengo do Rio<\/strong><\/em><em>, em amistoso. O\u00a0<\/em><em><strong>rubro-negro carioca<\/strong><\/em><em>\u00a0venceu por 4 a 2.<strong>\u00a0S\u00e3o Crist\u00f3v\u00e3o<\/strong>\u00a0e\u00a0<strong>Am\u00e9rica<\/strong>\u00a0foram outros advers\u00e1rios cariocas que o\u00a0<strong>Mineiro<\/strong>\u00a0enfrentou nos anos 30. Em 1933, inaugurou a sua\u00a0<\/em><strong><em>Sede<\/em><\/strong><em>\u00a0e tamb\u00e9m passou a clube profissional da\u00a0<\/em><em><strong>AMEA<\/strong><\/em><em>, com sede em\u00a0<\/em><em>Juiz de Fora<\/em><em>.<\/em><\/p>\n<p><em>O\u00a0<strong>Mineiro<\/strong>\u00a0j\u00e1 disputou alguns\u00a0<\/em><em><strong>Campeonatos Citadinos de Juiz de Fora<\/strong><\/em><em>, como os anos de\u00a01961, 1962, 1964 e 1966<\/em>.\u00a0<em>Entre dezenas de trof\u00e9us, um dos mais importantes foi o\u00a0<\/em><em><strong>Campeonato Regional de Minas Gerais<\/strong><\/em><em>, quando enfrentou o\u00a0<\/em><em><strong>Tupy de Juiz de Fora, 15 de Novembro, Vila do Carmo de Barbacena, Atl\u00e9tico de S\u00e3o Jo\u00e3o Del Rei<\/strong><\/em><em>\u00a0entre outros campe\u00f5es de diversas cidades.<\/em><\/p>\n<p><img decoding=\"async\" src=\"https:\/\/historiadofutebol.com\/blog\/wp-content\/uploads\/2015\/11\/00012.jpg\" alt=\"\" \/><\/p>\n<p>&nbsp;<\/p>\n<p><em><strong>FONTES:<\/strong><\/em><em>\u00a0Flap\u00e9dia &#8211; Jornal A Manh\u00e3 &#8211; Di\u00e1rio Mercantil<\/em><\/p>\n","protected":false},"excerpt":{"rendered":"<p>O\u00a0Mineiro Futebol Clube\u00a0\u00e9 uma agremia\u00e7\u00e3o do\u00a0 Munic\u00edpio de Santos Dumont (MG).\u00a0O\u00a0Alvinegro Sandumonense\u00a0foi\u00a0Fundado no dia 24 de Maio de 1925, como\u00a0Palmira, possui a sua\u00a0Sede\u00a0localizada na\u00a0Rua Roberto Dinamite, 320, no Centro da Cidade. Cerca de dois meses depois,\u00a0no dia 22 de junho, foi constitu\u00edda a\u00a01\u00aa Diretoria: Presidente &#8211;\u00a0Vicente Spinelli; Vice-presidente &#8211;\u00a0Goiat\u00e1 Camopi; 1\u00ba Tesoureiro &#8211;\u00a0Jos\u00e9 Abreu Jr.; [&hellip;]<\/p>\n","protected":false},"author":55,"featured_media":0,"comment_status":"open","ping_status":"closed","sticky":false,"template":"","format":"standard","meta":{"footnotes":""},"categories":[203,213,83,59,345,3,39],"tags":[],"class_list":["post-107120","post","type-post","status-publish","format-standard","hentry","category-sergio-mello","category-vitor-dias","category-x9-curiosidades","category-escudos","category-fotos-historicas","category-historia-do-futebol","category-minas-gerais"],"_links":{"self":[{"href":"https:\/\/historiadofutebol.com\/blog\/index.php?rest_route=\/wp\/v2\/posts\/107120","targetHints":{"allow":["GET"]}}],"collection":[{"href":"https:\/\/historiadofutebol.com\/blog\/index.php?rest_route=\/wp\/v2\/posts"}],"about":[{"href":"https:\/\/historiadofutebol.com\/blog\/index.php?rest_route=\/wp\/v2\/types\/post"}],"author":[{"embeddable":true,"href":"https:\/\/historiadofutebol.com\/blog\/index.php?rest_route=\/wp\/v2\/users\/55"}],"replies":[{"embeddable":true,"href":"https:\/\/historiadofutebol.com\/blog\/index.php?rest_route=%2Fwp%2Fv2%2Fcomments&post=107120"}],"version-history":[{"count":3,"href":"https:\/\/historiadofutebol.com\/blog\/index.php?rest_route=\/wp\/v2\/posts\/107120\/revisions"}],"predecessor-version":[{"id":107124,"href":"https:\/\/historiadofutebol.com\/blog\/index.php?rest_route=\/wp\/v2\/posts\/107120\/revisions\/107124"}],"wp:attachment":[{"href":"https:\/\/historiadofutebol.com\/blog\/index.php?rest_route=%2Fwp%2Fv2%2Fmedia&parent=107120"}],"wp:term":[{"taxonomy":"category","embeddable":true,"href":"https:\/\/historiadofutebol.com\/blog\/index.php?rest_route=%2Fwp%2Fv2%2Fcategories&post=107120"},{"taxonomy":"post_tag","embeddable":true,"href":"https:\/\/historiadofutebol.com\/blog\/index.php?rest_route=%2Fwp%2Fv2%2Ftags&post=107120"}],"curies":[{"name":"wp","href":"https:\/\/api.w.org\/{rel}","templated":true}]}}