{"id":107115,"date":"2017-05-15T12:56:20","date_gmt":"2017-05-15T15:56:20","guid":{"rendered":"https:\/\/historiadofutebol.com\/blog\/?p=107115"},"modified":"2017-05-15T12:56:20","modified_gmt":"2017-05-15T15:56:20","slug":"foto-rara-de-1964-america-futebol-clube-barbacena-mg","status":"publish","type":"post","link":"https:\/\/historiadofutebol.com\/blog\/?p=107115","title":{"rendered":"Foto Rara, de 1964: Am\u00e9rica Futebol Clube &#8211; Barbacena (MG)"},"content":{"rendered":"<p><img loading=\"lazy\" decoding=\"async\" class=\"aligncenter size-large wp-image-107116\" title=\"00\" src=\"https:\/\/historiadofutebol.com\/blog\/wp-content\/uploads\/2017\/05\/0039-500x310.jpg\" alt=\"\" width=\"500\" height=\"310\" srcset=\"https:\/\/historiadofutebol.com\/blog\/wp-content\/uploads\/2017\/05\/0039-500x310.jpg 500w, https:\/\/historiadofutebol.com\/blog\/wp-content\/uploads\/2017\/05\/0039-300x186.jpg 300w, https:\/\/historiadofutebol.com\/blog\/wp-content\/uploads\/2017\/05\/0039.jpg 1018w\" sizes=\"auto, (max-width: 500px) 100vw, 500px\" \/><\/p>\n<p>O <strong>Am\u00e9rica Futebol Clube<\/strong> <strong><em>(Am\u00e9rica de Barbacena)<\/em><\/strong> foi uma agremia\u00e7\u00e3o da cidade de Barbacena (MG). Localizado no Campo das Vertentes <em>(com uma popula\u00e7\u00e3o de 135.829 habitantes, segundo o Censo do IBGE\/2016)<\/em>, Barbacena fica a 169 km da capital <em>(Belo Horizonte)<\/em> mineira.<\/p>\n<p>O <strong><em>Mec\u00e3o Barbacenense<\/em><\/strong> foi <strong>Fundado na sexta-feira, do dia <\/strong><strong>06 de Novembro de 1931<\/strong>. A <strong><em>Sede<\/em><\/strong> ficava situada na <em>Avenida Oleg\u00e1rio Maciel, s\/n, no Centro de Barbacena<\/em>. A equipe rubra mandava os seus jogos no <strong><em>Est\u00e1dio Onda Nunes<\/em><\/strong>, com <strong><em>Capacidade para 3 mil pessoas<\/em><\/strong>.<\/p>\n<p>O <strong>Am\u00e9rica<\/strong> realizou diversos amistosos, como por exemplo, o <strong><em>Clube de Regatas Flamengo<\/em><\/strong>, <em>num domingo, do 21 de abril de 1957<\/em>, no <em>Est\u00e1dio Onda Nunes<\/em>, em Barbacena. No final, melhor para o <strong><em>Rubro-Negro carioca<\/em><\/strong> que n\u00e3o teve trabalho para golear pelo placar de <strong><em>7 a 0<\/em><\/strong>.<\/p>\n<p>O <strong><em>Am\u00e9rica de Barbacena<\/em><\/strong> construiu uma hist\u00f3ria rica, onde faturou \u00a0in\u00fameros t\u00edtulos do <strong><em>Campeonato Citadino<\/em><\/strong>, organizado pela <strong><em>Liga de Futebol Barbacena (LFB)<\/em><\/strong>. Tamb\u00e9m participou de diversas competi\u00e7\u00f5es na esfera profissional como o <strong><em>Campeonato Citadino de Juiz de Fora de 1964<\/em><\/strong>; o <strong><em>Campeonato Mineiro Segunda Divis\u00e3o<\/em><\/strong> de <strong><em>1967<\/em><\/strong> e <strong><em>1968<\/em><\/strong>; e o <strong><em>Campeonato Mineiro Terceira Divis\u00e3o de 1987<\/em><\/strong>.<\/p>\n<p>V\u00e1rios grandes jogares passaram pelo <strong><em>Mec\u00e3o<\/em><\/strong>: <em>Paulinho, &#8220;Cabe\u00e7inha de Ouro&#8221;<\/em>, o <em>t\u00e9cnico Paulo Trindade<\/em>, <em>Mosquito, Canelinha, Willian, Celinho, Tonho, Joaozinho, Bigode, Russinho, Macal\u00e9, Nininho, Jurandir, Fub\u00e1, Lado, Tarzan, Chiquinho, Eli Vasques, Pascoal, Adalberto, Klebis, Zez\u00e9, Oiama, Pissolati, C\u00e9lio, Hercules, Charrid <\/em>e entre outros.<\/p>\n<p><img loading=\"lazy\" decoding=\"async\" class=\"aligncenter size-full wp-image-107117\" title=\"18472469_1030672520402008_678012896_o\" src=\"https:\/\/historiadofutebol.com\/blog\/wp-content\/uploads\/2017\/05\/18472469_1030672520402008_678012896_o.jpg\" alt=\"\" width=\"960\" height=\"1280\" srcset=\"https:\/\/historiadofutebol.com\/blog\/wp-content\/uploads\/2017\/05\/18472469_1030672520402008_678012896_o.jpg 960w, https:\/\/historiadofutebol.com\/blog\/wp-content\/uploads\/2017\/05\/18472469_1030672520402008_678012896_o-225x300.jpg 225w, https:\/\/historiadofutebol.com\/blog\/wp-content\/uploads\/2017\/05\/18472469_1030672520402008_678012896_o-375x500.jpg 375w, https:\/\/historiadofutebol.com\/blog\/wp-content\/uploads\/2017\/05\/18472469_1030672520402008_678012896_o-300x400.jpg 300w\" sizes=\"auto, (max-width: 960px) 100vw, 960px\" \/><\/p>\n<p><strong><em>FONTES:<\/em><\/strong><em> Wikip\u00e9dia &#8211; Gol Aberto &#8211; Flap\u00e9dia &#8211; Di\u00e1rio Mercantil<\/em><\/p>\n","protected":false},"excerpt":{"rendered":"<p>O Am\u00e9rica Futebol Clube (Am\u00e9rica de Barbacena) foi uma agremia\u00e7\u00e3o da cidade de Barbacena (MG). Localizado no Campo das Vertentes (com uma popula\u00e7\u00e3o de 135.829 habitantes, segundo o Censo do IBGE\/2016), Barbacena fica a 169 km da capital (Belo Horizonte) mineira. O Mec\u00e3o Barbacenense foi Fundado na sexta-feira, do dia 06 de Novembro de 1931. [&hellip;]<\/p>\n","protected":false},"author":55,"featured_media":0,"comment_status":"open","ping_status":"closed","sticky":false,"template":"","format":"standard","meta":{"footnotes":""},"categories":[203,213,531,83,59,345,3,39],"tags":[],"class_list":["post-107115","post","type-post","status-publish","format-standard","hentry","category-sergio-mello","category-vitor-dias","category-carencias","category-x9-curiosidades","category-escudos","category-fotos-historicas","category-historia-do-futebol","category-minas-gerais"],"_links":{"self":[{"href":"https:\/\/historiadofutebol.com\/blog\/index.php?rest_route=\/wp\/v2\/posts\/107115","targetHints":{"allow":["GET"]}}],"collection":[{"href":"https:\/\/historiadofutebol.com\/blog\/index.php?rest_route=\/wp\/v2\/posts"}],"about":[{"href":"https:\/\/historiadofutebol.com\/blog\/index.php?rest_route=\/wp\/v2\/types\/post"}],"author":[{"embeddable":true,"href":"https:\/\/historiadofutebol.com\/blog\/index.php?rest_route=\/wp\/v2\/users\/55"}],"replies":[{"embeddable":true,"href":"https:\/\/historiadofutebol.com\/blog\/index.php?rest_route=%2Fwp%2Fv2%2Fcomments&post=107115"}],"version-history":[{"count":2,"href":"https:\/\/historiadofutebol.com\/blog\/index.php?rest_route=\/wp\/v2\/posts\/107115\/revisions"}],"predecessor-version":[{"id":107119,"href":"https:\/\/historiadofutebol.com\/blog\/index.php?rest_route=\/wp\/v2\/posts\/107115\/revisions\/107119"}],"wp:attachment":[{"href":"https:\/\/historiadofutebol.com\/blog\/index.php?rest_route=%2Fwp%2Fv2%2Fmedia&parent=107115"}],"wp:term":[{"taxonomy":"category","embeddable":true,"href":"https:\/\/historiadofutebol.com\/blog\/index.php?rest_route=%2Fwp%2Fv2%2Fcategories&post=107115"},{"taxonomy":"post_tag","embeddable":true,"href":"https:\/\/historiadofutebol.com\/blog\/index.php?rest_route=%2Fwp%2Fv2%2Ftags&post=107115"}],"curies":[{"name":"wp","href":"https:\/\/api.w.org\/{rel}","templated":true}]}}