{"id":106497,"date":"2017-05-04T15:24:09","date_gmt":"2017-05-04T18:24:09","guid":{"rendered":"https:\/\/historiadofutebol.com\/blog\/?p=106497"},"modified":"2017-05-04T15:24:09","modified_gmt":"2017-05-04T18:24:09","slug":"gremio-esportivo-militar-sao-gabriel-rs-disputou-a-elite-do-futebol-gaucho-de-1935","status":"publish","type":"post","link":"https:\/\/historiadofutebol.com\/blog\/?p=106497","title":{"rendered":"Gr\u00eamio Esportivo Militar &#8211; S\u00e3o Gabriel (RS): Disputou a Elite do Futebol Ga\u00facho de 1935"},"content":{"rendered":"<p><img loading=\"lazy\" decoding=\"async\" class=\"aligncenter size-large wp-image-106500\" title=\"00\" src=\"https:\/\/historiadofutebol.com\/blog\/wp-content\/uploads\/2017\/05\/007-500x323.jpg\" alt=\"\" width=\"500\" height=\"323\" srcset=\"https:\/\/historiadofutebol.com\/blog\/wp-content\/uploads\/2017\/05\/007-500x323.jpg 500w, https:\/\/historiadofutebol.com\/blog\/wp-content\/uploads\/2017\/05\/007-300x193.jpg 300w, https:\/\/historiadofutebol.com\/blog\/wp-content\/uploads\/2017\/05\/007.jpg 972w\" sizes=\"auto, (max-width: 500px) 100vw, 500px\" \/><\/p>\n<p>O <strong>Gr\u00eamio Esportivo Militar<\/strong> foi uma agremia\u00e7\u00e3o da cidade de S\u00e3o Gabriel (RS). O <strong><em>Alvianil Celeste<\/em><\/strong> foi <strong>Fundado no S\u00e1bado, do dia 18 de Outubro de 1924<\/strong>, como <strong><em>Gr\u00eamio Sportivo Militar<\/em><\/strong>.<\/p>\n<p>Em 1935, o <strong><em>G.S. Militar de S\u00e3o Gabriel<\/em><\/strong> filiou-se \u00e0 <strong><em>Federa\u00e7\u00e3o Rio-Grandense de Desportos (FRGD)<\/em><\/strong> e disputou o <strong><em>Campeonato Ga\u00facho da 1\u00aa Divis\u00e3o daquele ano<\/em><\/strong>. O <strong><em>clube Gabrielense<\/em><\/strong> na chave <strong>Zona Sul<\/strong>, da <strong><em>9\u00aa Regi\u00e3o<\/em><\/strong>, juntamente com o <strong><em>Gr\u00eamio Esportivo Duque de Caxias<\/em><\/strong>, de <em>Dom Pedrito<\/em>.<\/p>\n<div id=\"attachment_106498\" style=\"width: 884px\" class=\"wp-caption aligncenter\"><img loading=\"lazy\" decoding=\"async\" aria-describedby=\"caption-attachment-106498\" class=\"size-full wp-image-106498\" title=\"00 1\" src=\"https:\/\/historiadofutebol.com\/blog\/wp-content\/uploads\/2017\/05\/00-14.jpg\" alt=\"\" width=\"874\" height=\"627\" srcset=\"https:\/\/historiadofutebol.com\/blog\/wp-content\/uploads\/2017\/05\/00-14.jpg 874w, https:\/\/historiadofutebol.com\/blog\/wp-content\/uploads\/2017\/05\/00-14-300x215.jpg 300w, https:\/\/historiadofutebol.com\/blog\/wp-content\/uploads\/2017\/05\/00-14-500x358.jpg 500w\" sizes=\"auto, (max-width: 874px) 100vw, 874px\" \/><p id=\"caption-attachment-106498\" class=\"wp-caption-text\">Time posado de 1945<\/p><\/div>\n<p>No ano seguinte (<strong><em>em 13 de Maio de 1936<\/em><\/strong>) se fundiu com o <strong><em>Cavalaria Foot-Ball Club<\/em><\/strong>, dando origem ao <strong><em>Botafogo Foot-Ball Club<\/em><\/strong>. Ainda naquele ano disputou o <strong><em>Campeonato Ga\u00facho da 1\u00aa Divis\u00e3o<\/em><\/strong>. Pouco depois a fus\u00e3o foi desfeita.<\/p>\n<p>O <strong>Gr\u00eamio Esportivo Militar<\/strong> seguiu participando do <strong><em>Campeonato Citadino de S\u00e3o Gabriel<\/em><\/strong>, onde ficou com o <strong><em>vice-campeonato de 1945<\/em><\/strong>. O clube seguiu at\u00e9 o <em><strong>dia<\/strong><\/em><strong><em>\u00a0<\/em><\/strong><em><strong>1\u00ba de Outubro de 1947<\/strong><\/em>, quando mudou de nome, passando a se chamar: <em><strong>Gr\u00eamio Esportivo Minuano<\/strong><\/em>.<\/p>\n<p><img loading=\"lazy\" decoding=\"async\" class=\"aligncenter size-full wp-image-106499\" title=\"00 2\" src=\"https:\/\/historiadofutebol.com\/blog\/wp-content\/uploads\/2017\/05\/00-21.jpg\" alt=\"\" width=\"960\" height=\"1336\" srcset=\"https:\/\/historiadofutebol.com\/blog\/wp-content\/uploads\/2017\/05\/00-21.jpg 960w, https:\/\/historiadofutebol.com\/blog\/wp-content\/uploads\/2017\/05\/00-21-215x300.jpg 215w, https:\/\/historiadofutebol.com\/blog\/wp-content\/uploads\/2017\/05\/00-21-359x500.jpg 359w, https:\/\/historiadofutebol.com\/blog\/wp-content\/uploads\/2017\/05\/00-21-300x417.jpg 300w\" sizes=\"auto, (max-width: 960px) 100vw, 960px\" \/><\/p>\n<p><em>\u00a0<\/em><\/p>\n<p><strong><em>FONTES &amp; FOTO:<\/em><\/strong><em> Site N1 Not\u00edcia &#8211; P\u00e1gina no Facebook: &#8220;Mem\u00f3ria do Futebol de S\u00e3o Gabriel&#8221; &#8211; Jornal A Federa\u00e7\u00e3o\u00a0<\/em><\/p>\n","protected":false},"excerpt":{"rendered":"<p>O Gr\u00eamio Esportivo Militar foi uma agremia\u00e7\u00e3o da cidade de S\u00e3o Gabriel (RS). O Alvianil Celeste foi Fundado no S\u00e1bado, do dia 18 de Outubro de 1924, como Gr\u00eamio Sportivo Militar. Em 1935, o G.S. Militar de S\u00e3o Gabriel filiou-se \u00e0 Federa\u00e7\u00e3o Rio-Grandense de Desportos (FRGD) e disputou o Campeonato Ga\u00facho da 1\u00aa Divis\u00e3o daquele [&hellip;]<\/p>\n","protected":false},"author":55,"featured_media":0,"comment_status":"open","ping_status":"closed","sticky":false,"template":"","format":"standard","meta":{"footnotes":""},"categories":[203,83,59,345,3,46],"tags":[],"class_list":["post-106497","post","type-post","status-publish","format-standard","hentry","category-sergio-mello","category-x9-curiosidades","category-escudos","category-fotos-historicas","category-historia-do-futebol","category-rg-do-sul"],"_links":{"self":[{"href":"https:\/\/historiadofutebol.com\/blog\/index.php?rest_route=\/wp\/v2\/posts\/106497","targetHints":{"allow":["GET"]}}],"collection":[{"href":"https:\/\/historiadofutebol.com\/blog\/index.php?rest_route=\/wp\/v2\/posts"}],"about":[{"href":"https:\/\/historiadofutebol.com\/blog\/index.php?rest_route=\/wp\/v2\/types\/post"}],"author":[{"embeddable":true,"href":"https:\/\/historiadofutebol.com\/blog\/index.php?rest_route=\/wp\/v2\/users\/55"}],"replies":[{"embeddable":true,"href":"https:\/\/historiadofutebol.com\/blog\/index.php?rest_route=%2Fwp%2Fv2%2Fcomments&post=106497"}],"version-history":[{"count":2,"href":"https:\/\/historiadofutebol.com\/blog\/index.php?rest_route=\/wp\/v2\/posts\/106497\/revisions"}],"predecessor-version":[{"id":106502,"href":"https:\/\/historiadofutebol.com\/blog\/index.php?rest_route=\/wp\/v2\/posts\/106497\/revisions\/106502"}],"wp:attachment":[{"href":"https:\/\/historiadofutebol.com\/blog\/index.php?rest_route=%2Fwp%2Fv2%2Fmedia&parent=106497"}],"wp:term":[{"taxonomy":"category","embeddable":true,"href":"https:\/\/historiadofutebol.com\/blog\/index.php?rest_route=%2Fwp%2Fv2%2Fcategories&post=106497"},{"taxonomy":"post_tag","embeddable":true,"href":"https:\/\/historiadofutebol.com\/blog\/index.php?rest_route=%2Fwp%2Fv2%2Ftags&post=106497"}],"curies":[{"name":"wp","href":"https:\/\/api.w.org\/{rel}","templated":true}]}}