{"id":106036,"date":"2017-04-27T19:21:41","date_gmt":"2017-04-27T22:21:41","guid":{"rendered":"https:\/\/historiadofutebol.com\/blog\/?p=106036"},"modified":"2017-04-27T19:21:41","modified_gmt":"2017-04-27T22:21:41","slug":"canto-do-rio-foot-ball-club-%e2%80%93-niteroi-rj-escudo-e-uniforme-de-1962-e-63","status":"publish","type":"post","link":"https:\/\/historiadofutebol.com\/blog\/?p=106036","title":{"rendered":"Canto do Rio Foot-Ball Club \u2013 Niter\u00f3i (RJ): Escudo e uniforme de 1962 e 63"},"content":{"rendered":"<p><img loading=\"lazy\" decoding=\"async\" class=\"aligncenter size-large wp-image-106047\" title=\"00\" src=\"https:\/\/historiadofutebol.com\/blog\/wp-content\/uploads\/2017\/04\/0018-500x314.jpg\" alt=\"\" width=\"500\" height=\"314\" srcset=\"https:\/\/historiadofutebol.com\/blog\/wp-content\/uploads\/2017\/04\/0018-500x314.jpg 500w, https:\/\/historiadofutebol.com\/blog\/wp-content\/uploads\/2017\/04\/0018-300x188.jpg 300w, https:\/\/historiadofutebol.com\/blog\/wp-content\/uploads\/2017\/04\/0018.jpg 984w\" sizes=\"auto, (max-width: 500px) 100vw, 500px\" \/><\/p>\n<p>O\u00a0<strong>Canto do Rio Foot-Ball Club<\/strong>\u00a0\u00e9 uma agremia\u00e7\u00e3o da Cidade de Niter\u00f3i (RJ). O\u00a0<strong><em>Cantusca<\/em><\/strong>\u00a0foi\u00a0<strong>Fundado no dia 14 de Novembro de 1913<\/strong>, por quatro garotos com idades entre 9 e 13 anos: Hugo Mariz de Figueiredo\u00a0<em>(o 1\u00ba Presidente do Cantusca)<\/em>, Cyro Domingues\u00a0<em>(criou o nome Canto do Rio)<\/em>, Ary Gurj\u00e3o e Adail Figueiredo.<\/p>\n<p>Em 1918, o\u00a0<strong><em>Cantusca<\/em><\/strong>\u00a0deixaria de atuar somente no futebol infantil e logo se tornaria o time mais popular de Niter\u00f3i, disputando o campeonato municipal e conseguindo, em 1933, o seu primeiro t\u00edtulo como campe\u00e3o niteroiense: \u201c<em>Representante Oficial do Estado do Rio\/AFEA<\/em>\u201d.<\/p>\n<p>Foi um dos cinco fundadores da\u00a0<strong><em>Associa\u00e7\u00e3o Fluminense de Esportes Atl\u00e9ticos (AFEA)<\/em><\/strong>, que se tornaria, posteriormente, a\u00a0<strong><em>Federa\u00e7\u00e3o Fluminense de Desportos<\/em><\/strong>, organizadora do futebol do antigo Estado do Rio de Janeiro. O Clube atuou no futebol profissional, de 1941 a 1964, \u00e9poca em que ficou conhecido como \u201c<em>O Mais Querido da Cidade Sorriso<\/em>\u201d.<\/p>\n<p><img loading=\"lazy\" decoding=\"async\" class=\"aligncenter size-full wp-image-106048\" title=\"00\" src=\"https:\/\/historiadofutebol.com\/blog\/wp-content\/uploads\/2017\/04\/00.png\" alt=\"\" width=\"258\" height=\"292\" \/><\/p>\n<p>Nos tempos \u00e1ureos, o\u00a0<strong><em>Cantusca<\/em><\/strong>\u00a0formou muitos atletas, que se destacaram em v\u00e1rias modalidades esportivas, al\u00e9m do futebol, como nata\u00e7\u00e3o, p\u00f3lo aqu\u00e1tico, basquete, voleibol e t\u00eanis, participando de v\u00e1rios campeonatos, inclusive estaduais, e conquistando alguns t\u00edtulos, dos quais guarda em exposi\u00e7\u00e3o os trof\u00e9us, numa sala especial do andar t\u00e9rreo da sede.<\/p>\n<p><strong>Tropa de Elite do Cantusca<\/strong><\/p>\n<p>O\u00a0<strong>Canto do Rio Foot-Ball Club<\/strong>\u00a0iniciou suas atividades, com a aten\u00e7\u00e3o voltada para o futebol infantil, perfil que viria a mudar, em 1916, quando recebia o re- for\u00e7o de Mauricio Bekeun, Mario Valle, Octavio Valle, Arnaldo Vaz, seguidos por \u00c2ngelo de Andrade e Hermaun Bekeun, grupo que trazia novas propostas.<\/p>\n<p>Em 1918, veio tamb\u00e9m Romeu Schmidt Pinto. Rapidamente o\u00a0<strong><em>Cantusca<\/em><\/strong>\u00a0ganhou fama em Niter\u00f3i, disputou o\u00a0<strong><em>Campeonato Citadino de Niter\u00f3i<\/em><\/strong>, sagrando-se campe\u00e3o de 1933, onde recebeu o t\u00edtulo simb\u00f3lico de \u201c<em>Representante Oficial do Estado do Rio\/AFEA<\/em>\u201d.<\/p>\n<p>Nas d\u00e9cadas de 1920 a 1950, tempos \u00e1ureos do futebol niteroiense,\u00a0<strong><em>Cantusca<\/em><\/strong>\u00a0obteve destaque no esporte amador de Niter\u00f3i e realizava o chamado\u00a0<strong><em>Cl\u00e1ssico da Zona Sul<\/em><\/strong>\u00a0com o\u00a0<strong><em>Fluminense A. C.<\/em><\/strong>, com quem formava o\u00a0<em>\u201cGrupo dos Seis<\/em>\u201d, junto com os extintos\u00a0<strong><em>Ypiranga F. C.<\/em><\/strong>,\u00a0<strong><em>Niteroiense F. C.<\/em><\/strong>,\u00a0<strong><em>Byron F. C.<\/em><\/strong>\u00a0e\u00a0<strong><em>Barreto F. C.<\/em><\/strong>\u00a0<em>(estes \u00faltimos realizavam o Cl\u00e1ssico da Zona Norte)<\/em>.<\/p>\n<p>Ap\u00f3s cinco temporadas inativo, o\u00a0<strong>Canto do Rio Foot-Ball Club<\/strong>\u00a0retornar\u00e1 a disputar uma competi\u00e7\u00e3o na esfera profissional. O\u00a0<strong><em>Cantusca<\/em><\/strong>\u00a0participar\u00e1 do\u00a0<strong><em>Campeonato Carioca da S\u00e9rie C de 2016<\/em><\/strong>.<\/p>\n<p><img loading=\"lazy\" decoding=\"async\" class=\"aligncenter size-full wp-image-106049\" title=\"CRFC 2\" src=\"https:\/\/historiadofutebol.com\/blog\/wp-content\/uploads\/2017\/04\/CRFC-2.jpg\" alt=\"\" width=\"388\" height=\"1292\" srcset=\"https:\/\/historiadofutebol.com\/blog\/wp-content\/uploads\/2017\/04\/CRFC-2.jpg 388w, https:\/\/historiadofutebol.com\/blog\/wp-content\/uploads\/2017\/04\/CRFC-2-90x300.jpg 90w, https:\/\/historiadofutebol.com\/blog\/wp-content\/uploads\/2017\/04\/CRFC-2-150x500.jpg 150w, https:\/\/historiadofutebol.com\/blog\/wp-content\/uploads\/2017\/04\/CRFC-2-300x998.jpg 300w\" sizes=\"auto, (max-width: 388px) 100vw, 388px\" \/><\/p>\n<div>\n<div>\n<p><strong>T\u00cdTULOS<\/strong><\/p>\n<p>Campe\u00e3o do Torneio In\u00edcio do Campeonato Carioca: 1953;<\/p>\n<p>Bicampe\u00e3o Torneio In\u00edcio do Campeonato Fluminense: 1918 e 1926;<\/p>\n<p>Hexacampe\u00e3o do Campeonato Niteroiense de Futebol: 1933, 1934, 1945, 1948, 1954 e 1968;<\/p>\n<p>Vice campe\u00e3o do Torneio In\u00edcio do Campeonato Carioca: 1962.<\/p>\n<p><strong>Outros Esportes<\/strong><\/p>\n<p>Tricampe\u00e3o do Campeonato Estadual de Basquete Feminino: 1979, 1982 e 1983.<\/p>\n<p><img loading=\"lazy\" decoding=\"async\" class=\"aligncenter size-full wp-image-106051\" title=\"CRFC\" src=\"https:\/\/historiadofutebol.com\/blog\/wp-content\/uploads\/2017\/04\/CRFC.jpg\" alt=\"\" width=\"1136\" height=\"2804\" srcset=\"https:\/\/historiadofutebol.com\/blog\/wp-content\/uploads\/2017\/04\/CRFC.jpg 1136w, https:\/\/historiadofutebol.com\/blog\/wp-content\/uploads\/2017\/04\/CRFC-121x300.jpg 121w, https:\/\/historiadofutebol.com\/blog\/wp-content\/uploads\/2017\/04\/CRFC-202x500.jpg 202w, https:\/\/historiadofutebol.com\/blog\/wp-content\/uploads\/2017\/04\/CRFC-300x740.jpg 300w\" sizes=\"auto, (max-width: 1136px) 100vw, 1136px\" \/><\/p>\n<p><strong>HINO DO CANTUSCA (Lamartine Babo)<\/strong><\/p>\n<p><em>\u201cAquela morena do Canto do Rio<\/em><\/p>\n<p><em>Que torce, faz cena e causa arrepio<\/em><\/p>\n<p><em>Queimada da praia na hora do jogo<\/em><\/p>\n<p><em>Ela desmaia e pega fogo (oi!)<\/em><\/p>\n<p><em>\u00a0<\/em><em>Aquela morena do Canto do Rio<\/em><\/p>\n<p><em>Que torce e se agita, garota bonita<\/em><\/p>\n<p><em>Basta o clube empatar ela chora que d\u00f3i<\/em><\/p>\n<p><em>Foge de Niter\u00f3i<\/em><\/p>\n<p><em>\u00a0<\/em><em>No est\u00e1dio formoso de Caio Martins<\/em><\/p>\n<p><em>H\u00e1 dias de gozo, foguetes clarins<\/em><\/p>\n<p><em>De noite e de dia a turma sorri<\/em><\/p>\n<p><em>Enche de alegria Icara\u00ed (oi!)<\/em><\/p>\n<p><em>\u00a0<\/em><em>No est\u00e1dio formoso de Caio Martins<\/em><\/p>\n<p><em>H\u00e1 dias de gozo, foguetes clarins<\/em><\/p>\n<p><em>De noite e de dia a turma sorri<\/em><\/p>\n<p><em>Enche de alegria Icara\u00ed (oi!)<\/em><\/p>\n<p><em>\u00a0<\/em><em>Aquela morena do Canto do Rio<\/em><\/p>\n<p><em>Que torce, faz cena e causa arrepio<\/em><\/p>\n<p><em>Queimada da praia na hora do jogo<\/em><\/p>\n<p><em>Ela desmaia e pega fogo (oi!)<\/em><\/p>\n<p><em>\u00a0<\/em><em>Aquela morena do Canto do Rio<\/em><\/p>\n<p><em>Que torce e se agita, garota bonita<\/em><\/p>\n<p><em>Basta o clube empatar ela chora que d\u00f3i<\/em><\/p>\n<p><em>Foge de Niter\u00f3i\u201d<\/em><\/p>\n<p><em><strong>Link para ouvir o Hino:\u00a0<\/strong><\/em>https:\/\/www.youtube.com\/watch?v=cXzkwHgfvVA<\/p>\n<p><img loading=\"lazy\" decoding=\"async\" class=\"aligncenter size-full wp-image-106050\" title=\"CRFC 1962\" src=\"https:\/\/historiadofutebol.com\/blog\/wp-content\/uploads\/2017\/04\/CRFC-1962.jpg\" alt=\"\" width=\"970\" height=\"1356\" srcset=\"https:\/\/historiadofutebol.com\/blog\/wp-content\/uploads\/2017\/04\/CRFC-1962.jpg 970w, https:\/\/historiadofutebol.com\/blog\/wp-content\/uploads\/2017\/04\/CRFC-1962-214x300.jpg 214w, https:\/\/historiadofutebol.com\/blog\/wp-content\/uploads\/2017\/04\/CRFC-1962-357x500.jpg 357w, https:\/\/historiadofutebol.com\/blog\/wp-content\/uploads\/2017\/04\/CRFC-1962-300x419.jpg 300w\" sizes=\"auto, (max-width: 970px) 100vw, 970px\" \/><\/p>\n<p><em><strong>FONTES:<\/strong><\/em><em>\u00a0Gazeta Sportiva Ilustrada \u2013 Wikip\u00e9dia \u2013 Site do Clube \u2013 Implanta\u00e7\u00e3o do futebol Profissional no Estado do Rio de Janeiro. Rio de Janeiro, Editora C\u00e1tedra, s\/d. Eduardo Vianna \u2013 Di\u00e1rio de Not\u00edcias &#8211; \u00daltima Hora &#8211; A Luta Democr\u00e1tica<\/em><\/p>\n<\/div>\n<\/div>\n<div><\/div>\n","protected":false},"excerpt":{"rendered":"<p>O\u00a0Canto do Rio Foot-Ball Club\u00a0\u00e9 uma agremia\u00e7\u00e3o da Cidade de Niter\u00f3i (RJ). O\u00a0Cantusca\u00a0foi\u00a0Fundado no dia 14 de Novembro de 1913, por quatro garotos com idades entre 9 e 13 anos: Hugo Mariz de Figueiredo\u00a0(o 1\u00ba Presidente do Cantusca), Cyro Domingues\u00a0(criou o nome Canto do Rio), Ary Gurj\u00e3o e Adail Figueiredo. Em 1918, o\u00a0Cantusca\u00a0deixaria de atuar [&hellip;]<\/p>\n","protected":false},"author":55,"featured_media":0,"comment_status":"open","ping_status":"closed","sticky":false,"template":"","format":"standard","meta":{"footnotes":""},"categories":[203,83,59,345,3,47,76],"tags":[],"class_list":["post-106036","post","type-post","status-publish","format-standard","hentry","category-sergio-mello","category-x9-curiosidades","category-escudos","category-fotos-historicas","category-historia-do-futebol","category-rio-de-janeiro","category-antigo-estado-do-rio"],"_links":{"self":[{"href":"https:\/\/historiadofutebol.com\/blog\/index.php?rest_route=\/wp\/v2\/posts\/106036","targetHints":{"allow":["GET"]}}],"collection":[{"href":"https:\/\/historiadofutebol.com\/blog\/index.php?rest_route=\/wp\/v2\/posts"}],"about":[{"href":"https:\/\/historiadofutebol.com\/blog\/index.php?rest_route=\/wp\/v2\/types\/post"}],"author":[{"embeddable":true,"href":"https:\/\/historiadofutebol.com\/blog\/index.php?rest_route=\/wp\/v2\/users\/55"}],"replies":[{"embeddable":true,"href":"https:\/\/historiadofutebol.com\/blog\/index.php?rest_route=%2Fwp%2Fv2%2Fcomments&post=106036"}],"version-history":[{"count":2,"href":"https:\/\/historiadofutebol.com\/blog\/index.php?rest_route=\/wp\/v2\/posts\/106036\/revisions"}],"predecessor-version":[{"id":106053,"href":"https:\/\/historiadofutebol.com\/blog\/index.php?rest_route=\/wp\/v2\/posts\/106036\/revisions\/106053"}],"wp:attachment":[{"href":"https:\/\/historiadofutebol.com\/blog\/index.php?rest_route=%2Fwp%2Fv2%2Fmedia&parent=106036"}],"wp:term":[{"taxonomy":"category","embeddable":true,"href":"https:\/\/historiadofutebol.com\/blog\/index.php?rest_route=%2Fwp%2Fv2%2Fcategories&post=106036"},{"taxonomy":"post_tag","embeddable":true,"href":"https:\/\/historiadofutebol.com\/blog\/index.php?rest_route=%2Fwp%2Fv2%2Ftags&post=106036"}],"curies":[{"name":"wp","href":"https:\/\/api.w.org\/{rel}","templated":true}]}}