{"id":105798,"date":"2017-04-23T11:21:57","date_gmt":"2017-04-23T14:21:57","guid":{"rendered":"https:\/\/historiadofutebol.com\/blog\/?p=105798"},"modified":"2026-03-03T18:22:28","modified_gmt":"2026-03-03T21:22:28","slug":"foto-historica-serrano-fc-petropolis-rj-1945","status":"publish","type":"post","link":"https:\/\/historiadofutebol.com\/blog\/?p=105798","title":{"rendered":"Foto rara de 1945: Serrano F.C. &#8211; Petr\u00f3polis (RJ) enfrentou o Comercial F.C. (SP), no Pacaembu!"},"content":{"rendered":"\n<h2 class=\"wp-block-heading\"><em><mark style=\"background-color:rgba(0, 0, 0, 0);color:#110f71\" class=\"has-inline-color\">Por S\u00e9rgio Mello<\/mark><\/em><\/h2>\n\n\n<div class=\"wp-block-image\">\n<figure class=\"aligncenter size-large\"><img loading=\"lazy\" decoding=\"async\" width=\"500\" height=\"309\" src=\"https:\/\/historiadofutebol.com\/blog\/wp-content\/uploads\/2017\/04\/323-500x309.jpg\" alt=\"\" class=\"wp-image-135707\" srcset=\"https:\/\/historiadofutebol.com\/blog\/wp-content\/uploads\/2017\/04\/323-500x309.jpg 500w, https:\/\/historiadofutebol.com\/blog\/wp-content\/uploads\/2017\/04\/323-300x185.jpg 300w, https:\/\/historiadofutebol.com\/blog\/wp-content\/uploads\/2017\/04\/323-768x474.jpg 768w, https:\/\/historiadofutebol.com\/blog\/wp-content\/uploads\/2017\/04\/323-624x385.jpg 624w, https:\/\/historiadofutebol.com\/blog\/wp-content\/uploads\/2017\/04\/323.jpg 1137w\" sizes=\"auto, (max-width: 500px) 100vw, 500px\" \/><\/figure><\/div>\n\n\n<p><mark style=\"background-color:rgba(0, 0, 0, 0);color:#000000\" class=\"has-inline-color\"><em>No domingo, do dia 21 de outubro de 1945<\/em>, foi realizado em S\u00e3o Paulo, interessante partida interestadual, entre o <strong><em>Serrano F. C.<\/em><\/strong>, l\u00edder invicto do campeonato de Petr\u00f3polis, tri e tetra campe\u00e3o da linda cidade fluminense, e do <strong><em>Comercial F. Clube<\/em><\/strong>, da <strong><em>Federa\u00e7\u00e3o Paulista de Futebol<\/em><\/strong>, no <em>Est\u00e1dio Paulo Machado de Carvalho, o \u2018Pacaembu\u2019<\/em>, na capital paulista. A partida terminou empatada em <strong><em>1 a 1<\/em><\/strong>.<\/mark><\/p>\n\n\n<div class=\"wp-block-image\">\n<figure class=\"aligncenter size-large\"><img loading=\"lazy\" decoding=\"async\" width=\"500\" height=\"313\" src=\"https:\/\/historiadofutebol.com\/blog\/wp-content\/uploads\/2017\/04\/I0024943-3-0-007027-005391-007027-005391-500x313.jpg\" alt=\"\" class=\"wp-image-135709\" srcset=\"https:\/\/historiadofutebol.com\/blog\/wp-content\/uploads\/2017\/04\/I0024943-3-0-007027-005391-007027-005391-500x313.jpg 500w, https:\/\/historiadofutebol.com\/blog\/wp-content\/uploads\/2017\/04\/I0024943-3-0-007027-005391-007027-005391-300x188.jpg 300w, https:\/\/historiadofutebol.com\/blog\/wp-content\/uploads\/2017\/04\/I0024943-3-0-007027-005391-007027-005391-768x480.jpg 768w, https:\/\/historiadofutebol.com\/blog\/wp-content\/uploads\/2017\/04\/I0024943-3-0-007027-005391-007027-005391-624x390.jpg 624w, https:\/\/historiadofutebol.com\/blog\/wp-content\/uploads\/2017\/04\/I0024943-3-0-007027-005391-007027-005391.jpg 1076w\" sizes=\"auto, (max-width: 500px) 100vw, 500px\" \/><\/figure><\/div>\n\n\n<h2 class=\"wp-block-heading\"><strong><mark style=\"background-color:rgba(0, 0, 0, 0);color:#131478\" class=\"has-inline-color\">Antes do jogo a expectativa era de um embate dif\u00edcil para o time paulista<\/mark><\/strong><\/h2>\n\n\n\n<p><mark style=\"background-color:rgba(0, 0, 0, 0);color:#000000\" class=\"has-inline-color\">Em palestra com o esportista <em>Francisco Primerano<\/em>, &#8220;<em>c\u00f4nsul<\/em>&#8221; do <strong><em>Comercial F. C.<\/em><\/strong> no Distrito Federal e adjac\u00eancias, dele ouvimos as seguintes interessantes palavras a respeito do referido encontro:<\/mark><\/p>\n\n\n\n<p><mark style=\"background-color:rgba(0, 0, 0, 0);color:#000000\" class=\"has-inline-color\">\u201c<em>O prest\u00edgio esportivo do Serrano F. C. n\u00e3o \u00e9 pequeno. Os cariocas sabem como esse querido clube petropolitano defende tradi\u00e7\u00f5es do futebol fluminense. Do seu seio tem sa\u00eddo grandes jogadores, que vieram brilhar no futebol carioca, entre eles Carvalho Leite. N\u00e3o faz muito tempo, enfrentando um quadro misto do <strong>C. R. Vasco da Gama<\/strong> do qual faziam parte nada menos de sete profissionais do \u2018team\u2019 efetivo do atual l\u00edder do campeonato desta capital e o <strong>Serrano<\/strong> fez brilhante figura. No primeiro tempo, vencia de 4 a 0 e na fase final, com o \u2018team\u2019 advers\u00e1rio numa rea\u00e7\u00e3o extraordin\u00e1ria, sofreu tr\u00eas tentos, mas elevou sua contagem para seis, terminando o pr\u00e9lio com a diferen\u00e7a de <strong>6 a 3<\/strong>. Se levarmos em conta que o <strong>quadro petropolitano<\/strong> vinha de uma festa de coroamento da rainha do clube, realizada na noite anterior, de poder-se-\u00e1 calcular o valor seus jogadores, que, mesmo assim, puderam levar da vencida um conjunto adestrado e refor\u00e7ado de bons elementos, como sol ser o que o valoroso <strong>C. R. Vasco da Gama<\/strong> levara a Petr\u00f3polis<\/em>\u201d, disse <em>Francisco Primerano<\/em>.<\/mark><\/p>\n\n\n\n<p><mark style=\"background-color:rgba(0, 0, 0, 0);color:#000000\" class=\"has-inline-color\">Como lhe pergunt\u00e1ssemos sobre outros detalhes, Primerano acrescentou: \u201c<em>O embarque da delega\u00e7\u00e3o do <strong>Serrano F. C.<\/strong> est\u00e1 marcado para a pr\u00f3xima sexta-feira (19\/1045). \u00c9 prov\u00e1vel que sua equipe seja constitu\u00edda desta maneira: Bispo; Ari e Justem; Geraldo II, Geraldo 1 e Alaor; Fausto, Zezinho, Dumas, Zeca e Didi. Trata-se a meu ver de um advers\u00e1rio respeit\u00e1vel. Basta atentarmos para o fato de j\u00e1 haver sido tri e tetra campe\u00e3o de Petr\u00f3polis, estando, atualmente, invicto, na lideran\u00e7a do campeonato da linda cidade <\/em>serrana. Com semelhantes credenciais, o <strong>Serrano F. C.<\/strong> dever\u00e1 ser advers\u00e1rio perigoso para o <strong>Comercial F. C.<\/strong>, de S\u00e3o Paulo\u201d, arrematou o esportista <em>Primerano<\/em>.<\/mark><\/p>\n\n\n<div class=\"wp-block-image\">\n<figure class=\"aligncenter is-resized\"><a href=\"https:\/\/historiadofutebol.com\/blog\/?attachment_id=105799\" rel=\"attachment wp-att-105799\"><img loading=\"lazy\" decoding=\"async\" width=\"500\" height=\"278\" src=\"https:\/\/historiadofutebol.com\/blog\/wp-content\/uploads\/2017\/04\/1-1428-500x278.jpg\" alt=\"\" class=\"wp-image-105799\" style=\"width:550px;height:auto\" srcset=\"https:\/\/historiadofutebol.com\/blog\/wp-content\/uploads\/2017\/04\/1-1428-500x278.jpg 500w, https:\/\/historiadofutebol.com\/blog\/wp-content\/uploads\/2017\/04\/1-1428-300x167.jpg 300w\" sizes=\"auto, (max-width: 500px) 100vw, 500px\" \/><\/a><figcaption class=\"wp-element-caption\"><mark style=\"background-color:rgba(0, 0, 0, 0);color:#000000\" class=\"has-inline-color\"><strong>Time posado:<\/strong> Bispo; Ari e Justen; Geraldo I, Silvio e Alaor; Fausto, Zezinho, Dumas, Zeca e Didi.  <strong>T\u00e9cnico: <\/strong>Walter do Nascimento.<\/mark><\/figcaption><\/figure><\/div>\n\n\n<h2 class=\"wp-block-heading\"><strong><mark style=\"background-color:rgba(0, 0, 0, 0);color:#161766\" class=\"has-inline-color\">Serrano e Comercial ficaram no empate, no Pacaembu<\/mark><\/strong><\/h2>\n\n\n\n<p><mark style=\"background-color:rgba(0, 0, 0, 0);color:#000000\" class=\"has-inline-color\">Realizou-se anteontem \u00e0 tarde, no Estadio Municipal do Pacaembu, a partida amistosa entre o <strong><em>Serrano Football Club<\/em><\/strong>, de <em>Petrop\u00f3lis<\/em>, e o <strong><em>Comercial Futebol Clube<\/em><\/strong>. desta capital. O p\u00fablico esportivo bandeirante, conforme se esperava, de mostrou pouco interesse pelo embate, n\u00e3o obstante ser essa a primeira exibi\u00e7\u00e3o do quadro visitante em S\u00e3o Paulo.<\/mark><\/p>\n\n\n\n<p><mark style=\"background-color:rgba(0, 0, 0, 0);color:#000000\" class=\"has-inline-color\">Foi pequena a assist\u00eancia que compareceu ao local do embate, o que \u00e9 de lamentar-se. O <strong><em>Comercial<\/em><\/strong> visou proporcionar um espet\u00e1culo futebol\u00edstico aos torcedores dispendendo conseguintemente, os maiores esfor\u00e7os dentro de sus possibilidades para satisfazer aos afei\u00e7oados, por\u00e9m, n\u00e3o foi bem sucedido.<\/mark><\/p>\n\n\n\n<p><strong><em><mark style=\"background-color:rgba(0, 0, 0, 0);color:#000000\" class=\"has-inline-color\">O desenrolar da luta<\/mark><\/em><\/strong><\/p>\n\n\n\n<p><mark style=\"background-color:rgba(0, 0, 0, 0);color:#000000\" class=\"has-inline-color\">Com as sus naturais carater\u00edsticas de jogo, o <strong><em>Comercial<\/em><\/strong>, \u00e9 l\u00f3gico, soube impor-se ao contendor j\u00e1 no primeiro per\u00edodo da pugna. Sem apresentar um apurado padr\u00e3o de jogo, os <strong><em>alvirrubros<\/em><\/strong> deixaram nitidamente expressa a sua superioridade. Mesmo assim, os visitantes bateram-se com galhardia, mormente a defesa, onde faleciam as tentativas de incurs\u00e3o do <em>quadro de Farid<\/em>. Na fase complementar, contudo, registrou-se maior equil\u00edbrio nas a\u00e7\u00f5es. Enquanto os atacantes do <strong><em>Comercial<\/em><\/strong> mostravam-se indecisos diante da meta do antagonista este controlando lhe todos os movimentos anulavam um por um os esfor\u00e7os dos companheiros de <em>Romeuzinho<\/em> no sentido de buscar maior n\u00famero de tentos. Com regular movimenta\u00e7\u00e3o neste e naquele setor, a peleja conseguiu atrair um pouco mais a aten\u00e7\u00e3o dos espectadores.<\/mark><\/p>\n\n\n\n<p><strong><em><mark style=\"background-color:rgba(0, 0, 0, 0);color:#000000\" class=\"has-inline-color\">Comercial abre o placar<\/mark><\/em><\/strong><\/p>\n\n\n\n<p><mark style=\"background-color:rgba(0, 0, 0, 0);color:#000000\" class=\"has-inline-color\">Aos 39 minutos <em>Farid<\/em>, do meio do campo, serviu <em>Mendes<\/em> com um passe em profundidade. O ponteiro avan\u00e7ou um pouco e, pr\u00f3ximo \u00e0 linha de escanteio, centrou bem. Saltaram v\u00e1rios jogadores e <em>Vacaro<\/em>, colhendo a bola no ar, cabeceou com firmeza, marcando no canto direito da meta de <em>Bispo<\/em>.<\/mark><\/p>\n\n\n\n<p><strong><em><mark style=\"background-color:rgba(0, 0, 0, 0);color:#1d2184\" class=\"has-inline-color\">Serrano empata<\/mark><\/em><\/strong><\/p>\n\n\n\n<p><mark style=\"background-color:rgba(0, 0, 0, 0);color:#000000\" class=\"has-inline-color\">O tento de empate foi conseguido na fase complementar da luta. <em>Dumas<\/em> colheu a bola encobrindo <em>Maioral<\/em> e fez passe em dire\u00e7\u00e3o ao meia <em>Zeca<\/em>. Este, ap\u00f3s haver controlado, atirou quando <em>Tufi<\/em> havia se adiantado uns passos.<\/mark><\/p>\n\n\n\n<p><mark style=\"background-color:rgba(0, 0, 0, 0);color:#000000\" class=\"has-inline-color\">O arqueiro fez defesa, por\u00e9m a bola escapou-lhe de m\u00e3os e voltou par <em>Zeca<\/em>. R\u00e1pido, o avante arrematou no canto direito, anulando os esfor\u00e7os de <em>Ja\u00fa<\/em>, que havia cerrado para a trave procurando cobrir o chute do ponteiro <em>Fausto<\/em>, que apareceu para concluir a jogada.<\/mark><\/p>\n\n\n\n<p><strong><em><mark style=\"background-color:rgba(0, 0, 0, 0);color:#000000\" class=\"has-inline-color\">Um pequeno &#8220;equivoco&#8221; do \u00e1rbitro<\/mark><\/em><\/strong><\/p>\n\n\n\n<p><mark style=\"background-color:rgba(0, 0, 0, 0);color:#000000\" class=\"has-inline-color\">Dirigiu a peleja regularmente o \u00e1rbitro <em>Jos\u00e9 Cruz<\/em>. Enganando-se na contagem do tempo, deu o final aos 30 minutos, quando ainda restavam 15 minutos de jogo. Constatando o erro ordenou a continua\u00e7\u00e3o da peleja com a bola ao ch\u00e3o.<\/mark><\/p>\n\n\n\n<h2 class=\"wp-block-heading has-text-align-center\"><strong><\/strong><strong><mark style=\"background-color:rgba(0, 0, 0, 0);color:#b31f1f\" class=\"has-inline-color\">COMERCIAL F.C. (SP)\u00a0<\/mark><mark style=\"background-color:rgba(0, 0, 0, 0);color:#000000\" class=\"has-inline-color\">\u00a0\u00a0\u00a0 1\u00a0\u00a0\u00a0\u00a0\u00a0\u00a0\u00a0 X\u00a0\u00a0\u00a0\u00a0\u00a0\u00a0\u00a0 1\u00a0\u00a0\u00a0\u00a0\u00a0\u00a0\u00a0 <\/mark><mark style=\"background-color:rgba(0, 0, 0, 0);color:#190f7d\" class=\"has-inline-color\">SERRANO F.C. (RJ)<\/mark><\/strong><\/h2>\n\n\n\n<figure class=\"wp-block-table is-style-stripes\"><table class=\"has-fixed-layout\"><tbody><tr><td><strong><mark style=\"background-color:rgba(0, 0, 0, 0);color:#000000\" class=\"has-inline-color\">LOCAL<\/mark><\/strong><\/td><td><mark style=\"background-color:rgba(0, 0, 0, 0);color:#000000\" class=\"has-inline-color\">Est\u00e1dio Paulo Machado de Carvalho, o \u2018Pacaembu\u2019, em S\u00e3o Paulo (SP)<\/mark><\/td><\/tr><tr><td><strong><mark style=\"background-color:rgba(0, 0, 0, 0);color:#000000\" class=\"has-inline-color\">DATA<\/mark><\/strong><\/td><td><mark style=\"background-color:rgba(0, 0, 0, 0);color:#000000\" class=\"has-inline-color\">Domingo, do dia 21 de outubro de 1945<\/mark><\/td><\/tr><tr><td><strong><mark style=\"background-color:rgba(0, 0, 0, 0);color:#000000\" class=\"has-inline-color\">CAR\u00c1TER<\/mark><\/strong><\/td><td><mark style=\"background-color:rgba(0, 0, 0, 0);color:#000000\" class=\"has-inline-color\">Amistoso Nacional<\/mark><\/td><\/tr><tr><td><strong><mark style=\"background-color:rgba(0, 0, 0, 0);color:#000000\" class=\"has-inline-color\">RENDA<\/mark><\/strong><\/td><td><mark style=\"background-color:rgba(0, 0, 0, 0);color:#000000\" class=\"has-inline-color\">Cr$ 8.046,00 <em>(oito mil e quarenta e seis cruzeiros)<\/em><\/mark><\/td><\/tr><tr><td><strong><mark style=\"background-color:rgba(0, 0, 0, 0);color:#000000\" class=\"has-inline-color\">\u00c1RBITRO<\/mark><\/strong><\/td><td><mark style=\"background-color:rgba(0, 0, 0, 0);color:#000000\" class=\"has-inline-color\">Jos\u00e9 Cruz (F.P.F.)<\/mark><\/td><\/tr><tr><td><strong><mark style=\"background-color:rgba(0, 0, 0, 0);color:#000000\" class=\"has-inline-color\">COMERCIAL\/SP<\/mark><\/strong><\/td><td><mark style=\"background-color:rgba(0, 0, 0, 0);color:#000000\" class=\"has-inline-color\">Tufy; Maioral e Ja\u00fa; Ulisses, Bugre e Magri; Mendes, Farid, Invernizzi (Romeuzinho), Paulo e Vacaro.<\/mark><\/td><\/tr><tr><td><strong><mark style=\"background-color:rgba(0, 0, 0, 0);color:#000000\" class=\"has-inline-color\">SERRANO\/RJ<\/mark><\/strong><\/td><td><mark style=\"background-color:rgba(0, 0, 0, 0);color:#000000\" class=\"has-inline-color\">Bispo; Ari e Justen; Geraldo I, Silvio (Geraldo II) e Alaor (Silvio); Fausto, Zezinho, Dumas, Zeca (Vale) e Didi. <strong>T\u00e9cnico: <\/strong>Walter do Nascimento.<\/mark><\/td><\/tr><tr><td><strong><mark style=\"background-color:rgba(0, 0, 0, 0);color:#000000\" class=\"has-inline-color\">GOLS<\/mark><\/strong><\/td><td><mark style=\"background-color:rgba(0, 0, 0, 0);color:#000000\" class=\"has-inline-color\">Vacaro aos 39 minutos (Comercial), no 1\u00ba Tempo. Fausto aos 20 segundos (Serrano), no 2\u00ba Tempo<\/mark><\/td><\/tr><tr><td><strong><mark style=\"background-color:rgba(0, 0, 0, 0);color:#000000\" class=\"has-inline-color\">PRELIMINAR<\/mark><\/strong><\/td><td><mark style=\"background-color:rgba(0, 0, 0, 0);color:#000000\" class=\"has-inline-color\">Comercial <em>(Aspirantes)<\/em> 5 x 2 L.P.B. <em>(campe\u00e3o amador da capital)<\/em><\/mark><\/td><\/tr><\/tbody><\/table><\/figure>\n\n\n\n<p><strong><mark style=\"background-color:rgba(0, 0, 0, 0);color:#1b1582\" class=\"has-inline-color\"><em><u>ARTE<\/u>:<\/em><\/mark><\/strong><em><mark style=\"background-color:rgba(0, 0, 0, 0);color:#1b1582\" class=\"has-inline-color\"> desenhos dos escudos e uniformes \u2013 S\u00e9rgio Mello<\/mark><\/em><\/p>\n\n\n\n<p><strong><mark style=\"background-color:rgba(0, 0, 0, 0);color:#a91e1e\" class=\"has-inline-color\"><em><u>FOTO<\/u>:<\/em><\/mark><\/strong><em><mark style=\"background-color:rgba(0, 0, 0, 0);color:#a91e1e\" class=\"has-inline-color\"> Gazeta Esportiva (SP)<\/mark><\/em><\/p>\n\n\n\n<p><strong><mark style=\"background-color:rgba(0, 0, 0, 0);color:#14117b\" class=\"has-inline-color\"><em><u>FONTES<\/u>: <\/em><\/mark><\/strong><em><mark style=\"background-color:rgba(0, 0, 0, 0);color:#14117b\" class=\"has-inline-color\">Di\u00e1rio de Not\u00edcias (RJ) \u2013 Correio Paulistano (SP) \u2013 O Di\u00e1rio (SP)<\/mark><\/em><\/p>\n","protected":false},"excerpt":{"rendered":"<p>Por S\u00e9rgio Mello No domingo, do dia 21 de outubro de 1945, foi realizado em S\u00e3o Paulo, interessante partida interestadual, entre o Serrano F. C., l\u00edder invicto do campeonato de Petr\u00f3polis, tri e tetra campe\u00e3o da linda cidade fluminense, e do Comercial F. Clube, da Federa\u00e7\u00e3o Paulista de Futebol, no Est\u00e1dio Paulo Machado de Carvalho, [&hellip;]<\/p>\n","protected":false},"author":55,"featured_media":0,"comment_status":"open","ping_status":"closed","sticky":false,"template":"","format":"standard","meta":{"footnotes":""},"categories":[203,870,68,531,83,59,345,3,108,76,51],"tags":[],"class_list":["post-105798","post","type-post","status-publish","format-standard","hentry","category-sergio-mello","category-arquivo-digital","category-blog-historia-do-futebol","category-carencias","category-x9-curiosidades","category-escudos","category-fotos-historicas","category-historia-do-futebol","category-jogos-historicos","category-antigo-estado-do-rio","category-sao-paulo"],"_links":{"self":[{"href":"https:\/\/historiadofutebol.com\/blog\/index.php?rest_route=\/wp\/v2\/posts\/105798","targetHints":{"allow":["GET"]}}],"collection":[{"href":"https:\/\/historiadofutebol.com\/blog\/index.php?rest_route=\/wp\/v2\/posts"}],"about":[{"href":"https:\/\/historiadofutebol.com\/blog\/index.php?rest_route=\/wp\/v2\/types\/post"}],"author":[{"embeddable":true,"href":"https:\/\/historiadofutebol.com\/blog\/index.php?rest_route=\/wp\/v2\/users\/55"}],"replies":[{"embeddable":true,"href":"https:\/\/historiadofutebol.com\/blog\/index.php?rest_route=%2Fwp%2Fv2%2Fcomments&post=105798"}],"version-history":[{"count":14,"href":"https:\/\/historiadofutebol.com\/blog\/index.php?rest_route=\/wp\/v2\/posts\/105798\/revisions"}],"predecessor-version":[{"id":135721,"href":"https:\/\/historiadofutebol.com\/blog\/index.php?rest_route=\/wp\/v2\/posts\/105798\/revisions\/135721"}],"wp:attachment":[{"href":"https:\/\/historiadofutebol.com\/blog\/index.php?rest_route=%2Fwp%2Fv2%2Fmedia&parent=105798"}],"wp:term":[{"taxonomy":"category","embeddable":true,"href":"https:\/\/historiadofutebol.com\/blog\/index.php?rest_route=%2Fwp%2Fv2%2Fcategories&post=105798"},{"taxonomy":"post_tag","embeddable":true,"href":"https:\/\/historiadofutebol.com\/blog\/index.php?rest_route=%2Fwp%2Fv2%2Ftags&post=105798"}],"curies":[{"name":"wp","href":"https:\/\/api.w.org\/{rel}","templated":true}]}}