{"id":105464,"date":"2017-04-14T21:41:23","date_gmt":"2017-04-15T00:41:23","guid":{"rendered":"https:\/\/historiadofutebol.com\/blog\/?p=105464"},"modified":"2017-04-14T21:41:23","modified_gmt":"2017-04-15T00:41:23","slug":"foto-historica-selecao-paraense-de-futebol-1941","status":"publish","type":"post","link":"https:\/\/historiadofutebol.com\/blog\/?p=105464","title":{"rendered":"Foto Hist\u00f3rica &#8211; Sele\u00e7\u00e3o Paraense de Futebol &#8211; 1941"},"content":{"rendered":"<div id=\"attachment_105465\" style=\"width: 510px\" class=\"wp-caption aligncenter\"><a href=\"https:\/\/historiadofutebol.com\/blog\/?attachment_id=105465\" rel=\"attachment wp-att-105465\"><img loading=\"lazy\" decoding=\"async\" aria-describedby=\"caption-attachment-105465\" class=\"size-large wp-image-105465\" title=\"FOTO (862)\" src=\"https:\/\/historiadofutebol.com\/blog\/wp-content\/uploads\/2017\/04\/FOTO-862-500x337.jpg\" alt=\"\" width=\"500\" height=\"337\" srcset=\"https:\/\/historiadofutebol.com\/blog\/wp-content\/uploads\/2017\/04\/FOTO-862-500x337.jpg 500w, https:\/\/historiadofutebol.com\/blog\/wp-content\/uploads\/2017\/04\/FOTO-862-300x202.jpg 300w\" sizes=\"auto, (max-width: 500px) 100vw, 500px\" \/><\/a><p id=\"caption-attachment-105465\" class=\"wp-caption-text\">Sele\u00e7\u00e3o Paraense de Futebol - 1941<\/p><\/div>\n<p><em>Fonte: Gazeta Esportiva &#8211; SP<\/em><\/p>\n","protected":false},"excerpt":{"rendered":"<p>Fonte: Gazeta Esportiva &#8211; SP<\/p>\n","protected":false},"author":6,"featured_media":0,"comment_status":"open","ping_status":"closed","sticky":false,"template":"","format":"standard","meta":{"footnotes":""},"categories":[96,345,42],"tags":[],"class_list":["post-105464","post","type-post","status-publish","format-standard","hentry","category-julio-diogo","category-fotos-historicas","category-para"],"_links":{"self":[{"href":"https:\/\/historiadofutebol.com\/blog\/index.php?rest_route=\/wp\/v2\/posts\/105464","targetHints":{"allow":["GET"]}}],"collection":[{"href":"https:\/\/historiadofutebol.com\/blog\/index.php?rest_route=\/wp\/v2\/posts"}],"about":[{"href":"https:\/\/historiadofutebol.com\/blog\/index.php?rest_route=\/wp\/v2\/types\/post"}],"author":[{"embeddable":true,"href":"https:\/\/historiadofutebol.com\/blog\/index.php?rest_route=\/wp\/v2\/users\/6"}],"replies":[{"embeddable":true,"href":"https:\/\/historiadofutebol.com\/blog\/index.php?rest_route=%2Fwp%2Fv2%2Fcomments&post=105464"}],"version-history":[{"count":2,"href":"https:\/\/historiadofutebol.com\/blog\/index.php?rest_route=\/wp\/v2\/posts\/105464\/revisions"}],"predecessor-version":[{"id":105467,"href":"https:\/\/historiadofutebol.com\/blog\/index.php?rest_route=\/wp\/v2\/posts\/105464\/revisions\/105467"}],"wp:attachment":[{"href":"https:\/\/historiadofutebol.com\/blog\/index.php?rest_route=%2Fwp%2Fv2%2Fmedia&parent=105464"}],"wp:term":[{"taxonomy":"category","embeddable":true,"href":"https:\/\/historiadofutebol.com\/blog\/index.php?rest_route=%2Fwp%2Fv2%2Fcategories&post=105464"},{"taxonomy":"post_tag","embeddable":true,"href":"https:\/\/historiadofutebol.com\/blog\/index.php?rest_route=%2Fwp%2Fv2%2Ftags&post=105464"}],"curies":[{"name":"wp","href":"https:\/\/api.w.org\/{rel}","templated":true}]}}