{"id":105394,"date":"2017-04-13T19:12:26","date_gmt":"2017-04-13T22:12:26","guid":{"rendered":"https:\/\/historiadofutebol.com\/blog\/?p=105394"},"modified":"2023-01-10T22:01:50","modified_gmt":"2023-01-11T01:01:50","slug":"foto-historica-hercilio-luz-fc-tubarao-sc-1959","status":"publish","type":"post","link":"https:\/\/historiadofutebol.com\/blog\/?p=105394","title":{"rendered":"Fotos raras de 1959: Herc\u00edlio Luz Futebol Clube &#8211; Tubar\u00e3o (SC), Bicampe\u00e3o Catarinense em 1957 e 1958"},"content":{"rendered":"<div class=\"wp-block-image\">\n<figure class=\"aligncenter size-large is-resized\"><img loading=\"lazy\" decoding=\"async\" src=\"https:\/\/historiadofutebol.com\/blog\/wp-content\/uploads\/2023\/01\/17635088_1399644150101347_3878143390120033615_o-500x331.jpg\" alt=\"\" class=\"wp-image-128953\" width=\"655\" height=\"434\" srcset=\"https:\/\/historiadofutebol.com\/blog\/wp-content\/uploads\/2023\/01\/17635088_1399644150101347_3878143390120033615_o-500x331.jpg 500w, https:\/\/historiadofutebol.com\/blog\/wp-content\/uploads\/2023\/01\/17635088_1399644150101347_3878143390120033615_o-300x199.jpg 300w, https:\/\/historiadofutebol.com\/blog\/wp-content\/uploads\/2023\/01\/17635088_1399644150101347_3878143390120033615_o-768x509.jpg 768w, https:\/\/historiadofutebol.com\/blog\/wp-content\/uploads\/2023\/01\/17635088_1399644150101347_3878143390120033615_o-1536x1017.jpg 1536w, https:\/\/historiadofutebol.com\/blog\/wp-content\/uploads\/2023\/01\/17635088_1399644150101347_3878143390120033615_o-624x413.jpg 624w, https:\/\/historiadofutebol.com\/blog\/wp-content\/uploads\/2023\/01\/17635088_1399644150101347_3878143390120033615_o.jpg 2048w\" sizes=\"auto, (max-width: 655px) 100vw, 655px\" \/><\/figure><\/div>\n\n<p><span style=\"color: #ff0000;\"><em>No domingo, do dia 29 de mar\u00e7o de 1959<\/em>, na disputa do <strong><em>4\u00ba jogo decisivo<\/em><\/strong>, o <strong><em>Herc\u00edlio Luz<\/em><\/strong> derrotou o <strong><em>Carlos Renaux<\/em><\/strong>, de Brusque, pelo placar de 3 a 1, se <strong><em>sagrando campe\u00e3o catarinense<\/em><\/strong>. O palco da conquista foi o <em>Est\u00e1dio Adolfo Konder, em Florian\u00f3polis\/SC<\/em>.<\/span><\/p>\n\n<div class=\"wp-block-image\">\n<figure class=\"aligncenter size-large is-resized\"><img loading=\"lazy\" decoding=\"async\" src=\"https:\/\/historiadofutebol.com\/blog\/wp-content\/uploads\/2023\/01\/hercilio-luz-recebe-homenagem-do-legislativo-catarinense-500x375.jpg\" alt=\"\" class=\"wp-image-128955\" width=\"653\" height=\"490\" srcset=\"https:\/\/historiadofutebol.com\/blog\/wp-content\/uploads\/2023\/01\/hercilio-luz-recebe-homenagem-do-legislativo-catarinense-500x375.jpg 500w, https:\/\/historiadofutebol.com\/blog\/wp-content\/uploads\/2023\/01\/hercilio-luz-recebe-homenagem-do-legislativo-catarinense-300x225.jpg 300w, https:\/\/historiadofutebol.com\/blog\/wp-content\/uploads\/2023\/01\/hercilio-luz-recebe-homenagem-do-legislativo-catarinense-624x468.jpg 624w, https:\/\/historiadofutebol.com\/blog\/wp-content\/uploads\/2023\/01\/hercilio-luz-recebe-homenagem-do-legislativo-catarinense.jpg 640w\" sizes=\"auto, (max-width: 653px) 100vw, 653px\" \/><\/figure><\/div>\n\n\n<p>Time base do <strong><em>Herc\u00edlio Luz Futebol Clube<\/em><\/strong>, o &#8220;<strong><em>Le\u00e3o do Sul<\/em><\/strong>&#8220;, <strong><em>Bicampe\u00e3o do Campeonato Catarinense da 1\u00aa Divis\u00e3o em 1957 e 1958<\/em><\/strong>: <em>Bateria (Pipa); Pinto, Rato e Ernani (Mario); Luizinho e Adir (Parafuso); Betinho (Galego), Vitoldo (Camanga), Waldir, Ernesto e Delucas (Gonzaga)<\/em>. <strong>T\u00e9cnico:<\/strong> Foguinho.<\/p>\n\n\n\n<p><mark style=\"background-color:rgba(0, 0, 0, 0);color:#e72d2d\" class=\"has-inline-color\">O t\u00edtulo n\u00e3o teve import\u00e2ncia apenas dentro do estado. Pelo contr\u00e1rio, a conquista do t\u00edtulo do Campeonato Catarinense de 1958 credenciou o Herc\u00edlio a disputar o\u00a0<strong>primeiro Campeonato Brasileiro<\/strong>\u00a0da hist\u00f3ria. <\/mark><\/p>\n\n\n<div class=\"wp-block-image\">\n<figure class=\"aligncenter size-full is-resized\"><img loading=\"lazy\" decoding=\"async\" src=\"https:\/\/historiadofutebol.com\/blog\/wp-content\/uploads\/2023\/01\/141-500x314-1.jpg\" alt=\"\" class=\"wp-image-128960\" width=\"654\" height=\"411\" srcset=\"https:\/\/historiadofutebol.com\/blog\/wp-content\/uploads\/2023\/01\/141-500x314-1.jpg 500w, https:\/\/historiadofutebol.com\/blog\/wp-content\/uploads\/2023\/01\/141-500x314-1-300x188.jpg 300w\" sizes=\"auto, (max-width: 654px) 100vw, 654px\" \/><\/figure><\/div>\n\n\n<p>A competi\u00e7\u00e3o reuniu todos os campe\u00f5es estaduais de 1958. Al\u00e9m de um dos clubes mais antigos e tradicionais de Santa Catarina, o Herc\u00edlio Luz pode bater no peito e se orgulhar por ser a\u00a0<strong>primeira equipe de Santa Catarina<\/strong>\u00a0a disputar uma competi\u00e7\u00e3o nacional.<\/p>\n\n\n<div class=\"wp-block-image\">\n<figure class=\"aligncenter size-large is-resized\"><img loading=\"lazy\" decoding=\"async\" src=\"https:\/\/historiadofutebol.com\/blog\/wp-content\/uploads\/2023\/01\/I0013034-3-0-006298-004143-006298-004143-321x500.jpg\" alt=\"\" class=\"wp-image-128962\" width=\"656\" height=\"1022\" srcset=\"https:\/\/historiadofutebol.com\/blog\/wp-content\/uploads\/2023\/01\/I0013034-3-0-006298-004143-006298-004143-321x500.jpg 321w, https:\/\/historiadofutebol.com\/blog\/wp-content\/uploads\/2023\/01\/I0013034-3-0-006298-004143-006298-004143-193x300.jpg 193w, https:\/\/historiadofutebol.com\/blog\/wp-content\/uploads\/2023\/01\/I0013034-3-0-006298-004143-006298-004143-768x1196.jpg 768w, https:\/\/historiadofutebol.com\/blog\/wp-content\/uploads\/2023\/01\/I0013034-3-0-006298-004143-006298-004143-986x1536.jpg 986w, https:\/\/historiadofutebol.com\/blog\/wp-content\/uploads\/2023\/01\/I0013034-3-0-006298-004143-006298-004143-624x972.jpg 624w, https:\/\/historiadofutebol.com\/blog\/wp-content\/uploads\/2023\/01\/I0013034-3-0-006298-004143-006298-004143.jpg 1248w\" sizes=\"auto, (max-width: 656px) 100vw, 656px\" \/><\/figure><\/div>\n\n\n<p><strong><em><u>FONTES<\/u>: <\/em><\/strong><em>Paran\u00e1 Esportivo (PR) &#8211; P\u00e1gina do clube no Facebook<\/em><\/p>\n","protected":false},"excerpt":{"rendered":"<p>No domingo, do dia 29 de mar\u00e7o de 1959, na disputa do 4\u00ba jogo decisivo, o Herc\u00edlio Luz derrotou o Carlos Renaux, de Brusque, pelo placar de 3 a 1, se sagrando campe\u00e3o catarinense. O palco da conquista foi o Est\u00e1dio Adolfo Konder, em Florian\u00f3polis\/SC. Time base do Herc\u00edlio Luz Futebol Clube, o &#8220;Le\u00e3o do [&hellip;]<\/p>\n","protected":false},"author":55,"featured_media":0,"comment_status":"open","ping_status":"closed","sticky":false,"template":"","format":"standard","meta":{"footnotes":""},"categories":[203,345,50],"tags":[],"class_list":["post-105394","post","type-post","status-publish","format-standard","hentry","category-sergio-mello","category-fotos-historicas","category-santa-catarina"],"_links":{"self":[{"href":"https:\/\/historiadofutebol.com\/blog\/index.php?rest_route=\/wp\/v2\/posts\/105394","targetHints":{"allow":["GET"]}}],"collection":[{"href":"https:\/\/historiadofutebol.com\/blog\/index.php?rest_route=\/wp\/v2\/posts"}],"about":[{"href":"https:\/\/historiadofutebol.com\/blog\/index.php?rest_route=\/wp\/v2\/types\/post"}],"author":[{"embeddable":true,"href":"https:\/\/historiadofutebol.com\/blog\/index.php?rest_route=\/wp\/v2\/users\/55"}],"replies":[{"embeddable":true,"href":"https:\/\/historiadofutebol.com\/blog\/index.php?rest_route=%2Fwp%2Fv2%2Fcomments&post=105394"}],"version-history":[{"count":8,"href":"https:\/\/historiadofutebol.com\/blog\/index.php?rest_route=\/wp\/v2\/posts\/105394\/revisions"}],"predecessor-version":[{"id":128963,"href":"https:\/\/historiadofutebol.com\/blog\/index.php?rest_route=\/wp\/v2\/posts\/105394\/revisions\/128963"}],"wp:attachment":[{"href":"https:\/\/historiadofutebol.com\/blog\/index.php?rest_route=%2Fwp%2Fv2%2Fmedia&parent=105394"}],"wp:term":[{"taxonomy":"category","embeddable":true,"href":"https:\/\/historiadofutebol.com\/blog\/index.php?rest_route=%2Fwp%2Fv2%2Fcategories&post=105394"},{"taxonomy":"post_tag","embeddable":true,"href":"https:\/\/historiadofutebol.com\/blog\/index.php?rest_route=%2Fwp%2Fv2%2Ftags&post=105394"}],"curies":[{"name":"wp","href":"https:\/\/api.w.org\/{rel}","templated":true}]}}