{"id":104602,"date":"2017-04-04T19:31:29","date_gmt":"2017-04-04T22:31:29","guid":{"rendered":"https:\/\/historiadofutebol.com\/blog\/?p=104602"},"modified":"2022-04-13T21:00:15","modified_gmt":"2022-04-14T00:00:15","slug":"clubes-pequenos-de-sc-buscam-titulo-para-evitar-25-anos-de-fila-2","status":"publish","type":"post","link":"https:\/\/historiadofutebol.com\/blog\/?p=104602","title":{"rendered":"Clubes pequenos de SC buscam t\u00edtulo para evitar 25 anos de fila"},"content":{"rendered":"\n<figure class=\"wp-block-image size-large is-resized\"><img loading=\"lazy\" decoding=\"async\" src=\"https:\/\/historiadofutebol.com\/blog\/wp-content\/uploads\/2022\/04\/BRUSQUE-500x333.jpg\" alt=\"\" class=\"wp-image-125360\" width=\"651\" height=\"434\" srcset=\"https:\/\/historiadofutebol.com\/blog\/wp-content\/uploads\/2022\/04\/BRUSQUE-500x333.jpg 500w, https:\/\/historiadofutebol.com\/blog\/wp-content\/uploads\/2022\/04\/BRUSQUE-300x200.jpg 300w, https:\/\/historiadofutebol.com\/blog\/wp-content\/uploads\/2022\/04\/BRUSQUE-624x416.jpg 624w, https:\/\/historiadofutebol.com\/blog\/wp-content\/uploads\/2022\/04\/BRUSQUE.jpg 750w\" sizes=\"auto, (max-width: 651px) 100vw, 651px\" \/><\/figure>\n\n\n\n<p>edi\u00e7\u00e3o 2017 do <a href=\"https:\/\/www.nsctotal.com.br\/futebol\/campeonato-catarinense\" target=\"_blank\" rel=\"noreferrer noopener\">Campeonato Catarinense <\/a>tem um desafio extra para os times pequenos do Estado. Caso nenhum deles se sagre campe\u00e3o, ser\u00e3o completados 25 anos sem a ta\u00e7a levantada por uma equipe de menor express\u00e3o. Atl\u00e9tico Tubar\u00e3o, Inter de Lages, Barroso, Metropolitano e Brusque s\u00e3o os desafiantes dos cinco grandes. Em n\u00edveis diferentes de prepara\u00e7\u00e3o, os times menores sabem que uma conquista \u00e9 improv\u00e1vel, mas a palavra de ordem \u00e9 lutar.<\/p>\n\n\n\n<p>Um exemplo que serve de inspira\u00e7\u00e3o \u00e9 a equipe de 1992 do Brusque, \u00faltimo campe\u00e3o entre os pequenos. A ta\u00e7a foi levantada no est\u00e1dio Augusto Bauer em 13 de dezembro daquele ano, ap\u00f3s final contra o Ava\u00ed. Um dos destaques daquele time, o meia Palmito diz que a conquista foi a mais importante de sua carreira.<\/p>\n\n\n\n<figure class=\"wp-block-image\"><img decoding=\"async\" src=\"https:\/\/files.nsctotal.com.br\/styles\/paragraph_image_style\/s3\/imagesrc\/22819558.jpg?eRCbqaRFHM_owWGTorFsRYGd9bRZWJBw&amp;itok=AE6Kay9K\" alt=\"Palmito foi o artilheiro do Brusque no Catarinense de 1992\" title=\"Palmito foi o artilheiro do Brusque no Catarinense de 1992\"\/><figcaption>Palmito foi o artilheiro do Brusque no Catarinense de 1992(Foto: Palmito \/ Arquivo Pessoal)<\/figcaption><\/figure>\n\n\n\n<p>\u2014 Eu j\u00e1 havia sido campe\u00e3o catarinense seis vezes, cinco pelo Joinville e uma pelo Crici\u00fama, mas essa foi a mais especial, justamente por ser em uma equipe m\u00e9dia. Em time grande, ser campe\u00e3o \u00e9 obriga\u00e7\u00e3o. Aqui n\u00e3o era \u2014 conta.<\/p>\n\n\n\n<p>O jogador lembra que o time era formado por atletas experientes, que foram se entrosando aos poucos. Uma pr\u00e9via do que aconteceria no fim do ano ocorreu pouco antes, com o primeiro lugar da Copa Santa Catarina. Palmito aponta como ponto de virada a elimina\u00e7\u00e3o do Crici\u00fama, que havia sido campe\u00e3o das duas primeiras fases do torneio, pelo Ava\u00ed.<\/p>\n\n\n\n<p>\u2014 Foi uma inje\u00e7\u00e3o de \u00e2nimo. T\u00ednhamos uma equipe forte e que passou a confiar cada vez \u2014 lembra.<\/p>\n\n\n\n<p><strong>For\u00e7a da torcida<\/strong><\/p>\n\n\n\n<p>Outro ponto que Palmito considera essencial para a conquista foi o apoio da torcida. Ap\u00f3s anos de rivalidade com Carlos Renaux e Paysandu, a cidade inteira abra\u00e7ou a equipe.<\/p>\n\n\n\n<p>\u2014 A torcida jogava junto e nos deu um suporte muito grande. Foi uma das bases do time \u2014 afirma Palmito, que marcou 13 gols na competi\u00e7\u00e3o, terminando como vice-artilheiro, atr\u00e1s de Z\u00e9 Melo, do Inter de Lages.<\/p>\n\n\n\n<p>Na final contra o Ava\u00ed, um gol de Cl\u00e1udio Freitas na prorroga\u00e7\u00e3o selou o t\u00edtulo, ap\u00f3s uma vit\u00f3ria de cada time. O carinho foi t\u00e3o grande que ele decidiu ficar na cidade depois de terminar a carreira de jogador. H\u00e1 22 anos, trabalha no Sesc da cidade. Atualmente, \u00e9 gerente da unidade e uma esp\u00e9cie de embaixador do time campe\u00e3o em 1992.<\/p>\n\n\n\n<figure class=\"wp-block-image\"><img decoding=\"async\" src=\"https:\/\/files.nsctotal.com.br\/styles\/paragraph_image_style\/s3\/imagesrc\/22819573.jpg?E0T5y7on0NdtIf5a3E.NiHVqt78KQ9bg&amp;itok=KAFZi_eD\" alt=\"Em 2012, jogadores doi Brusque se encontraram para celebrar o anivers\u00e1rio de 20 anos do t\u00edtulo\" title=\"Em 2012, jogadores doi Brusque se encontraram para celebrar o anivers\u00e1rio de 20 anos do t\u00edtulo\"\/><figcaption>Em 2012, jogadores doi Brusque se encontraram para celebrar o anivers\u00e1rio de 20 anos do t\u00edtulo(Foto: Palmito \/ Arquivo Pessoal)<\/figcaption><\/figure>\n\n\n\n<p>Palmito Ajudou a organizar o encontro de 20 anos da conquista em dezembro de 2012. Dois anos mais tarde, viu o primeiro companheiro de equipe morrer: o atacante Jair Bala faleceu em novembro de 2014. No mesmo ano, no entanto, Palmito recebeu o t\u00edtulo de cidad\u00e3o-honor\u00e1rio de Brusque. Para esse ano, pretende participar do encontro de 25 anos, o que ele diz ser mais uma prova da uni\u00e3o daquele grupo. A torcida, agora, \u00e9 para que a cidade de Brusque possa comemorar mais um t\u00edtulo, por\u00e9m ele sabe da dificuldade.<\/p>\n\n\n\n<p>\u2014 Os pequenos mudaram pouco em estrutura e os grandes subiram muito de n\u00edvel. \u00c9 preciso de investimento para diminuir essa diferen\u00e7a, que est\u00e1 cada vez maior \u2014 opina.<\/p>\n\n\n\n<p><strong>Mauro Ovelha se agarra \u00e0 esperan\u00e7a<\/strong><\/p>\n\n\n\n<p>Atual t\u00e9cnico do Brusque, Mauro Ovelha sabe o caminho das pedras. No comando do Atl\u00e9tico de Ibirama, ele chegou perto do t\u00edtulo por duas oportunidades, sendo vice-campe\u00e3o em 2004 e 2005. Foi a \u00faltima vez que um pequeno chegou \u00e0s finais. Em 2011, Ovelha levantou a ta\u00e7a na Chapecoense, que ainda n\u00e3o tinha a proje\u00e7\u00e3o nacional de hoje. Para o treinador, ainda \u00e9 poss\u00edvel que um time pequeno seja campe\u00e3o caso haja um trabalho muito bem encaixado, por\u00e9m a dificuldade \u00e9 maior do que nunca.<\/p>\n\n\n\n<p>\u2014 A gente vive um momento diferente. Hoje a diferen\u00e7a de or\u00e7amento \u00e9 muito grande, Mas \u00e9 futebol. N\u00e3o que seja imposs\u00edvel, mas \u00e9 muito mais dif\u00edcil \u2014 diz.<\/p>\n\n\n\n<p>Ainda segundo Ovelha, o primeiro objetivo do Brusque para o Estadual \u00e9 conseguir uma vaga na Copa do Brasil, assim como ocorreu no ano passado. Ele ainda conta que existe um fio de esperan\u00e7a no t\u00edtulo, pois trata-se de uma competi\u00e7\u00e3o mais curta.<\/p>\n\n\n\n<p>\u2014 Sonhar n\u00e3o custa nada. O trabalho precisa encaixar. Se fosse numa competi\u00e7\u00e3o longa, n\u00e3o seria poss\u00edvel. No tiro curto ainda d\u00e1, embora seja uma tarefa muito complicada. Vamos brigar pelo nosso espa\u00e7o \u2014 finaliza.<\/p>\n\n\n\n<p><em><strong>FONTES: <\/strong>NSC Total &#8211; Revista Placar<\/em><\/p>\n","protected":false},"excerpt":{"rendered":"<p>edi\u00e7\u00e3o 2017 do Campeonato Catarinense tem um desafio extra para os times pequenos do Estado. Caso nenhum deles se sagre campe\u00e3o, ser\u00e3o completados 25 anos sem a ta\u00e7a levantada por uma equipe de menor express\u00e3o. Atl\u00e9tico Tubar\u00e3o, Inter de Lages, Barroso, Metropolitano e Brusque s\u00e3o os desafiantes dos cinco grandes. Em n\u00edveis diferentes de prepara\u00e7\u00e3o, [&hellip;]<\/p>\n","protected":false},"author":55,"featured_media":0,"comment_status":"open","ping_status":"closed","sticky":false,"template":"","format":"standard","meta":{"footnotes":""},"categories":[203,3,50],"tags":[],"class_list":["post-104602","post","type-post","status-publish","format-standard","hentry","category-sergio-mello","category-historia-do-futebol","category-santa-catarina"],"_links":{"self":[{"href":"https:\/\/historiadofutebol.com\/blog\/index.php?rest_route=\/wp\/v2\/posts\/104602","targetHints":{"allow":["GET"]}}],"collection":[{"href":"https:\/\/historiadofutebol.com\/blog\/index.php?rest_route=\/wp\/v2\/posts"}],"about":[{"href":"https:\/\/historiadofutebol.com\/blog\/index.php?rest_route=\/wp\/v2\/types\/post"}],"author":[{"embeddable":true,"href":"https:\/\/historiadofutebol.com\/blog\/index.php?rest_route=\/wp\/v2\/users\/55"}],"replies":[{"embeddable":true,"href":"https:\/\/historiadofutebol.com\/blog\/index.php?rest_route=%2Fwp%2Fv2%2Fcomments&post=104602"}],"version-history":[{"count":8,"href":"https:\/\/historiadofutebol.com\/blog\/index.php?rest_route=\/wp\/v2\/posts\/104602\/revisions"}],"predecessor-version":[{"id":125361,"href":"https:\/\/historiadofutebol.com\/blog\/index.php?rest_route=\/wp\/v2\/posts\/104602\/revisions\/125361"}],"wp:attachment":[{"href":"https:\/\/historiadofutebol.com\/blog\/index.php?rest_route=%2Fwp%2Fv2%2Fmedia&parent=104602"}],"wp:term":[{"taxonomy":"category","embeddable":true,"href":"https:\/\/historiadofutebol.com\/blog\/index.php?rest_route=%2Fwp%2Fv2%2Fcategories&post=104602"},{"taxonomy":"post_tag","embeddable":true,"href":"https:\/\/historiadofutebol.com\/blog\/index.php?rest_route=%2Fwp%2Fv2%2Ftags&post=104602"}],"curies":[{"name":"wp","href":"https:\/\/api.w.org\/{rel}","templated":true}]}}