{"id":10406,"date":"2010-08-25T15:31:21","date_gmt":"2010-08-25T18:31:21","guid":{"rendered":"https:\/\/historiadofutebol.com\/blog\/?p=10406"},"modified":"2022-07-24T23:34:56","modified_gmt":"2022-07-25T02:34:56","slug":"gremio-faz-anuncio-para-gozar-com-internacional-foto","status":"publish","type":"post","link":"https:\/\/historiadofutebol.com\/blog\/?p=10406","title":{"rendered":"Em 1959, Pinheiro da Portuguesa Carioca &#8211; Rio de Janeiro (RJ)"},"content":{"rendered":"\n<div class=\"wp-block-image\"><figure class=\"aligncenter size-large\"><img loading=\"lazy\" decoding=\"async\" width=\"500\" height=\"318\" src=\"https:\/\/historiadofutebol.com\/blog\/wp-content\/uploads\/2022\/07\/AAP-500x318.jpg\" alt=\"\" class=\"wp-image-126591\" srcset=\"https:\/\/historiadofutebol.com\/blog\/wp-content\/uploads\/2022\/07\/AAP-500x318.jpg 500w, https:\/\/historiadofutebol.com\/blog\/wp-content\/uploads\/2022\/07\/AAP-300x191.jpg 300w, https:\/\/historiadofutebol.com\/blog\/wp-content\/uploads\/2022\/07\/AAP-624x397.jpg 624w, https:\/\/historiadofutebol.com\/blog\/wp-content\/uploads\/2022\/07\/AAP.jpg 694w\" sizes=\"auto, (max-width: 500px) 100vw, 500px\" \/><\/figure><\/div>\n\n\n\n<figure class=\"wp-block-image size-large is-resized\"><img loading=\"lazy\" decoding=\"async\" src=\"https:\/\/historiadofutebol.com\/blog\/wp-content\/uploads\/2022\/07\/1959-Portuguesa-Carioca1-500x47.jpg\" alt=\"\" class=\"wp-image-126592\" width=\"655\" height=\"62\" srcset=\"https:\/\/historiadofutebol.com\/blog\/wp-content\/uploads\/2022\/07\/1959-Portuguesa-Carioca1-500x47.jpg 500w, https:\/\/historiadofutebol.com\/blog\/wp-content\/uploads\/2022\/07\/1959-Portuguesa-Carioca1-300x28.jpg 300w, https:\/\/historiadofutebol.com\/blog\/wp-content\/uploads\/2022\/07\/1959-Portuguesa-Carioca1-768x71.jpg 768w, https:\/\/historiadofutebol.com\/blog\/wp-content\/uploads\/2022\/07\/1959-Portuguesa-Carioca1-1536x143.jpg 1536w, https:\/\/historiadofutebol.com\/blog\/wp-content\/uploads\/2022\/07\/1959-Portuguesa-Carioca1-2048x191.jpg 2048w, https:\/\/historiadofutebol.com\/blog\/wp-content\/uploads\/2022\/07\/1959-Portuguesa-Carioca1-624x58.jpg 624w\" sizes=\"auto, (max-width: 655px) 100vw, 655px\" \/><\/figure>\n\n\n\n<div class=\"wp-block-image\"><figure class=\"aligncenter size-large is-resized\"><img loading=\"lazy\" decoding=\"async\" src=\"https:\/\/historiadofutebol.com\/blog\/wp-content\/uploads\/2022\/07\/1959-Portuguesa-Carioca0-223x500.jpg\" alt=\"\" class=\"wp-image-126593\" width=\"417\" height=\"935\" srcset=\"https:\/\/historiadofutebol.com\/blog\/wp-content\/uploads\/2022\/07\/1959-Portuguesa-Carioca0-223x500.jpg 223w, https:\/\/historiadofutebol.com\/blog\/wp-content\/uploads\/2022\/07\/1959-Portuguesa-Carioca0-134x300.jpg 134w, https:\/\/historiadofutebol.com\/blog\/wp-content\/uploads\/2022\/07\/1959-Portuguesa-Carioca0-768x1721.jpg 768w, https:\/\/historiadofutebol.com\/blog\/wp-content\/uploads\/2022\/07\/1959-Portuguesa-Carioca0-685x1536.jpg 685w, https:\/\/historiadofutebol.com\/blog\/wp-content\/uploads\/2022\/07\/1959-Portuguesa-Carioca0-914x2048.jpg 914w, https:\/\/historiadofutebol.com\/blog\/wp-content\/uploads\/2022\/07\/1959-Portuguesa-Carioca0-624x1399.jpg 624w, https:\/\/historiadofutebol.com\/blog\/wp-content\/uploads\/2022\/07\/1959-Portuguesa-Carioca0.jpg 928w\" sizes=\"auto, (max-width: 417px) 100vw, 417px\" \/><\/figure><\/div>\n\n\n\n<div class=\"wp-block-image\"><figure class=\"aligncenter size-large is-resized\"><img loading=\"lazy\" decoding=\"async\" src=\"https:\/\/historiadofutebol.com\/blog\/wp-content\/uploads\/2022\/07\/1959-Portuguesa-Carioca21-103x500.jpg\" alt=\"\" class=\"wp-image-126594\" width=\"381\" height=\"1851\" srcset=\"https:\/\/historiadofutebol.com\/blog\/wp-content\/uploads\/2022\/07\/1959-Portuguesa-Carioca21-103x500.jpg 103w, https:\/\/historiadofutebol.com\/blog\/wp-content\/uploads\/2022\/07\/1959-Portuguesa-Carioca21-62x300.jpg 62w\" sizes=\"auto, (max-width: 381px) 100vw, 381px\" \/><\/figure><\/div>\n\n\n\n<div class=\"wp-block-image\"><figure class=\"aligncenter size-large is-resized\"><img loading=\"lazy\" decoding=\"async\" src=\"https:\/\/historiadofutebol.com\/blog\/wp-content\/uploads\/2022\/07\/1959-Portuguesa-Carioca4-407x500.jpg\" alt=\"\" class=\"wp-image-126595\" width=\"504\" height=\"619\" srcset=\"https:\/\/historiadofutebol.com\/blog\/wp-content\/uploads\/2022\/07\/1959-Portuguesa-Carioca4-407x500.jpg 407w, https:\/\/historiadofutebol.com\/blog\/wp-content\/uploads\/2022\/07\/1959-Portuguesa-Carioca4-244x300.jpg 244w, https:\/\/historiadofutebol.com\/blog\/wp-content\/uploads\/2022\/07\/1959-Portuguesa-Carioca4-768x944.jpg 768w, https:\/\/historiadofutebol.com\/blog\/wp-content\/uploads\/2022\/07\/1959-Portuguesa-Carioca4-624x767.jpg 624w, https:\/\/historiadofutebol.com\/blog\/wp-content\/uploads\/2022\/07\/1959-Portuguesa-Carioca4.jpg 792w\" sizes=\"auto, (max-width: 504px) 100vw, 504px\" \/><\/figure><\/div>\n\n\n\n<div class=\"wp-block-image\"><figure class=\"aligncenter size-large is-resized\"><img loading=\"lazy\" decoding=\"async\" src=\"https:\/\/historiadofutebol.com\/blog\/wp-content\/uploads\/2022\/07\/1959-Portuguesa-Carioca2-500x364.jpg\" alt=\"\" class=\"wp-image-126596\" width=\"656\" height=\"477\" srcset=\"https:\/\/historiadofutebol.com\/blog\/wp-content\/uploads\/2022\/07\/1959-Portuguesa-Carioca2-500x364.jpg 500w, https:\/\/historiadofutebol.com\/blog\/wp-content\/uploads\/2022\/07\/1959-Portuguesa-Carioca2-300x218.jpg 300w, https:\/\/historiadofutebol.com\/blog\/wp-content\/uploads\/2022\/07\/1959-Portuguesa-Carioca2-768x559.jpg 768w, https:\/\/historiadofutebol.com\/blog\/wp-content\/uploads\/2022\/07\/1959-Portuguesa-Carioca2-624x454.jpg 624w, https:\/\/historiadofutebol.com\/blog\/wp-content\/uploads\/2022\/07\/1959-Portuguesa-Carioca2.jpg 1442w\" sizes=\"auto, (max-width: 656px) 100vw, 656px\" \/><\/figure><\/div>\n\n\n\n<div class=\"wp-block-image\"><figure class=\"aligncenter size-large is-resized\"><img loading=\"lazy\" decoding=\"async\" src=\"https:\/\/historiadofutebol.com\/blog\/wp-content\/uploads\/2022\/07\/1959-Portuguesa-Carioca3-323x500.jpg\" alt=\"\" class=\"wp-image-126597\" width=\"652\" height=\"1009\" srcset=\"https:\/\/historiadofutebol.com\/blog\/wp-content\/uploads\/2022\/07\/1959-Portuguesa-Carioca3-323x500.jpg 323w, https:\/\/historiadofutebol.com\/blog\/wp-content\/uploads\/2022\/07\/1959-Portuguesa-Carioca3-194x300.jpg 194w, https:\/\/historiadofutebol.com\/blog\/wp-content\/uploads\/2022\/07\/1959-Portuguesa-Carioca3-624x966.jpg 624w, https:\/\/historiadofutebol.com\/blog\/wp-content\/uploads\/2022\/07\/1959-Portuguesa-Carioca3.jpg 678w\" sizes=\"auto, (max-width: 652px) 100vw, 652px\" \/><\/figure><\/div>\n\n\n\n<p><em><strong>Observa\u00e7\u00e3o: <\/strong>Para ler a mat\u00e9ria recortada nesta postagem, basta dar um <strong>zoom <\/strong>na sua tela at\u00e9 que fique tranquilo para ler.<\/em><\/p>\n\n\n\n<p><em><strong>FONTE:<\/strong> Acervo pessoal<\/em> <em>(reportagem de 1959)<\/em><\/p>\n","protected":false},"excerpt":{"rendered":"<p>Observa\u00e7\u00e3o: Para ler a mat\u00e9ria recortada nesta postagem, basta dar um zoom na sua tela at\u00e9 que fique tranquilo para ler. FONTE: Acervo pessoal (reportagem de 1959)<\/p>\n","protected":false},"author":55,"featured_media":0,"comment_status":"open","ping_status":"closed","sticky":false,"template":"","format":"standard","meta":{"footnotes":""},"categories":[203,531,83,59,345,3,47,76],"tags":[],"class_list":["post-10406","post","type-post","status-publish","format-standard","hentry","category-sergio-mello","category-carencias","category-x9-curiosidades","category-escudos","category-fotos-historicas","category-historia-do-futebol","category-rio-de-janeiro","category-antigo-estado-do-rio"],"_links":{"self":[{"href":"https:\/\/historiadofutebol.com\/blog\/index.php?rest_route=\/wp\/v2\/posts\/10406","targetHints":{"allow":["GET"]}}],"collection":[{"href":"https:\/\/historiadofutebol.com\/blog\/index.php?rest_route=\/wp\/v2\/posts"}],"about":[{"href":"https:\/\/historiadofutebol.com\/blog\/index.php?rest_route=\/wp\/v2\/types\/post"}],"author":[{"embeddable":true,"href":"https:\/\/historiadofutebol.com\/blog\/index.php?rest_route=\/wp\/v2\/users\/55"}],"replies":[{"embeddable":true,"href":"https:\/\/historiadofutebol.com\/blog\/index.php?rest_route=%2Fwp%2Fv2%2Fcomments&post=10406"}],"version-history":[{"count":5,"href":"https:\/\/historiadofutebol.com\/blog\/index.php?rest_route=\/wp\/v2\/posts\/10406\/revisions"}],"predecessor-version":[{"id":126602,"href":"https:\/\/historiadofutebol.com\/blog\/index.php?rest_route=\/wp\/v2\/posts\/10406\/revisions\/126602"}],"wp:attachment":[{"href":"https:\/\/historiadofutebol.com\/blog\/index.php?rest_route=%2Fwp%2Fv2%2Fmedia&parent=10406"}],"wp:term":[{"taxonomy":"category","embeddable":true,"href":"https:\/\/historiadofutebol.com\/blog\/index.php?rest_route=%2Fwp%2Fv2%2Fcategories&post=10406"},{"taxonomy":"post_tag","embeddable":true,"href":"https:\/\/historiadofutebol.com\/blog\/index.php?rest_route=%2Fwp%2Fv2%2Ftags&post=10406"}],"curies":[{"name":"wp","href":"https:\/\/api.w.org\/{rel}","templated":true}]}}