{"id":103055,"date":"2017-03-19T10:10:34","date_gmt":"2017-03-19T13:10:34","guid":{"rendered":"https:\/\/historiadofutebol.com\/blog\/?p=103055"},"modified":"2017-03-19T15:08:14","modified_gmt":"2017-03-19T18:08:14","slug":"exposicao-de-colecionadores-marcilio-dias-98-anos","status":"publish","type":"post","link":"https:\/\/historiadofutebol.com\/blog\/?p=103055","title":{"rendered":"Exposi\u00e7\u00e3o de colecionadores &#8211; Marc\u00edlio Dias 98 anos"},"content":{"rendered":"<p><a href=\"https:\/\/historiadofutebol.com\/blog\/?attachment_id=103058\" rel=\"attachment wp-att-103058\"><img loading=\"lazy\" decoding=\"async\" src=\"https:\/\/historiadofutebol.com\/blog\/wp-content\/uploads\/2017\/03\/180320173-500x281.jpg\" alt=\"\" width=\"500\" height=\"281\" class=\"aligncenter size-large wp-image-103058\" srcset=\"https:\/\/historiadofutebol.com\/blog\/wp-content\/uploads\/2017\/03\/180320173-500x281.jpg 500w, https:\/\/historiadofutebol.com\/blog\/wp-content\/uploads\/2017\/03\/180320173-300x168.jpg 300w, https:\/\/historiadofutebol.com\/blog\/wp-content\/uploads\/2017\/03\/180320173.jpg 960w\" sizes=\"auto, (max-width: 500px) 100vw, 500px\" \/><\/a><\/p>\n<p>No dia 17 de mar\u00e7o de 2017, o Clube N\u00e1utico Marc\u00edlio Dias, um dos clubes mais tradicionais do futebol catarinense, completou 98 anos de exist\u00eancia. No s\u00e1bado, dia 18, a diretoria do clube promoveu um grande evento para comemorar o anivers\u00e1rio do Rubro-Anil e, dentre as atra\u00e7\u00f5es, abriu espa\u00e7o para exposi\u00e7\u00e3o dos acervos de colecionadores de artigos hist\u00f3ricos do clube.<\/p>\n<p><a href=\"https:\/\/historiadofutebol.com\/blog\/?attachment_id=103057\" rel=\"attachment wp-att-103057\"><img loading=\"lazy\" decoding=\"async\" src=\"https:\/\/historiadofutebol.com\/blog\/wp-content\/uploads\/2017\/03\/180320172-500x281.jpg\" alt=\"\" width=\"500\" height=\"281\" class=\"aligncenter size-large wp-image-103057\" srcset=\"https:\/\/historiadofutebol.com\/blog\/wp-content\/uploads\/2017\/03\/180320172-500x281.jpg 500w, https:\/\/historiadofutebol.com\/blog\/wp-content\/uploads\/2017\/03\/180320172-300x168.jpg 300w, https:\/\/historiadofutebol.com\/blog\/wp-content\/uploads\/2017\/03\/180320172.jpg 960w\" sizes=\"auto, (max-width: 500px) 100vw, 500px\" \/><\/a><\/p>\n<p>Camisas, fl\u00e2mulas, jornais, revistas, \u00e1lbuns, s\u00famulas de jogos, estatutos, carteirinhas de s\u00f3cios, exemplares do livro &#8220;Torneio Luiza Mello &#8211; Marc\u00edlio Dias Campe\u00e3o Catarinense de 1963&#8221; e outros artigos de diversas \u00e9pocas foram expostos na Sala de Trof\u00e9us, localizada nas depend\u00eancias do Est\u00e1dio Dr. Herc\u00edlio Luz, em Itaja\u00ed. Uma das preciosidades foi a carteirinha de s\u00f3cio que pertenceu a Gabriel Collares, um dos fundadores do clube, al\u00e9m de camisas de jogo da d\u00e9cada de 1980. <\/p>\n<p><a href=\"https:\/\/historiadofutebol.com\/blog\/?attachment_id=103056\" rel=\"attachment wp-att-103056\"><img loading=\"lazy\" decoding=\"async\" src=\"https:\/\/historiadofutebol.com\/blog\/wp-content\/uploads\/2017\/03\/180320171-500x281.jpg\" alt=\"\" width=\"500\" height=\"281\" class=\"aligncenter size-large wp-image-103056\" srcset=\"https:\/\/historiadofutebol.com\/blog\/wp-content\/uploads\/2017\/03\/180320171-500x281.jpg 500w, https:\/\/historiadofutebol.com\/blog\/wp-content\/uploads\/2017\/03\/180320171-300x168.jpg 300w, https:\/\/historiadofutebol.com\/blog\/wp-content\/uploads\/2017\/03\/180320171.jpg 960w\" sizes=\"auto, (max-width: 500px) 100vw, 500px\" \/><\/a><\/p>\n<p>Participaram da exposi\u00e7\u00e3o os colecionadores de camisas Marcelo Sagaz Bai\u00e3o, Felipe Leonardo Vieira e Giuliano Nazari, e os pesquisadores Fernando Al\u00e9cio e Gustavo Melim. Durante a programa\u00e7\u00e3o de anivers\u00e1rio do Marc\u00edlio Dias, tamb\u00e9m foi realizada a primeira edi\u00e7\u00e3o do Semin\u00e1rio de Hist\u00f3ria do Futebol Itajaiense, iniciativa do Grupo Mem\u00f3ria do Futebol Catarinense, que abordou temas relacionados \u00e0 hist\u00f3ria do quase centen\u00e1rio &#8220;Marinheiro&#8221;. <\/p>\n<p><a href=\"https:\/\/historiadofutebol.com\/blog\/?attachment_id=103078\" rel=\"attachment wp-att-103078\"><img loading=\"lazy\" decoding=\"async\" src=\"https:\/\/historiadofutebol.com\/blog\/wp-content\/uploads\/2017\/03\/180320174-500x300.jpg\" alt=\"\" width=\"500\" height=\"300\" class=\"aligncenter size-large wp-image-103078\" srcset=\"https:\/\/historiadofutebol.com\/blog\/wp-content\/uploads\/2017\/03\/180320174-500x300.jpg 500w, https:\/\/historiadofutebol.com\/blog\/wp-content\/uploads\/2017\/03\/180320174-300x180.jpg 300w, https:\/\/historiadofutebol.com\/blog\/wp-content\/uploads\/2017\/03\/180320174.jpg 1440w\" sizes=\"auto, (max-width: 500px) 100vw, 500px\" \/><\/a><\/p>\n","protected":false},"excerpt":{"rendered":"<p>No dia 17 de mar\u00e7o de 2017, o Clube N\u00e1utico Marc\u00edlio Dias, um dos clubes mais tradicionais do futebol catarinense, completou 98 anos de exist\u00eancia. No s\u00e1bado, dia 18, a diretoria do clube promoveu um grande evento para comemorar o anivers\u00e1rio do Rubro-Anil e, dentre as atra\u00e7\u00f5es, abriu espa\u00e7o para exposi\u00e7\u00e3o dos acervos de colecionadores [&hellip;]<\/p>\n","protected":false},"author":63,"featured_media":0,"comment_status":"open","ping_status":"closed","sticky":false,"template":"","format":"standard","meta":{"footnotes":""},"categories":[644,83,3,50],"tags":[642,643,802],"class_list":["post-103055","post","type-post","status-publish","format-standard","hentry","category-fernando-alecio","category-x9-curiosidades","category-historia-do-futebol","category-santa-catarina","tag-itajai","tag-marcilio-dias","tag-santa-catarina-2"],"_links":{"self":[{"href":"https:\/\/historiadofutebol.com\/blog\/index.php?rest_route=\/wp\/v2\/posts\/103055","targetHints":{"allow":["GET"]}}],"collection":[{"href":"https:\/\/historiadofutebol.com\/blog\/index.php?rest_route=\/wp\/v2\/posts"}],"about":[{"href":"https:\/\/historiadofutebol.com\/blog\/index.php?rest_route=\/wp\/v2\/types\/post"}],"author":[{"embeddable":true,"href":"https:\/\/historiadofutebol.com\/blog\/index.php?rest_route=\/wp\/v2\/users\/63"}],"replies":[{"embeddable":true,"href":"https:\/\/historiadofutebol.com\/blog\/index.php?rest_route=%2Fwp%2Fv2%2Fcomments&post=103055"}],"version-history":[{"count":10,"href":"https:\/\/historiadofutebol.com\/blog\/index.php?rest_route=\/wp\/v2\/posts\/103055\/revisions"}],"predecessor-version":[{"id":103080,"href":"https:\/\/historiadofutebol.com\/blog\/index.php?rest_route=\/wp\/v2\/posts\/103055\/revisions\/103080"}],"wp:attachment":[{"href":"https:\/\/historiadofutebol.com\/blog\/index.php?rest_route=%2Fwp%2Fv2%2Fmedia&parent=103055"}],"wp:term":[{"taxonomy":"category","embeddable":true,"href":"https:\/\/historiadofutebol.com\/blog\/index.php?rest_route=%2Fwp%2Fv2%2Fcategories&post=103055"},{"taxonomy":"post_tag","embeddable":true,"href":"https:\/\/historiadofutebol.com\/blog\/index.php?rest_route=%2Fwp%2Fv2%2Ftags&post=103055"}],"curies":[{"name":"wp","href":"https:\/\/api.w.org\/{rel}","templated":true}]}}